{"id":54779,"date":"2023-01-31T08:49:00","date_gmt":"2023-01-31T08:49:00","guid":{"rendered":"https:\/\/fm-comunicar.com.ar\/contenido\/19986\/el-jueves-2-sera-jornada-no-laborable-en-colonia-caroya"},"modified":"2023-01-31T08:49:00","modified_gmt":"2023-01-31T08:49:00","slug":"el-jueves-2-sera-jornada-no-laborable-en-colonia-caroya","status":"publish","type":"post","link":"http:\/\/hoycordobaweb.com\/index.php\/2023\/01\/31\/el-jueves-2-sera-jornada-no-laborable-en-colonia-caroya\/","title":{"rendered":"El jueves 2 ser\u00e1 jornada no laborable en Colonia Caroya"},"content":{"rendered":"<p>El Decreto firmado por el Intendente alcanza solo la administraci\u00f3n municipal y entidades bancarias. Ese d\u00eda se cumplen 136 a\u00f1os de la promesa de los colones a la Virgen del Moserrat, patrona de la ciudad.<img src=\"http:\/\/hoycordobaweb.com\/wp-content\/uploads\/2023\/02\/el-jueves-2-sera-jornada-no-laborable-en-colonia-caroya.jpg\"><\/p>\n","protected":false},"excerpt":{"rendered":"<p>El Decreto firmado por el Intendente alcanza solo la administraci\u00f3n municipal y entidades bancarias. Ese d\u00eda se cumplen 136 a\u00f1os de la promesa de los colones a la Virgen del Moserrat, patrona de la ciudad.<\/p>\n","protected":false},"author":1,"featured_media":54780,"comment_status":"closed","ping_status":"closed","sticky":false,"template":"","format":"standard","meta":[],"categories":[18],"tags":[],"_links":{"self":[{"href":"http:\/\/hoycordobaweb.com\/index.php\/wp-json\/wp\/v2\/posts\/54779"}],"collection":[{"href":"http:\/\/hoycordobaweb.com\/index.php\/wp-json\/wp\/v2\/posts"}],"about":[{"href":"http:\/\/hoycordobaweb.com\/index.php\/wp-json\/wp\/v2\/types\/post"}],"author":[{"embeddable":true,"href":"http:\/\/hoycordobaweb.com\/index.php\/wp-json\/wp\/v2\/users\/1"}],"replies":[{"embeddable":true,"href":"http:\/\/hoycordobaweb.com\/index.php\/wp-json\/wp\/v2\/comments?post=54779"}],"version-history":[{"count":0,"href":"http:\/\/hoycordobaweb.com\/index.php\/wp-json\/wp\/v2\/posts\/54779\/revisions"}],"wp:featuredmedia":[{"embeddable":true,"href":"http:\/\/hoycordobaweb.com\/index.php\/wp-json\/wp\/v2\/media\/54780"}],"wp:attachment":[{"href":"http:\/\/hoycordobaweb.com\/index.php\/wp-json\/wp\/v2\/media?parent=54779"}],"wp:term":[{"taxonomy":"category","embeddable":true,"href":"http:\/\/hoycordobaweb.com\/index.php\/wp-json\/wp\/v2\/categories?post=54779"},{"taxonomy":"post_tag","embeddable":true,"href":"http:\/\/hoycordobaweb.com\/index.php\/wp-json\/wp\/v2\/tags?post=54779"}],"curies":[{"name":"wp","href":"https:\/\/api.w.org\/{rel}","templated":true}]}}