{"id":54760,"date":"2023-01-31T12:50:58","date_gmt":"2023-01-31T12:50:58","guid":{"rendered":"https:\/\/www.trendencias.com\/belleza\/clara-chia-estrena-flequillo-antiedad-super-estilazo-que-tendencia-2023"},"modified":"2023-01-31T12:50:58","modified_gmt":"2023-01-31T12:50:58","slug":"clara-chia-estrena-el-flequillo-antiedad-y-con-super-estilazo-que-es-tendencia-en-el-2023","status":"publish","type":"post","link":"http:\/\/hoycordobaweb.com\/index.php\/2023\/01\/31\/clara-chia-estrena-el-flequillo-antiedad-y-con-super-estilazo-que-es-tendencia-en-el-2023\/","title":{"rendered":"Clara Ch\u00eda estrena el flequillo antiedad y con s\u00faper estilazo que es tendencia en el 2023"},"content":{"rendered":"<p>No son muchas las im\u00e1genes que tenemos de <a href=\"https:\/\/www.trendencias.com\/tag\/clara-chia\">Clara Ch\u00eda<\/a> pero las suficientes para darnos cuenta de que <strong>su cabello poco a poco ha ido cambiando y mejorando <\/strong>a lo largo de los meses. Ahora, su melena luce con un aspecto m\u00e1s cuidado y bonito, <strong>y a esto le sumamos su nuevo corte de pelo<\/strong>.<\/p>\n<p><!-- BREAK 1 --><\/p>\n<div class=\"article-asset article-asset-normal article-asset-center\">\n<div class=\"desvio-container\">\n<div class=\"desvio\">\n<div class=\"desvio-figure js-desvio-figure\"> <a href=\"https:\/\/www.trendencias.com\/belleza\/edurne-se-hace-corte-pelo-antiedad-buscado-2023-demuestra-que-funciona\"> <img alt=\"Edurne se hace el corte de pelo antiedad m\u00e1s buscado de 2023 y demuestra que funciona\" src=\"http:\/\/hoycordobaweb.com\/wp-content\/uploads\/2023\/01\/clara-chia-estrena-el-flequillo-antiedad-y-con-super-estilazo-que-es-tendencia-en-el-2023.jpg\"> <\/a> <\/div><\/div><\/div>\n<\/div>\n<p>Bien es cierto, que no estamos hablando de un cambio dr\u00e1stico, ya que sigue manteniendo el mismo largo de su melena, pero s\u00ed que hay ciertos cambios que apreciamos, y que sin duda con ellos <strong>ha logrado que su melena se vea diferente<\/strong>, con mucho m\u00e1s estilo.<\/p>\n<p><!-- BREAK 2 --> <\/p>\n<div class=\"video-boost-container article-asset-normal\"> <span class=\"video-boost-title\">Un look de viernes de Tamara Falc\u00f3<\/span>\n<\/div>\n<p>La melena de Clara se caracteriza por ser larga, <strong>con mucho volumen y una onda natural muy chula<\/strong>. Pero lo cierto, es que su melena hasta ahora no luc\u00eda con demasiada forma, y en muchas ocasiones hemos visto c\u00f3mo el encrespamiento se apoderaba de su cabello. Por eso, en una de sus \u00faltimas publicaciones de Instagram junto a <a href=\"https:\/\/www.trendencias.com\/tag\/gerard-pique\">Gerard Piqu\u00e9<\/a>, hemos podido ver su nuevo estilo capilar, y el cambio nos parece todo un acierto.<\/p>\n<p><!-- BREAK 3 --> <\/p>\n<p>Por un lado, lo primero que apreciamos es que <strong>su melena ahora est\u00e1 marcada con capas largas<\/strong> y un <a href=\"https:\/\/www.trendencias.com\/belleza\/como-llevar-flequillo-cortina-13-ideas-consejos-para-cortarlo-peinarlo\" rel=\"noopener noreferrer\" data-id=\"noopener noreferrer\">flequillo cortina<\/a> que se encuentra entre <a href=\"https:\/\/www.trendencias.com\/belleza\/como-llevar-flequillo-cortina-13-ideas-consejos-para-cortarlo-peinarlo\" rel=\"noopener noreferrer\" data-id=\"noopener noreferrer\">los flequillos m\u00e1s top del momento<\/a>. Adem\u00e1s, estamos hablando del flequillo m\u00e1s vers\u00e1til y por el que m\u00e1s apuestan las francesas a la hora de elegir un flequillo <em>chic<\/em>. En el caso de Clara, ella <strong>lo luce abierto y a a la altura de los p\u00f3mulos<\/strong> llevado hacia los laterales. Una opci\u00f3n muy favorecedora que tambi\u00e9n se conoce como <em>butterfly cut<\/em>, <a href=\"https:\/\/www.trendencias.com\/belleza\/jennifer-lopez-luce-corte-pelo-mariposa-que-van-a-desear-melenas-largas-2023\" rel=\"noopener noreferrer\" data-id=\"noopener noreferrer\">el \u00faltimo corte de pelo de Jennifer Lopez<\/a>.<\/p>\n<p><!-- BREAK 4 --><\/p>\n<p><strong>\u00bfA qui\u00e9n favorece este flequillo?<\/strong> Pues en este punto tenemos que decir que <strong>sienta bien a todos los tipos de rostros<\/strong>, y potencia los rasgos gracias a que enmarca las facciones. Por eso mismo, cualquier edad es buena para lucirlo y si se busca un resultado antiedad, este es el mejor flequillo.<\/p>\n<p><!-- BREAK 5 --><\/p>\n<p>Otro aspecto que ha mejorado el cabello de Ch\u00eda, es el control del <em>frizz. <\/em>Seguramente <a href=\"https:\/\/www.trendencias.com\/belleza\/como-hidratar-pelo-se-vea-brillante-sedoso-di-adios-al-encrespamiento-frizz\">un buen tratamiento de hidrataci\u00f3n<\/a> y <strong>aliarse con las planchas<\/strong> hayan ayudado a que su &nbsp;pelo tenga ahora ese acabado m\u00e1s sofisticado y cuidado.<\/p>\n<p><!-- BREAK 6 --><\/p>\n<p>Fotos | Gtres, <a href=\"http:\/\/images.gtresnews.com\/es\/asset\/id\/8273439\/u522132\/fromSearch\/1\/initiatorAction\/fullTextSearch\/mosaicCount\/5\/thumbIndex\/0\">Gen<\/a>, <a href=\"https:\/\/www.instagram.com\/clara_chiaofficial\/#\">@clara_chiaofficial<\/a><\/p>\n<p><!-- BREAK 7 --><\/p>\n<p>En Trendencias | <a href=\"https:\/\/www.trendencias.com\/belleza\/estas-tendencias-mechas-que-veremos-2023-expertos\" rel=\"noopener noreferrer\" data-id=\"noopener noreferrer\">Estas son las tendencias en mechas que m\u00e1s veremos en 2023 seg\u00fan los expertos<\/a><\/p>\n<p><!-- BREAK 8 --><\/p>\n<p>En Trendencias | <a href=\"https:\/\/www.trendencias.com\/belleza\/rubio-ceniza-que-tonos-usar-para-conseguirlo-consejos-recomendaciones\">Rubio ceniza: qu\u00e9 tonos usar para conseguirlo, consejos y recomendaciones<\/a><\/p>\n<p><!-- BREAK 9 --> <\/p>\n","protected":false},"excerpt":{"rendered":"<p>No son muchas las im\u00e1genes que tenemos de Clara Ch\u00eda pero las suficientes para darnos cuenta de que su cabello poco a poco ha ido cambiando y mejorando a lo largo de los meses. Ahora, su melena luce con un aspecto m\u00e1s cuidado y bonito, y a esto le sumamos su nuevo corte de pelo. [&hellip;]<\/p>\n","protected":false},"author":1,"featured_media":54761,"comment_status":"closed","ping_status":"closed","sticky":false,"template":"","format":"standard","meta":[],"categories":[1],"tags":[],"_links":{"self":[{"href":"http:\/\/hoycordobaweb.com\/index.php\/wp-json\/wp\/v2\/posts\/54760"}],"collection":[{"href":"http:\/\/hoycordobaweb.com\/index.php\/wp-json\/wp\/v2\/posts"}],"about":[{"href":"http:\/\/hoycordobaweb.com\/index.php\/wp-json\/wp\/v2\/types\/post"}],"author":[{"embeddable":true,"href":"http:\/\/hoycordobaweb.com\/index.php\/wp-json\/wp\/v2\/users\/1"}],"replies":[{"embeddable":true,"href":"http:\/\/hoycordobaweb.com\/index.php\/wp-json\/wp\/v2\/comments?post=54760"}],"version-history":[{"count":0,"href":"http:\/\/hoycordobaweb.com\/index.php\/wp-json\/wp\/v2\/posts\/54760\/revisions"}],"wp:featuredmedia":[{"embeddable":true,"href":"http:\/\/hoycordobaweb.com\/index.php\/wp-json\/wp\/v2\/media\/54761"}],"wp:attachment":[{"href":"http:\/\/hoycordobaweb.com\/index.php\/wp-json\/wp\/v2\/media?parent=54760"}],"wp:term":[{"taxonomy":"category","embeddable":true,"href":"http:\/\/hoycordobaweb.com\/index.php\/wp-json\/wp\/v2\/categories?post=54760"},{"taxonomy":"post_tag","embeddable":true,"href":"http:\/\/hoycordobaweb.com\/index.php\/wp-json\/wp\/v2\/tags?post=54760"}],"curies":[{"name":"wp","href":"https:\/\/api.w.org\/{rel}","templated":true}]}}