{"id":54727,"date":"2023-01-30T14:23:00","date_gmt":"2023-01-30T14:23:00","guid":{"rendered":"http:\/\/hoycordobaweb.com\/index.php\/2023\/01\/30\/argentina-tiene-uno-de-los-niveles-de-desempleo-mas-bajos-de-la-decada\/"},"modified":"2023-01-30T14:23:00","modified_gmt":"2023-01-30T14:23:00","slug":"argentina-tiene-uno-de-los-niveles-de-desempleo-mas-bajos-de-la-decada","status":"publish","type":"post","link":"http:\/\/hoycordobaweb.com\/index.php\/2023\/01\/30\/argentina-tiene-uno-de-los-niveles-de-desempleo-mas-bajos-de-la-decada\/","title":{"rendered":"\u00abArgentina tiene uno de los niveles de desempleo m\u00e1s bajos de la d\u00e9cada\u00bb"},"content":{"rendered":"<p><img src=\"http:\/\/hoycordobaweb.com\/wp-content\/uploads\/2023\/01\/argentina-tiene-uno-de-los-niveles-de-desempleo-mas-bajos-de-la-decada.jpg\"><\/p>\n<figure class=\"mb-3\"><img loading=\"lazy\" src=\"http:\/\/hoycordobaweb.com\/wp-content\/uploads\/2023\/01\/argentina-tiene-uno-de-los-niveles-de-desempleo-mas-bajos-de-la-decada-2.jpg\" width=\"100%\" height=\"100%\" alt=\"Foto Prensa\"><figcaption> Foto: Prensa <\/figcaption><\/figure>\n<p> El secretario de Industria, Jos\u00e9 De Mendiguren, afirm\u00f3 este lunes que <strong>\u201cArgentina tiene uno de los niveles de desempleo m\u00e1s bajo de los \u00faltimos nueve a\u00f1os\u201d,<\/strong> y destac\u00f3 el crecimiento econ\u00f3mico sostenido de los \u00faltimos tres.<\/p>\n<p>\u201cArgentina hoy tiene uno de los niveles de desempleo m\u00e1s bajo de los \u00faltimos nueve a\u00f1os, no llega al 7%\u00bb, precis\u00f3 De Mendiguren a FM La Patriada, y sostuvo que \u201cpor supuesto que hay inconvenientes, que tienen que ver con los d\u00f3lares y los insumos, pero venimos creciendo\u201d.<\/p>\n<p>En el caso de la <strong>industria<\/strong> en particular precis\u00f3 que considerando \u201cla pre pandemia, <strong>viene creciendo un 12% <\/strong>en general\u201d.<\/p>\n<p>\u201c<strong>Durante los 4 a\u00f1os del gobierno anterior se les cay\u00f3 la econom\u00eda sin guerra y sin pandemia. Nosotros vamos a terminar la gesti\u00f3n con tres a\u00f1os consecutivos de crecimiento econ\u00f3mico\u201d<\/strong>, subray\u00f3 el funcionario.<\/p>\n<p>De Mendiguren se refiri\u00f3 tambi\u00e9n a la inflaci\u00f3n y reconoci\u00f3 que \u201cal que trabaja no le alcanza la plata, <strong>es muy dif\u00edcil mantener el poder adquisitivo con este nivel de inflaci\u00f3n\u00bb.<\/strong><\/p>\n<p>En esa l\u00ednea, destac\u00f3 que \u201ccuando asumimos atacamos fuerte este tema y terminamos con un 80% de inflaci\u00f3n cuando proyectaban un 140%\u201d, y afirm\u00f3 que \u201csigue siendo mucho, pero planeamos seguir en ese sendero\u201d.<\/p>\n<figure class=\"mb-3\"><img loading=\"lazy\" src=\"http:\/\/hoycordobaweb.com\/wp-content\/uploads\/2023\/01\/argentina-tiene-uno-de-los-niveles-de-desempleo-mas-bajos-de-la-decada-3.jpg\" width=\"100%\" height=\"100%\" alt=\"Telam SE\"><figcaption><\/figcaption><\/figure>\n<p>Tambi\u00e9n analiz\u00f3 los acuerdos de precios y subray\u00f3 que abarcan<strong> \u201ctanto precios como abastecimiento con las grandes empresas\u201d.<\/strong><\/p>\n<p>Adem\u00e1s, puntualiz\u00f3 que \u201cen varios casos se est\u00e1 fallando\u201d, pero remarc\u00f3 que \u201cse est\u00e1n poniendo multas importantes, y se requiere colaboraci\u00f3n\u00bb.<\/p>\n<p>Asimismo, llam\u00f3 a las empresas que tuvieron \u201cuna ayuda enorme del sector p\u00fablico\u201d durante la pandemia, a que \u201ceso se tiene que devolver\u201d.<\/p>\n<p>Por otro lado, en relaci\u00f3n a <strong>Brasil<\/strong>, dijo que ambos pa\u00edses \u201ctienen en abundancia los recursos que el mundo necesita\u00bb, por lo que es preciso \u201ctrabajar en conjunto y complementarnos, poder comercializar entre nosotros\u201d.<\/p>\n<p>\u201cNo utilizar los d\u00f3lares que nos son escasos es importante para nuestras reservas\u201d, subray\u00f3 el secretario, quien sostuvo que \u201cel pa\u00eds est\u00e1 en un escenario cercano a una mejora econ\u00f3mica grande\u201d. <\/p>\n","protected":false},"excerpt":{"rendered":"<p>Foto: Prensa El secretario de Industria, Jos\u00e9 De Mendiguren, afirm\u00f3 este lunes que \u201cArgentina tiene uno de los niveles de desempleo m\u00e1s bajo de los \u00faltimos nueve a\u00f1os\u201d, y destac\u00f3 el crecimiento econ\u00f3mico sostenido de los \u00faltimos tres. \u201cArgentina hoy tiene uno de los niveles de desempleo m\u00e1s bajo de los \u00faltimos nueve a\u00f1os, no [&hellip;]<\/p>\n","protected":false},"author":1,"featured_media":54728,"comment_status":"open","ping_status":"closed","sticky":false,"template":"","format":"standard","meta":[],"categories":[19],"tags":[],"_links":{"self":[{"href":"http:\/\/hoycordobaweb.com\/index.php\/wp-json\/wp\/v2\/posts\/54727"}],"collection":[{"href":"http:\/\/hoycordobaweb.com\/index.php\/wp-json\/wp\/v2\/posts"}],"about":[{"href":"http:\/\/hoycordobaweb.com\/index.php\/wp-json\/wp\/v2\/types\/post"}],"author":[{"embeddable":true,"href":"http:\/\/hoycordobaweb.com\/index.php\/wp-json\/wp\/v2\/users\/1"}],"replies":[{"embeddable":true,"href":"http:\/\/hoycordobaweb.com\/index.php\/wp-json\/wp\/v2\/comments?post=54727"}],"version-history":[{"count":0,"href":"http:\/\/hoycordobaweb.com\/index.php\/wp-json\/wp\/v2\/posts\/54727\/revisions"}],"wp:featuredmedia":[{"embeddable":true,"href":"http:\/\/hoycordobaweb.com\/index.php\/wp-json\/wp\/v2\/media\/54728"}],"wp:attachment":[{"href":"http:\/\/hoycordobaweb.com\/index.php\/wp-json\/wp\/v2\/media?parent=54727"}],"wp:term":[{"taxonomy":"category","embeddable":true,"href":"http:\/\/hoycordobaweb.com\/index.php\/wp-json\/wp\/v2\/categories?post=54727"},{"taxonomy":"post_tag","embeddable":true,"href":"http:\/\/hoycordobaweb.com\/index.php\/wp-json\/wp\/v2\/tags?post=54727"}],"curies":[{"name":"wp","href":"https:\/\/api.w.org\/{rel}","templated":true}]}}