{"id":54686,"date":"2023-01-29T14:28:00","date_gmt":"2023-01-29T14:28:00","guid":{"rendered":"http:\/\/hoycordobaweb.com\/index.php\/2023\/01\/29\/maximo-kirchner-critico-el-acuerdo-con-el-fmi-y-pidio-una-mesa-politica-en-el-fdt\/"},"modified":"2023-01-29T14:28:00","modified_gmt":"2023-01-29T14:28:00","slug":"maximo-kirchner-critico-el-acuerdo-con-el-fmi-y-pidio-una-mesa-politica-en-el-fdt","status":"publish","type":"post","link":"http:\/\/hoycordobaweb.com\/index.php\/2023\/01\/29\/maximo-kirchner-critico-el-acuerdo-con-el-fmi-y-pidio-una-mesa-politica-en-el-fdt\/","title":{"rendered":"M\u00e1ximo Kirchner critic\u00f3 el acuerdo con el FMI y pidi\u00f3 una mesa pol\u00edtica en el FdT"},"content":{"rendered":"<p><img src=\"http:\/\/hoycordobaweb.com\/wp-content\/uploads\/2023\/01\/maximo-kirchner-critico-el-acuerdo-con-el-fmi-y-pidio-una-mesa-politica-en-el-fdt.jpg\"><\/p>\n<figure class=\"mb-3\"><img loading=\"lazy\" src=\"http:\/\/hoycordobaweb.com\/wp-content\/uploads\/2023\/01\/maximo-kirchner-critico-el-acuerdo-con-el-fmi-y-pidio-una-mesa-politica-en-el-fdt-2.jpg\" width=\"100%\" height=\"100%\" alt=\"Mximo Kirchner Foto Prensa Frente de Todos\"><figcaption> M\u00e1ximo Kirchner. \/ Foto: Prensa Frente de Todos <\/figcaption><\/figure>\n<p>El diputado M\u00e1ximo Kirchner cuestion\u00f3 los pagos que se avecinan al Fondo Monetario Internacional (FMI) y pidi\u00f3 el armado de una \u00abmesa pol\u00edtica\u00bb en el Frente de Todos (FdT).<\/p>\n<p>En una entrevista con \u00abEl cohete a la Luna\u00bb, el presidente del Partido Justicialista (PJ) de la provincia de Buenos Aires volvi\u00f3 a criticar la gesti\u00f3n del exministro de Econom\u00eda Mart\u00edn Guzm\u00e1n.<\/p>\n<p>\u00abSe nos van a venir encima el 2024, el 2025, el 2026 y la exigencia de todos esos vencimientos, mientras deber\u00edamos estar preparando a nuestros pibes y pibas para el uso de herramientas tecnol\u00f3gicas en un mundo que va a generar cada vez menos trabajo tradicional\u00bb, sostuvo sobre los pagos al FMI, al elogiar adem\u00e1s el plan Conectar Igualdad que propone \u00abfamiliarizar a los pibes en el uso de la tecnolog\u00eda y en el despliegue de su creatividad\u00bb.<\/p>\n<p>En ese sentido, apunt\u00f3 que \u00abpara que eso ocurra, nuestros pibes tienen que estar bien alimentados. \u00bfPueden estar bien alimentados con estas pol\u00edticas del Fondo?\u00bb, se pregunt\u00f3 entonces.<\/p>\n<blockquote class><p>Nuestros pibes tienen que estar bien alimentados. \u00bfPueden estar bien alimentados con estas pol\u00edticas del Fondo?<cite class=\"author\">M\u00e1ximo Kirchner<\/cite><\/p><\/blockquote>\n<p>En varios tramos de la extensa entrevista<strong> volvi\u00f3 a criticar al organismo de cr\u00e9dito internacional y al Gobierno del expresidente <a href=\"https:\/\/www.telam.com.ar\/notas\/202210\/609344-maximo-kirchner-mauricio-macri-deuda.html\" target=\"_blank\" rel=\"noopener noreferrer\">Mauricio Macri <\/a>por haber contra\u00eddo el cr\u00e9dito con ellos<\/strong>.<\/p>\n<p>\u00abImaginate si Larreta, Massa, De Pedro, Fern\u00e1ndez, Cristina, Manes y hasta la izquierda se presentasen ante el FMI y le dijesen: &#8216;As\u00ed no podemos&#8217;. Imaginate si al FMI no le quedase otra que entender que no hay una quinta columna en el pa\u00eds que busca sacar tajada pol\u00edtica del da\u00f1o que provoca el endeudamiento, que no cuenta con una estructura pol\u00edtica que aproveche el castigo que ocasiona a un gobierno democr\u00e1tico la sumisi\u00f3n a sus pol\u00edticas\u00bb, plante\u00f3 el diputado.<\/p>\n<p><strong>\u00abEsta situaci\u00f3n requiere que la dirigencia se plante no con una actitud patriotera, sino de responsabilidad e inteligencia, porque hay 50 millones de personas que demandan soluciones reales, concretas y r\u00e1pidas\u00bb<\/strong>, advirti\u00f3.<\/p>\n<p>Al reclamo de consensos nacionales sum\u00f3 lo mismo, pero puertas adentro del FdT. \u00ab<strong>Todav\u00eda tenemos oportunidad para debatir e ir adelante, hemos reclamado la apertura de una mesa pol\u00edtica, lo ha hecho Sergio Massa pero nunca pasa<\/strong>, nunca ocurre. Estamos a febrero de un a\u00f1o electoral y tenemos que explicarle a la sociedad qu\u00e9 es lo que sigue, porque esta ruta de vencimientos es impagable\u00bb, sentenci\u00f3.<\/p>\n<blockquote class><p>Estamos a febrero de un a\u00f1o electoral y tenemos que explicarle a la sociedad qu\u00e9 es lo que sigue, porque esta ruta de vencimientos es impagable<cite class=\"author\">M\u00e1ximo Kirchner<\/cite><\/p><\/blockquote>\n<h2 class>Por qu\u00e9 renunci\u00f3 a presidir el bloque de diputados del FdT<\/h2>\n<p>En otro tramo de la entrevista cont\u00f3 la trastienda de su decisi\u00f3n de dejar la presidencia del bloque oficialista en Diputados, en desacuerdo con el arreglo sellado con el FMI y record\u00f3 que en ese momento dijo: \u00abHasta ac\u00e1 llegu\u00e9\u00bb.<\/p>\n<p>\u00ab<strong>Deber\u00edamos haber seguido negociando, ser m\u00e1s duros. Guzm\u00e1n dijo todo el tiempo que iba a conseguir la eliminaci\u00f3n del sobrecargo de las tasas, pero fue pura sarasa<\/strong>. Y eso que Cristina siempre lo banc\u00f3, por eso veo muy mal que la haya criticado\u00bb, expres\u00f3 sobre el exfuncionario.<\/p>\n<p>M\u00e1s adelante remarc\u00f3 que \u00abno somos un pa\u00eds cualquiera, tenemos industria satelital, industria automotriz, industria nuclear, <strong>podemos darle valor agregado al litio que necesitar\u00e1n los veh\u00edculos h\u00edbridos<\/strong>\u00bb y marc\u00f3 las posibilidades a futuro del pa\u00eds.<\/p>\n<p>Tambi\u00e9n opin\u00f3 que \u00abse percibe el agotamiento de un sistema que se concentra cada vez m\u00e1s, en materia de ingresos\u00bb, y se lament\u00f3 porque en el mundo \u00abhay un nivel de sobre-explotaci\u00f3n del hombre por el hombre\u00bb y \u00abprima lo financiero sobre lo productivo\u00bb.<\/p>\n<p>Adem\u00e1s habl\u00f3 de los medios \u00aben manos del sector privado\u00bb, donde \u00abla comunicaci\u00f3n est\u00e1 restringida, dirigida, domesticada\u00bb y consider\u00f3 que \u00abeso cambia la conversaci\u00f3n p\u00fablica\u00bb.<\/p>\n<p>Finalmente hizo un paralelo con la selecci\u00f3n nacional. \u00abYo creo que los pibes que vienen pinchados, mucho baj\u00f3n, mucha ansiedad, mucha depresi\u00f3n, ausencia de futuro en t\u00e9rminos generales son capaces de leer el ejemplo de la Selecci\u00f3n como una se\u00f1al de que el conjunto puede primar sobre la vanidad y sobre las individualidades\u00bb, indic\u00f3. <\/p>\n","protected":false},"excerpt":{"rendered":"<p>M\u00e1ximo Kirchner. \/ Foto: Prensa Frente de Todos El diputado M\u00e1ximo Kirchner cuestion\u00f3 los pagos que se avecinan al Fondo Monetario Internacional (FMI) y pidi\u00f3 el armado de una \u00abmesa pol\u00edtica\u00bb en el Frente de Todos (FdT). En una entrevista con \u00abEl cohete a la Luna\u00bb, el presidente del Partido Justicialista (PJ) de la provincia [&hellip;]<\/p>\n","protected":false},"author":1,"featured_media":54687,"comment_status":"open","ping_status":"closed","sticky":false,"template":"","format":"standard","meta":[],"categories":[19],"tags":[],"_links":{"self":[{"href":"http:\/\/hoycordobaweb.com\/index.php\/wp-json\/wp\/v2\/posts\/54686"}],"collection":[{"href":"http:\/\/hoycordobaweb.com\/index.php\/wp-json\/wp\/v2\/posts"}],"about":[{"href":"http:\/\/hoycordobaweb.com\/index.php\/wp-json\/wp\/v2\/types\/post"}],"author":[{"embeddable":true,"href":"http:\/\/hoycordobaweb.com\/index.php\/wp-json\/wp\/v2\/users\/1"}],"replies":[{"embeddable":true,"href":"http:\/\/hoycordobaweb.com\/index.php\/wp-json\/wp\/v2\/comments?post=54686"}],"version-history":[{"count":0,"href":"http:\/\/hoycordobaweb.com\/index.php\/wp-json\/wp\/v2\/posts\/54686\/revisions"}],"wp:featuredmedia":[{"embeddable":true,"href":"http:\/\/hoycordobaweb.com\/index.php\/wp-json\/wp\/v2\/media\/54687"}],"wp:attachment":[{"href":"http:\/\/hoycordobaweb.com\/index.php\/wp-json\/wp\/v2\/media?parent=54686"}],"wp:term":[{"taxonomy":"category","embeddable":true,"href":"http:\/\/hoycordobaweb.com\/index.php\/wp-json\/wp\/v2\/categories?post=54686"},{"taxonomy":"post_tag","embeddable":true,"href":"http:\/\/hoycordobaweb.com\/index.php\/wp-json\/wp\/v2\/tags?post=54686"}],"curies":[{"name":"wp","href":"https:\/\/api.w.org\/{rel}","templated":true}]}}