{"id":54667,"date":"2023-01-29T05:00:34","date_gmt":"2023-01-29T05:00:34","guid":{"rendered":"http:\/\/hoycordobaweb.com\/index.php\/2023\/01\/29\/canciller-aleman-llega-a-argentina-en-gira-sudamericana-the-san-diego-union-tribune\/"},"modified":"2023-01-29T05:00:34","modified_gmt":"2023-01-29T05:00:34","slug":"canciller-aleman-llega-a-argentina-en-gira-sudamericana-the-san-diego-union-tribune","status":"publish","type":"post","link":"http:\/\/hoycordobaweb.com\/index.php\/2023\/01\/29\/canciller-aleman-llega-a-argentina-en-gira-sudamericana-the-san-diego-union-tribune\/","title":{"rendered":"Canciller alem\u00e1n llega a <b>Argentina<\/b> en gira sudamericana &#8211; The San Diego Union-Tribune"},"content":{"rendered":"<p>El canciller alem\u00e1n Olaf Scholz, izquierda, y el presidente <b>argentino<\/b> &#8230; su alegr\u00eda de estar en el pa\u00eds de los campeones mundiales de <b>f\u00fatbol<\/b>. <\/p>\n","protected":false},"excerpt":{"rendered":"<p>El canciller alem\u00e1n Olaf Scholz, izquierda, y el presidente argentino &#8230; su alegr\u00eda de estar en el pa\u00eds de los campeones mundiales de f\u00fatbol.<\/p>\n","protected":false},"author":1,"featured_media":0,"comment_status":"closed","ping_status":"closed","sticky":false,"template":"","format":"standard","meta":[],"categories":[22],"tags":[],"_links":{"self":[{"href":"http:\/\/hoycordobaweb.com\/index.php\/wp-json\/wp\/v2\/posts\/54667"}],"collection":[{"href":"http:\/\/hoycordobaweb.com\/index.php\/wp-json\/wp\/v2\/posts"}],"about":[{"href":"http:\/\/hoycordobaweb.com\/index.php\/wp-json\/wp\/v2\/types\/post"}],"author":[{"embeddable":true,"href":"http:\/\/hoycordobaweb.com\/index.php\/wp-json\/wp\/v2\/users\/1"}],"replies":[{"embeddable":true,"href":"http:\/\/hoycordobaweb.com\/index.php\/wp-json\/wp\/v2\/comments?post=54667"}],"version-history":[{"count":0,"href":"http:\/\/hoycordobaweb.com\/index.php\/wp-json\/wp\/v2\/posts\/54667\/revisions"}],"wp:attachment":[{"href":"http:\/\/hoycordobaweb.com\/index.php\/wp-json\/wp\/v2\/media?parent=54667"}],"wp:term":[{"taxonomy":"category","embeddable":true,"href":"http:\/\/hoycordobaweb.com\/index.php\/wp-json\/wp\/v2\/categories?post=54667"},{"taxonomy":"post_tag","embeddable":true,"href":"http:\/\/hoycordobaweb.com\/index.php\/wp-json\/wp\/v2\/tags?post=54667"}],"curies":[{"name":"wp","href":"https:\/\/api.w.org\/{rel}","templated":true}]}}