{"id":54632,"date":"2023-01-28T09:07:30","date_gmt":"2023-01-28T09:07:30","guid":{"rendered":"http:\/\/hoycordobaweb.com\/index.php\/2023\/01\/28\/narvik-intenso-drama-antibelico-de-netflix-sobre-un-hecho-real-elle\/"},"modified":"2023-01-28T09:07:30","modified_gmt":"2023-01-28T09:07:30","slug":"narvik-intenso-drama-antibelico-de-netflix-sobre-un-hecho-real-elle","status":"publish","type":"post","link":"http:\/\/hoycordobaweb.com\/index.php\/2023\/01\/28\/narvik-intenso-drama-antibelico-de-netflix-sobre-un-hecho-real-elle\/","title":{"rendered":"&#039;Narvik&#039;: intenso drama antib\u00e9lico de <b>Netflix<\/b> sobre un hecho real &#8211; ELLE"},"content":{"rendered":"<p>La pel\u00edcula de <b>Netflix<\/b> &#39;Narvik&#39; se ambienta en un hecho hist\u00f3rico real, la invasi\u00f3n nazi de la Noruega neutral durante la II Guerra Mundial,&nbsp;&#8230; <\/p>\n","protected":false},"excerpt":{"rendered":"<p>La pel\u00edcula de Netflix &#39;Narvik&#39; se ambienta en un hecho hist\u00f3rico real, la invasi\u00f3n nazi de la Noruega neutral durante la II Guerra Mundial,&nbsp;&#8230;<\/p>\n","protected":false},"author":1,"featured_media":0,"comment_status":"closed","ping_status":"closed","sticky":false,"template":"","format":"standard","meta":[],"categories":[23],"tags":[],"_links":{"self":[{"href":"http:\/\/hoycordobaweb.com\/index.php\/wp-json\/wp\/v2\/posts\/54632"}],"collection":[{"href":"http:\/\/hoycordobaweb.com\/index.php\/wp-json\/wp\/v2\/posts"}],"about":[{"href":"http:\/\/hoycordobaweb.com\/index.php\/wp-json\/wp\/v2\/types\/post"}],"author":[{"embeddable":true,"href":"http:\/\/hoycordobaweb.com\/index.php\/wp-json\/wp\/v2\/users\/1"}],"replies":[{"embeddable":true,"href":"http:\/\/hoycordobaweb.com\/index.php\/wp-json\/wp\/v2\/comments?post=54632"}],"version-history":[{"count":0,"href":"http:\/\/hoycordobaweb.com\/index.php\/wp-json\/wp\/v2\/posts\/54632\/revisions"}],"wp:attachment":[{"href":"http:\/\/hoycordobaweb.com\/index.php\/wp-json\/wp\/v2\/media?parent=54632"}],"wp:term":[{"taxonomy":"category","embeddable":true,"href":"http:\/\/hoycordobaweb.com\/index.php\/wp-json\/wp\/v2\/categories?post=54632"},{"taxonomy":"post_tag","embeddable":true,"href":"http:\/\/hoycordobaweb.com\/index.php\/wp-json\/wp\/v2\/tags?post=54632"}],"curies":[{"name":"wp","href":"https:\/\/api.w.org\/{rel}","templated":true}]}}