{"id":54528,"date":"2023-01-25T12:11:02","date_gmt":"2023-01-25T12:11:02","guid":{"rendered":"https:\/\/www.mujerhoy.com\/moda\/no-te-pierdas\/letizia-falda-rosa-larga-espectacular-look-camisa-blanca-lazo-cuerpo-diplomatico-criticas-polemica-20230125122102-nt.html"},"modified":"2023-01-25T12:11:02","modified_gmt":"2023-01-25T12:11:02","slug":"letizia-impresionante-con-una-espectacular-falda-rosa-con-vuelo-y-pendientes-de-colores-en-la-recepcion-al-cuerpo-diplomatico","status":"publish","type":"post","link":"http:\/\/hoycordobaweb.com\/index.php\/2023\/01\/25\/letizia-impresionante-con-una-espectacular-falda-rosa-con-vuelo-y-pendientes-de-colores-en-la-recepcion-al-cuerpo-diplomatico\/","title":{"rendered":"Letizia, impresionante con una espectacular falda rosa con vuelo y pendientes de colores en la recepci\u00f3n al Cuerpo Diplom\u00e1tico"},"content":{"rendered":"<p><!-- AUTHOR --><\/p>\n<div class=\"voc-author-timesocial \"><!-- AUTHOR --><\/p>\n<div class=\"voc-author-timesocial__signature\"><!-- IMAGE AUTHOR --><picture class=\"voc-image-signature\"><img class=\"voc-image-signature__img\" src=\"http:\/\/hoycordobaweb.com\/wp-content\/uploads\/2023\/01\/letizia-impresionante-con-una-espectacular-falda-rosa-con-vuelo-y-pendientes-de-colores-en-la-recepcion-al-cuerpo-diplomatico.jpg\" alt=\"Elena de los R\u00edos\"><\/picture><!-- INFO AUTHOR --><\/div>\n<\/div>\n<p><!-- COMPONENTS --><\/p>\n<p class=\"voc-paragraph\">La <a data-voc-vtm-id=\"in-text-traffic\" href=\"https:\/\/www.mujerhoy.com\/moda\/no-te-pierdas\/looks-besamanos-recepcion-palacio-real-dia-hispanidad-vestidos-invitadas-ayuso-irene-montero-20221012135136-ga.html\">recepci\u00f3n<\/a> de los reyes al<br \/>\n<strong> Cuerpo Diplom\u00e1tico <\/strong>acreditado en Espa\u00f1a supone una ocasi\u00f3n \u00fanica para medir la temperatura del estilo de la reina en un dif\u00edcil acto protocolario; de ma\u00f1ana pero que obliga a vestir de largo. Ninguno de los los looks que la <a data-voc-vtm-id=\"in-text-traffic\" href=\"https:\/\/www.mujerhoy.com\/temas\/personajes\/reina-dona-letizia.html\">reina Letizia<\/a> ha llevado desde 2017 ha dejado indiferente a la cr\u00edtica, y el look que ha elegido este a\u00f1o, con una espectacular<br \/>\n<strong> falda rosa con vuelo<\/strong>, no iba a ser menos.\n<\/p>\n<p class=\"voc-paragraph\">No es la primera vez que la <a data-voc-vtm-id=\"in-text-traffic\" href=\"https:\/\/www.mujerhoy.com\/celebrities\/realeza\/letizia-polemica-sola-fin-de-semana-sin-felipe-reina-aburrida-nieve-vela-20230123164558-nt.html\">reina Letizia<\/a> elige la combinaci\u00f3n falda larga y camisa para esta recepci\u00f3n de ma\u00f1ana. En esta ocasi\u00f3n, sin embargo, se le pueden poner pocas pegas a una <strong>incre\u00edble falda rosa empolvado<\/strong>, con la cintura marcada y discreto vuelo, que es estreno absoluto. La monarca la combin\u00f3 con una sencilla camisa blanca, adornada con lazada.\n<\/p>\n<p class=\"voc-paragraph\">Si te suena la<br \/>\n<strong> blusa blanca <\/strong>que lleva Letizia, no te equivocas. Es un dise\u00f1o de Carolina Herrera que la monarca guarda en su armario desde hace m\u00e1s de cinco a\u00f1os y que se ha puesto en incontables ocasiones. Le ha servido para darle un toque sofisticado a sus looks de oficina y, aqu\u00ed, para subrayar el aire rom\u00e1ntico de todo su look.\n<\/p>\n<p class=\"voc-paragraph\">Adem\u00e1s de acertar totalmente con su look de pelo, una melena muy peinada y retirada de la cara, Letizia ha aprovechado esta recepci\u00f3n al Cuerpo Diplomatico para <strong>recuperar unos pendientes <\/strong>que no ve\u00edamos desde 2014. Se trata de un dise\u00f1o largo que engarza varias pideras de colores (verde menta, blanco y rosa) firmado por Tous. <\/p>\n<div class=\"voc-detail-photo-zoom\"><picture data-toggle=\"modal\" data-target=\"#photoZoomModal-673\" target=\"modal\">\n<div class=\"voc-img-icon-link\"><img loading=\"lazy\" data-original=\"\/\/static2.mujerhoy.com\/www\/multimedia\/202301\/25\/media\/cortadas\/letizia-falda-rosa-larga-cuerpo-diplomatico-k6VB--460x637@MujerHoy.jpg\" class=\"lazy\" alt=\"La reina Letizia eligi\u00f3 unos originales pendientes de colores para dulcificar a\u00fan m\u00e1s su look rosa. (Foto: GTRES)\"><noscript><img src=\"http:\/\/hoycordobaweb.com\/wp-content\/uploads\/2023\/01\/letizia-impresionante-con-una-espectacular-falda-rosa-con-vuelo-y-pendientes-de-colores-en-la-recepcion-al-cuerpo-diplomatico-1.jpg\" alt=\"La reina Letizia eligi\u00f3 unos originales pendientes de colores para dulcificar a\u00fan m\u00e1s su look rosa. (Foto: GTRES)\"><\/noscript><i class=\"voc-icons zoom voc-multimedia-box voc-ico-l\"><\/i><\/div><figcaption class=\"figure-caption\">La reina Letizia eligi\u00f3 unos originales pendientes de colores para dulcificar a\u00fan m\u00e1s su look rosa. (Foto: GTRES)<\/figcaption><\/picture><\/div>\n<div id=\"photoZoomModal-673\" class=\"voc-lightbox modal fade voc-lightbox--photo-zoom\" role=\"dialog\" data-voc-photozoom-lightbox>\n<div class=\"voc-lightbox__dialog\" role=\"document\">\n<div class=\"voc-lightbox__content\"><!-- Modal header --><!-- Modal content --><\/p>\n<div class=\"voc-lightbox__photo-container\"><picture class><img loading=\"lazy\" data-original=\"\/\/static2.mujerhoy.com\/www\/multimedia\/202301\/25\/media\/cortadas\/letizia-falda-rosa-larga-cuerpo-diplomatico-k6VB--460x637@MujerHoy.jpg\" alt=\"La reina Letizia eligi\u00f3 unos originales pendientes de colores para dulcificar a\u00fan m\u00e1s su look rosa. (Foto: GTRES)\" class=\"lazy\"><noscript><img src=\"http:\/\/hoycordobaweb.com\/wp-content\/uploads\/2023\/01\/letizia-impresionante-con-una-espectacular-falda-rosa-con-vuelo-y-pendientes-de-colores-en-la-recepcion-al-cuerpo-diplomatico-1.jpg\" alt=\"La reina Letizia eligi\u00f3 unos originales pendientes de colores para dulcificar a\u00fan m\u00e1s su look rosa. (Foto: GTRES)\"><\/noscript><\/picture><\/div>\n<\/div>\n<\/div>\n<\/div>\n<p class=\"voc-paragraph\">Aunque la largu\u00edsima falda no dejaba ver claramente los zapatos que la reina eligi\u00f3 para esta <strong>recepci\u00f3n anual en el Palacio Real<\/strong>, pudimos vislumbrar unos salones de ante rosa de Magrit. Por supuesto, con el alt\u00edsimo tac\u00f3n que Letizia suele llevar cada vez que acompa\u00f1a al rey Felipe VI en un acto.\n<\/p>\n<p class=\"voc-paragraph\">El <a data-voc-vtm-id=\"in-text-traffic\" href=\"https:\/\/www.mujerhoy.com\/temas\/personajes\/rey-felipe-vi-de-espana.html?ref=https%3A%2F%2Fwww.google.com%2F\">rey Felipe VI<\/a> y la <strong>reina Letizia <\/strong>saludaron, impert\u00e9rritos y amables como corresponde, a los representantes de 126 embajadas y de otros 49 pa\u00edses acreditados en Espa\u00f1a para funciones diplom\u00e1ticas. Efectivamente, es un largu\u00edsimo saludo que tiene lugar, como cada a\u00f1o, en el<br \/>\n<strong> Palacio Real <\/strong>de Madrid y que obliga a la monarca a sostenerse largo tiempo sobre sus tacones.\n<\/p>\n<div class=\"voc-detail-photo-zoom\"><picture data-toggle=\"modal\" data-target=\"#photoZoomModal-166\" target=\"modal\">\n<div class=\"voc-img-icon-link\"><img loading=\"lazy\" data-original=\"\/\/static3.mujerhoy.com\/www\/multimedia\/202301\/25\/media\/cortadas\/letizia-cuerpo-diplomatico-falda-verde-k6VB--460x637@MujerHoy.jpg\" class=\"lazy\" alt=\"El original look de la reina em\u00e9rita Sof\u00eda que Letizia llev\u00f3 en la recepci\u00f3n al Cuerpo Diplom\u00e1tico en 2022. (Foto: GTRES).\"><noscript><img src=\"http:\/\/hoycordobaweb.com\/wp-content\/uploads\/2023\/01\/letizia-impresionante-con-una-espectacular-falda-rosa-con-vuelo-y-pendientes-de-colores-en-la-recepcion-al-cuerpo-diplomatico.png\" alt=\"El original look de la reina em\u00e9rita Sof\u00eda que Letizia llev\u00f3 en la recepci\u00f3n al Cuerpo Diplom\u00e1tico en 2022. (Foto: GTRES).\"><\/noscript><i class=\"voc-icons zoom voc-multimedia-box voc-ico-l\"><\/i><\/div><figcaption class=\"figure-caption\">El original look de la reina em\u00e9rita Sof\u00eda que Letizia llev\u00f3 en la recepci\u00f3n al Cuerpo Diplom\u00e1tico en 2022. (Foto: GTRES).<\/figcaption><\/picture><\/div>\n<div id=\"photoZoomModal-166\" class=\"voc-lightbox modal fade voc-lightbox--photo-zoom\" role=\"dialog\" data-voc-photozoom-lightbox>\n<div class=\"voc-lightbox__dialog\" role=\"document\">\n<div class=\"voc-lightbox__content\"><!-- Modal header --><!-- Modal content --><\/p>\n<div class=\"voc-lightbox__photo-container\"><picture class><img loading=\"lazy\" data-original=\"\/\/static3.mujerhoy.com\/www\/multimedia\/202301\/25\/media\/cortadas\/letizia-cuerpo-diplomatico-falda-verde-k6VB--460x637@MujerHoy.jpg\" alt=\"El original look de la reina em\u00e9rita Sof\u00eda que Letizia llev\u00f3 en la recepci\u00f3n al Cuerpo Diplom\u00e1tico en 2022. (Foto: GTRES).\" class=\"lazy\"><noscript><img src=\"http:\/\/hoycordobaweb.com\/wp-content\/uploads\/2023\/01\/letizia-impresionante-con-una-espectacular-falda-rosa-con-vuelo-y-pendientes-de-colores-en-la-recepcion-al-cuerpo-diplomatico.png\" alt=\"El original look de la reina em\u00e9rita Sof\u00eda que Letizia llev\u00f3 en la recepci\u00f3n al Cuerpo Diplom\u00e1tico en 2022. (Foto: GTRES).\"><\/noscript><\/picture><\/div>\n<\/div>\n<\/div>\n<\/div>\n<p class=\"voc-paragraph\">En 2022, el look de la <a data-voc-vtm-id=\"in-text-traffic\" href=\"https:\/\/www.mujerhoy.com\/celebrities\/realeza\/letizia-polemicas-musculos-canas-reina-influyente-casa-real-anticuada-20230101132042-nt.html\">reina Letizia<\/a> hizo correr r\u00edos de tinta por su originalidad: adapt\u00f3 un conjunto de la <strong>reina em\u00e9rita Sof\u00eda <\/strong>compuesto por una falda larga de color verde y un top de organza bordado con flores rosas y mangas transparentes. Merec\u00eda la pena, pues iba firmado por Valentino, uno de los dise\u00f1adores de cabecera de su real suegra, que lo estren\u00f3 casi tal cual en 1977.\n<\/p>\n<p class=\"voc-paragraph\">Como suele suceder, este arriesgado look recibi\u00f3 tantas cr\u00edticas como aplausos. Se celebr\u00f3 su impulso de<br \/>\n<strong> reutilizaci\u00f3n del armario <\/strong>royal en el que persiste la reina Letizia, pero hubo quien critic\u00f3 c\u00f3mo le sentaba. Sin duda, estamos acostumbradas a contemplar a la monarca con estilos m\u00e1s contempor\u00e1neos.\n<\/p>\n<div class=\"voc-detail-photo-zoom\"><picture data-toggle=\"modal\" data-target=\"#photoZoomModal-875\" target=\"modal\">\n<div class=\"voc-img-icon-link\"><img loading=\"lazy\" data-original=\"\/\/static2.mujerhoy.com\/www\/multimedia\/202301\/25\/media\/cortadas\/letizia-cuerpo-diplomatico-vestido-azul-k6VB--460x637@MujerHoy.jpg\" class=\"lazy\" alt=\"El vestido azul que Letizia luci\u00f3 en la recepci\u00f3n al Cuerpo Diplom\u00e1tico en 2021 ha sido el favorito de la cr\u00edtica, hasta ahora. (Foto: GTRES)\"><noscript><img src=\"http:\/\/hoycordobaweb.com\/wp-content\/uploads\/2023\/01\/letizia-impresionante-con-una-espectacular-falda-rosa-con-vuelo-y-pendientes-de-colores-en-la-recepcion-al-cuerpo-diplomatico-1.png\" alt=\"El vestido azul que Letizia luci\u00f3 en la recepci\u00f3n al Cuerpo Diplom\u00e1tico en 2021 ha sido el favorito de la cr\u00edtica, hasta ahora. (Foto: GTRES)\"><\/noscript><i class=\"voc-icons zoom voc-multimedia-box voc-ico-l\"><\/i><\/div><figcaption class=\"figure-caption\">El vestido azul que Letizia luci\u00f3 en la recepci\u00f3n al Cuerpo Diplom\u00e1tico en 2021 ha sido el favorito de la cr\u00edtica, hasta ahora. (Foto: GTRES)<\/figcaption><\/picture><\/div>\n<div id=\"photoZoomModal-875\" class=\"voc-lightbox modal fade voc-lightbox--photo-zoom\" role=\"dialog\" data-voc-photozoom-lightbox>\n<div class=\"voc-lightbox__dialog\" role=\"document\">\n<div class=\"voc-lightbox__content\"><!-- Modal header --><!-- Modal content --><\/p>\n<div class=\"voc-lightbox__photo-container\"><picture class><img loading=\"lazy\" data-original=\"\/\/static2.mujerhoy.com\/www\/multimedia\/202301\/25\/media\/cortadas\/letizia-cuerpo-diplomatico-vestido-azul-k6VB--460x637@MujerHoy.jpg\" alt=\"El vestido azul que Letizia luci\u00f3 en la recepci\u00f3n al Cuerpo Diplom\u00e1tico en 2021 ha sido el favorito de la cr\u00edtica, hasta ahora. (Foto: GTRES)\" class=\"lazy\"><noscript><img src=\"http:\/\/hoycordobaweb.com\/wp-content\/uploads\/2023\/01\/letizia-impresionante-con-una-espectacular-falda-rosa-con-vuelo-y-pendientes-de-colores-en-la-recepcion-al-cuerpo-diplomatico-1.png\" alt=\"El vestido azul que Letizia luci\u00f3 en la recepci\u00f3n al Cuerpo Diplom\u00e1tico en 2021 ha sido el favorito de la cr\u00edtica, hasta ahora. (Foto: GTRES)\"><\/noscript><\/picture><\/div>\n<\/div>\n<\/div>\n<\/div>\n<p class=\"voc-paragraph\">Por el contrario, uno de los dise\u00f1os m\u00e1s un\u00e1nimemente celebrados fue el que la reina Letizia eligi\u00f3 en 2021. La monarca recibi\u00f3 al<br \/>\n<strong> Cuerpo Diplom\u00e1tico <\/strong>con un<br \/>\n<strong> vestido protocolariamente largo <\/strong>de color azul Klein, que ya hab\u00eda estrenado con ocasi\u00f3n de la Pascua Militar. Llevaba escote en pico y una abertura lateral cerrada con un bot\u00f3n joya que dejaba a la vista sus piernas al caminar. Esperamos volver a verlo.\n<\/p>\n<p><!-- TOPICS --><\/p>\n","protected":false},"excerpt":{"rendered":"<p>La recepci\u00f3n de los reyes al Cuerpo Diplom\u00e1tico acreditado en Espa\u00f1a supone una ocasi\u00f3n \u00fanica para medir la temperatura del estilo de la reina en un dif\u00edcil acto protocolario; de ma\u00f1ana pero que obliga a vestir de largo. Ninguno de los los looks que la reina Letizia ha llevado desde 2017 ha dejado indiferente a [&hellip;]<\/p>\n","protected":false},"author":1,"featured_media":54529,"comment_status":"closed","ping_status":"closed","sticky":false,"template":"","format":"standard","meta":[],"categories":[1],"tags":[],"_links":{"self":[{"href":"http:\/\/hoycordobaweb.com\/index.php\/wp-json\/wp\/v2\/posts\/54528"}],"collection":[{"href":"http:\/\/hoycordobaweb.com\/index.php\/wp-json\/wp\/v2\/posts"}],"about":[{"href":"http:\/\/hoycordobaweb.com\/index.php\/wp-json\/wp\/v2\/types\/post"}],"author":[{"embeddable":true,"href":"http:\/\/hoycordobaweb.com\/index.php\/wp-json\/wp\/v2\/users\/1"}],"replies":[{"embeddable":true,"href":"http:\/\/hoycordobaweb.com\/index.php\/wp-json\/wp\/v2\/comments?post=54528"}],"version-history":[{"count":0,"href":"http:\/\/hoycordobaweb.com\/index.php\/wp-json\/wp\/v2\/posts\/54528\/revisions"}],"wp:featuredmedia":[{"embeddable":true,"href":"http:\/\/hoycordobaweb.com\/index.php\/wp-json\/wp\/v2\/media\/54529"}],"wp:attachment":[{"href":"http:\/\/hoycordobaweb.com\/index.php\/wp-json\/wp\/v2\/media?parent=54528"}],"wp:term":[{"taxonomy":"category","embeddable":true,"href":"http:\/\/hoycordobaweb.com\/index.php\/wp-json\/wp\/v2\/categories?post=54528"},{"taxonomy":"post_tag","embeddable":true,"href":"http:\/\/hoycordobaweb.com\/index.php\/wp-json\/wp\/v2\/tags?post=54528"}],"curies":[{"name":"wp","href":"https:\/\/api.w.org\/{rel}","templated":true}]}}