{"id":54520,"date":"2023-01-24T14:36:53","date_gmt":"2023-01-24T14:36:53","guid":{"rendered":"https:\/\/ladecimaweb.com\/?p=15754"},"modified":"2023-01-24T14:36:53","modified_gmt":"2023-01-24T14:36:53","slug":"schiaretti-la-nueva-maternidad-provincial-es-un-orgullo-para-cordoba","status":"publish","type":"post","link":"http:\/\/hoycordobaweb.com\/index.php\/2023\/01\/24\/schiaretti-la-nueva-maternidad-provincial-es-un-orgullo-para-cordoba\/","title":{"rendered":"Schiaretti: \u201cLa nueva Maternidad Provincial es un orgullo para C\u00f3rdoba\u201d"},"content":{"rendered":"<div class=\"boldgrid-section\">\n<div class=\"container\">\n<div class=\"row\">\n<div class=\"col-md-12 col-xs-12 col-sm-12\">\n<p>El gobernador<span>&nbsp;<\/span><strong>Juan Schiaretti<\/strong><span>&nbsp;<\/span>inaugur\u00f3 hoy en la ciudad de C\u00f3rdoba el nuevo edificio de la<span>&nbsp;<\/span><strong>Maternidad Provincial Brigadier General Juan Bautista Bustos<\/strong>, ubicado en un predio de tres hect\u00e1reas en avenida V\u00e9lez Sarsfield 2221.<\/p>\n<p>Tras recorrer las flamantes instalaciones, Schiaretti destac\u00f3:<span>&nbsp;<\/span><em>\u201cNos llega de orgullo poder poner en marcha una Maternidad como esta; sin dudas, es l<\/em><em>a mayor y la mejor equipada del interior de nuestra patria argentina\u201d<\/em>.<\/p>\n<p>La Nueva Maternidad Provincial tiene una superficie cubierta de<span>&nbsp;<\/span><strong>14.750 metros cuadrados<\/strong>. La obra se plante\u00f3 en dos niveles, planta baja y primer piso. Posee 650 metros cuadrados de superficie semicubierta. Demand\u00f3 una<span>&nbsp;<\/span><strong>inversi\u00f3n de 3.213 millones de pesos en la obra civil y 1.928 millones de pesos en equipamiento.<\/strong><\/p>\n<p>&nbsp;<\/p>\n<figure class=\"wp-block-image size-full has-lightbox lightbox-0 \">\n<p class=\"mod-reset\"><img loading=\"lazy\" class=\"wp-image-534104\" src=\"http:\/\/hoycordobaweb.com\/wp-content\/uploads\/2023\/01\/schiaretti-la-nueva-maternidad-provincial-es-un-orgullo-para-cordoba.jpg\" alt=\"\" width=\"507\" height=\"338\"><\/p>\n<\/figure>\n<p>El gobernador estuvo acompa\u00f1ado por el intendente de C\u00f3rdoba, Mart\u00edn Llaryora; la senadora nacional, Alejandra Vigo; el vicegobernador Manuel Calvo; la ministra de Salud, Gabriela Barb\u00e1s; y el ministro de Obras P\u00fablicas, Ricardo Sosa.<\/p>\n<p>El gobernador resalt\u00f3 que<span>&nbsp;<\/span><em>\u201cla salud es un derecho humano fundamental y el Estado debe garantizar ese derecho humano a los habitantes\u201d<\/em>. A\u00f1adi\u00f3 al respecto:<span>&nbsp;<\/span><em>\u201cEs una obligaci\u00f3n del Estado garantizarle salud a toda su poblaci\u00f3n\u201d<\/em>.<\/p>\n<p>Y enfatiz\u00f3 despu\u00e9s:<span>&nbsp;<\/span><em>\u201cEste nuevo edificio es un orgullo de C\u00f3rdoba, es para cuidar la vida, para cuidar a los que nacen, para cuidar a las madres, para cuidar que los cordobesitos que nazcan sean bien atendidos\u201d<\/em>.<\/p>\n<p>El nuevo edificio albergar\u00e1 todos los servicios de la<span>&nbsp;<\/span><strong>Maternidad de barrio San Vicente<\/strong><span>&nbsp;<\/span>y, por su cercan\u00eda geogr\u00e1fica, tambi\u00e9n se integrar\u00e1n los servicios de gineco-obstetricia y neonatolog\u00eda del<span>&nbsp;<\/span><strong>Hospital Misericordia<\/strong>.<\/p>\n<figure class=\"wp-container-2 wp-block-gallery-1 wp-block-gallery has-nested-images columns-default is-cropped has-lightbox lightbox-1 \">\n<figure class=\"wp-block-image size-large\">\n<p class=\"mod-reset\"><img loading=\"lazy\" class=\"wp-image-534097\" src=\"http:\/\/hoycordobaweb.com\/wp-content\/uploads\/2023\/01\/schiaretti-la-nueva-maternidad-provincial-es-un-orgullo-para-cordoba-1.jpg\" alt=\"\" width=\"561\" height=\"374\" data-id=\"534097\"><\/p>\n<\/figure>\n<figure class=\"wp-block-image size-large\">\n<p class=\"mod-reset\">&nbsp;<\/p>\n<\/figure>\n<\/figure>\n<p>Atender\u00e1 la demanda de toda la zona sur de la Capital cordobesa, pero adem\u00e1s ser\u00e1 \u2013junto al Materno Neonatal\u2013 la<span>&nbsp;<\/span><strong>instituci\u00f3n de referencia para derivaciones de casos de alto riesgo de toda la provincia<\/strong>, y tambi\u00e9n de provincias vecinas.<\/p>\n<p><strong>Ser\u00e1 la Maternidad m\u00e1s grande de la provincia de C\u00f3rdoba,<\/strong><span>&nbsp;<\/span>si se consideran el sector p\u00fablico y el sector privado.<span>&nbsp;<\/span><strong>Se prev\u00e9n atender entre 5.500 y 6.000 nacimientos al a\u00f1o<\/strong>, lo cual la equipara a la Maternidad Sard\u00e1, de la ciudad de Buenos Aires.<\/p>\n<p>Schiaretti dijo luego:<span>&nbsp;<\/span><em>\u201cC\u00f3rdoba tiene 40 por ciento, por lo menos, de la poblaci\u00f3n sin ninguna cobertura de salud y depende exclusivamente de la salud estatal, de la salud que brinda la Provincia y de la atenci\u00f3n primaria que brindan los municipios; eso nos impuls\u00f3 a realizar hospitales de mediana y alta complejidad que permitieran garantizar el derecho humano a la salud, y que permitieran a quienes no tienen obra social a ser atendidos como corresponde\u201d.<\/em><\/p>\n<p><strong>Trabajo coordinado<\/strong><\/p>\n<p class=\"\">Schiaretti reiter\u00f3 su agradecimiento a los equipos de salud y resalt\u00f3 el desempe\u00f1o que C\u00f3rdoba tuvo durante la pandemia, cuando fue la provincia argentina que tuvo la menor cantidad de muertos cada 100 mil habitantes.<span>&nbsp;<\/span><em>\u201cSe logr\u00f3 porque C\u00f3rdoba es un lugar de formaci\u00f3n de equipos de salud desde hace tiempo, seguramente por tener la universidad m\u00e1s antigua de la patria\u201d.<\/em><\/p>\n<p>Y ponder\u00f3 la<span>&nbsp;<\/span><em>\u201cnecesaria coordinaci\u00f3n\u201d<\/em><span>&nbsp;<\/span>que hubo entre los servicios de salud del Estado y de la medicina privada. Dijo al respecto:<em><span>&nbsp;<\/span>\u201cEse desempe\u00f1o tambi\u00e9n se logr\u00f3 porque somos capaces de trabajar juntos el sector p\u00fablico y el sector privado\u201d<\/em>.<\/p>\n<p>Adem\u00e1s, asegur\u00f3 que la Maternidad<span>&nbsp;<\/span><em>\u201cest\u00e1 a disposici\u00f3n de todas las familias cordobesas, vivan donde vivan, y a disposici\u00f3n tambi\u00e9n, si vienen, de otros puntos del pa\u00eds\u201d<\/em>. Y agreg\u00f3:<span>&nbsp;<\/span><em>\u201cVa a tener como prioridad la atenci\u00f3n de las madres m\u00e1s humildes que no tienen otro lugar d\u00f3nde ir para dar luz a sus hijos\u201d<\/em>.<\/p>\n<figure class=\"wp-container-6 wp-block-gallery-5 wp-block-gallery has-nested-images columns-default is-cropped has-lightbox lightbox-3 \">\n<figure class=\"wp-block-image size-large\">\n<p class=\"mod-reset\"><img loading=\"lazy\" class=\"wp-image-534102\" src=\"http:\/\/hoycordobaweb.com\/wp-content\/uploads\/2023\/01\/schiaretti-la-nueva-maternidad-provincial-es-un-orgullo-para-cordoba-2.jpg\" alt=\"\" width=\"385\" height=\"257\" data-id=\"534102\"><\/p>\n<\/figure>\n<figure class=\"wp-block-image size-large\">\n<p class=\"mod-reset\"><img loading=\"lazy\" class=\"wp-image-534101\" src=\"http:\/\/hoycordobaweb.com\/wp-content\/uploads\/2023\/01\/schiaretti-la-nueva-maternidad-provincial-es-un-orgullo-para-cordoba-3.jpg\" alt=\"\" width=\"459\" height=\"306\" data-id=\"534101\"><\/p>\n<\/figure>\n<figure class=\"wp-block-image size-large\">\n<p class=\"mod-reset\"><img loading=\"lazy\" class=\"wp-image-534103\" src=\"http:\/\/hoycordobaweb.com\/wp-content\/uploads\/2023\/01\/schiaretti-la-nueva-maternidad-provincial-es-un-orgullo-para-cordoba-4.jpg\" alt=\"\" width=\"454\" height=\"303\" data-id=\"534103\"><\/p>\n<\/figure>\n<\/figure>\n<p>A su turno, Llaryora indic\u00f3 que la nueva infraestructura sanitaria es<span>&nbsp;<\/span><em>\u00abuna obra ic\u00f3nica que nos llena de orgullo; (la inauguraci\u00f3n) es un d\u00eda que va a ser recordado claramente por todos aquellos que defienden la vida en los hechos\u00bb.<\/em><\/p>\n<p>El intendente a\u00f1adi\u00f3 que<span>&nbsp;<\/span><em>\u00abesta maternidad,<\/em><span>&nbsp;<\/span><em>no solo por su inversi\u00f3n en la obra edilicia sino tambi\u00e9n por su aparatolog\u00eda, se convierte en la m\u00e1s importante del interior de Argentina y en una de las m\u00e1s importante de Latinoam\u00e9rica, consolidando a C\u00f3rdoba como un polo en materia sanitaria\u00bb<\/em>.<\/p>\n<p class=\"\"><iframe loading=\"lazy\" title=\"Nueva Maternidad Provincial\" src=\"https:\/\/www.youtube.com\/embed\/eWIFDqEHBLc\" width=\"683\" height=\"384\" frameborder=\"0\" allowfullscreen=\"allowfullscreen\" data-mce-fragment=\"1\"><\/iframe><span><\/span><\/p>\n<p>Barb\u00e1s resalt\u00f3 que el nuevo centro hospitalario es<span>&nbsp;<\/span><em>\u201cuna obra de gran magnitud\u201d<\/em><span>&nbsp;<\/span>y remarc\u00f3 que dispone de<span>&nbsp;<\/span><em>\u201cuna de las unidades de cuidados cr\u00edticos m\u00e1s grandes del pa\u00eds\u201d<\/em>, con 100 plazas equipadas con<span>&nbsp;<\/span><em>\u201ctecnolog\u00eda de punta que hasta el momento no se contaba en el interior\u201d.<\/em><\/p>\n<p>Ponder\u00f3 adem\u00e1s el centro quir\u00fargico, que tiene<span>&nbsp;<\/span><em>\u201ccinco quir\u00f3fanos y una sala de partos con 10 unidades de trabajo de parto y recuperaci\u00f3n (UTPR), y eso permite estar a la mam\u00e1 todo el momento desde que nace el beb\u00e9, con su ni\u00f1o, acompa\u00f1ada por la persona que ella elija. Ese es un eje de las pol\u00edticas sanitarias de maternidad segura y centrada en la familia y el parto respetado\u201d.<\/em><\/p>\n<p class=\"\">La ministra de Salud indic\u00f3 que el flamante hospital<span>&nbsp;<\/span><em>\u00abse va poner en funcionamiento entre los pr\u00f3ximos 60 y 90 d\u00edas, que es el tiempo necesario para terminar los controles\u00bb<\/em>.<\/p>\n<div class=\"ubm_banner\"><a href=\"https:\/\/www.cba.gov.ar\" target=\"_blank\" rel=\"dofollow noopener noreferrer\"><img src=\"http:\/\/hoycordobaweb.com\/wp-content\/uploads\/2023\/01\/schiaretti-la-nueva-maternidad-provincial-es-un-orgullo-para-cordoba.gif\" alt=\"\"><\/a><\/div>\n<\/div>\n<\/div>\n<\/div>\n<\/div>\n<p>La entrada <a rel=\"nofollow\" href=\"https:\/\/ladecimaweb.com\/schiaretti-la-nueva-maternidad-provincial-es-un-orgullo-para-cordoba\/\">Schiaretti: \u201cLa nueva Maternidad Provincial es un orgullo para C\u00f3rdoba\u201d<\/a> se public\u00f3 primero en <a rel=\"nofollow\" href=\"https:\/\/ladecimaweb.com\">LaDecima<\/a>.<\/p>\n","protected":false},"excerpt":{"rendered":"<p>El gobernador&nbsp;Juan Schiaretti&nbsp;inaugur\u00f3 hoy en la ciudad de C\u00f3rdoba el nuevo edificio de la&nbsp;Maternidad Provincial Brigadier General Juan Bautista Bustos, ubicado en un predio de tres hect\u00e1reas en avenida V\u00e9lez Sarsfield 2221. Tras recorrer las flamantes instalaciones, Schiaretti destac\u00f3:&nbsp;\u201cNos llega de orgullo poder poner en marcha una Maternidad como esta; sin dudas, es la mayor [&hellip;]<\/p>\n","protected":false},"author":1,"featured_media":54521,"comment_status":"closed","ping_status":"closed","sticky":false,"template":"","format":"standard","meta":[],"categories":[19],"tags":[],"_links":{"self":[{"href":"http:\/\/hoycordobaweb.com\/index.php\/wp-json\/wp\/v2\/posts\/54520"}],"collection":[{"href":"http:\/\/hoycordobaweb.com\/index.php\/wp-json\/wp\/v2\/posts"}],"about":[{"href":"http:\/\/hoycordobaweb.com\/index.php\/wp-json\/wp\/v2\/types\/post"}],"author":[{"embeddable":true,"href":"http:\/\/hoycordobaweb.com\/index.php\/wp-json\/wp\/v2\/users\/1"}],"replies":[{"embeddable":true,"href":"http:\/\/hoycordobaweb.com\/index.php\/wp-json\/wp\/v2\/comments?post=54520"}],"version-history":[{"count":0,"href":"http:\/\/hoycordobaweb.com\/index.php\/wp-json\/wp\/v2\/posts\/54520\/revisions"}],"wp:featuredmedia":[{"embeddable":true,"href":"http:\/\/hoycordobaweb.com\/index.php\/wp-json\/wp\/v2\/media\/54521"}],"wp:attachment":[{"href":"http:\/\/hoycordobaweb.com\/index.php\/wp-json\/wp\/v2\/media?parent=54520"}],"wp:term":[{"taxonomy":"category","embeddable":true,"href":"http:\/\/hoycordobaweb.com\/index.php\/wp-json\/wp\/v2\/categories?post=54520"},{"taxonomy":"post_tag","embeddable":true,"href":"http:\/\/hoycordobaweb.com\/index.php\/wp-json\/wp\/v2\/tags?post=54520"}],"curies":[{"name":"wp","href":"https:\/\/api.w.org\/{rel}","templated":true}]}}