{"id":54456,"date":"2023-01-23T12:15:53","date_gmt":"2023-01-23T12:15:53","guid":{"rendered":"https:\/\/www.trendencias.com\/moda-famosas\/ana-milan-abrigo-leopardo-segundas-rebajas-cortefiel-para-salvar-ola-frio"},"modified":"2023-01-23T12:15:53","modified_gmt":"2023-01-23T12:15:53","slug":"ana-milan-y-el-abrigo-de-leopardo-en-las-segundas-rebajas-de-cortefiel-para-salvar-la-ola-de-frio","status":"publish","type":"post","link":"http:\/\/hoycordobaweb.com\/index.php\/2023\/01\/23\/ana-milan-y-el-abrigo-de-leopardo-en-las-segundas-rebajas-de-cortefiel-para-salvar-la-ola-de-frio\/","title":{"rendered":"Ana Mil\u00e1n y el abrigo de leopardo en las segundas rebajas de Cortefiel para salvar la ola de fr\u00edo"},"content":{"rendered":"<p>Ana Mil\u00e1n ha devuelto al radar de moda un combo que jam\u00e1s deber\u00eda haberse ido. Hablamos del <a href=\"https:\/\/www.trendencias.com\/street-style\/13-maneras-distintas-de-llevar-el-estampado-de-leopardo-sin-horrorizar-al-personal\">abrigo de leopardo<\/a> <strong>combinado con rojo y con cuero negro<\/strong>, que es de diva total. Obviamente lo vamos a copiar, con dos propuestas de <a href=\"https:\/\/www.trendencias.com\/eventos\/segundas-rebajas-verano-zara-cortefiel-massimo-dutti-sfera-mango-fechas-constante-actualizacion\">segundas rebajas<\/a> que elevar\u00e1n esta ola de fr\u00edo con estilo.<\/p>\n<p><!-- BREAK 1 --><\/p>\n<div class=\"article-asset article-asset-normal article-asset-center\">\n<div class=\"desvio-container\">\n<div class=\"desvio\">\n<div class=\"desvio-figure js-desvio-figure\"> <a href=\"https:\/\/www.trendencias.com\/marcas\/aitana-chaqueta-acolchada-lefties-identica-a-suya-que-esta-tirada-precio-rebajas\"> <img alt=\"Aitana y la chaqueta acolchada de Lefties id\u00e9ntica a la suya que est\u00e1 tirada de precio en las rebajas \" src=\"http:\/\/hoycordobaweb.com\/wp-content\/uploads\/2023\/01\/ana-milan-y-el-abrigo-de-leopardo-en-las-segundas-rebajas-de-cortefiel-para-salvar-la-ola-de-frio.jpg\"> <\/a> <\/div><\/div><\/div>\n<\/div>\n<div class=\"article-asset-image article-asset-normal article-asset-center\">\n<div class=\"asset-content\">\n<div class=\"base-wrapper-image\"> <img class=\"sf-lazy centro_sinmarco\" data-sf-srcset=\"http:\/\/hoycordobaweb.com\/wp-content\/uploads\/2023\/01\/ana-milan-y-el-abrigo-de-leopardo-en-las-segundas-rebajas-de-cortefiel-para-salvar-la-ola-de-frio-1.jpg 450w, http:\/\/hoycordobaweb.com\/wp-content\/uploads\/2023\/01\/ana-milan-y-el-abrigo-de-leopardo-en-las-segundas-rebajas-de-cortefiel-para-salvar-la-ola-de-frio-8.jpg 681w,http:\/\/hoycordobaweb.com\/wp-content\/uploads\/2023\/01\/ana-milan-y-el-abrigo-de-leopardo-en-las-segundas-rebajas-de-cortefiel-para-salvar-la-ola-de-frio-9.jpg 1024w, http:\/\/hoycordobaweb.com\/wp-content\/uploads\/2023\/01\/ana-milan-y-el-abrigo-de-leopardo-en-las-segundas-rebajas-de-cortefiel-para-salvar-la-ola-de-frio-10.jpg 1366w,\" data-sf-src=\"http:\/\/hoycordobaweb.com\/wp-content\/uploads\/2023\/01\/ana-milan-y-el-abrigo-de-leopardo-en-las-segundas-rebajas-de-cortefiel-para-salvar-la-ola-de-frio-1.jpg\" alt=\"ana milan abrigo leopardo cortefiel\"> <noscript><img alt=\"ana milan abrigo leopardo cortefiel\" class=\"centro_sinmarco\" src=\"http:\/\/hoycordobaweb.com\/wp-content\/uploads\/2023\/01\/ana-milan-y-el-abrigo-de-leopardo-en-las-segundas-rebajas-de-cortefiel-para-salvar-la-ola-de-frio-1.jpg\"><\/noscript> <\/div><\/div>\n<\/div>\n<p>La actriz con estilazo ha presumido de <em>look <\/em><a href=\"https:\/\/www.trendencias.com\/propuestas-y-consejos\/estilo-streetwear-como-llevarlo-todas-tiendas-marcas-que-debes-tener-radar\" rel=\"noopener noreferrer\" data-id=\"noopener noreferrer\"><em>streetwear<\/em><\/a><em> <\/em>ideal para alegrar estos d\u00edas de fr\u00edo y expandir nuestro vestuario m\u00e1s all\u00e1 del <em>total look<\/em> negro. La <strong>estrella indiscutible del estilismo es su abrigo de leopardo<\/strong>, un cl\u00e1sico atemporal con muchas posibilidades de combinar que las que m\u00e1s saben de moda siempre tienen en el <a href=\"https:\/\/www.trendencias.com\/propuestas-y-consejos\/como-conseguir-armario-capsula-definitivo-cuanta-ropa-hay-que-tener-que-prendas-no-pueden-faltar\" rel=\"noopener noreferrer\" data-id=\"noopener noreferrer\">armario c\u00e1psula<\/a>.<\/p>\n<p><!-- BREAK 2 --> <\/p>\n<div class=\"video-boost-container article-asset-normal\"> <span class=\"video-boost-title\">Un look de viernes de Tamara Falc\u00f3<\/span>\n<\/div>\n<div class=\"article-asset-image article-asset-normal article-asset-center\">\n<div class=\"asset-content\">\n<div class=\"base-wrapper-image\"> <img class=\"sf-lazy centro_sinmarco\" data-sf-srcset=\"http:\/\/hoycordobaweb.com\/wp-content\/uploads\/2023\/01\/ana-milan-y-el-abrigo-de-leopardo-en-las-segundas-rebajas-de-cortefiel-para-salvar-la-ola-de-frio-2.jpg 450w, http:\/\/hoycordobaweb.com\/wp-content\/uploads\/2023\/01\/ana-milan-y-el-abrigo-de-leopardo-en-las-segundas-rebajas-de-cortefiel-para-salvar-la-ola-de-frio-11.jpg 681w,http:\/\/hoycordobaweb.com\/wp-content\/uploads\/2023\/01\/ana-milan-y-el-abrigo-de-leopardo-en-las-segundas-rebajas-de-cortefiel-para-salvar-la-ola-de-frio-12.jpg 1024w, http:\/\/hoycordobaweb.com\/wp-content\/uploads\/2023\/01\/ana-milan-y-el-abrigo-de-leopardo-en-las-segundas-rebajas-de-cortefiel-para-salvar-la-ola-de-frio-13.jpg 1366w,\" data-sf-src=\"http:\/\/hoycordobaweb.com\/wp-content\/uploads\/2023\/01\/ana-milan-y-el-abrigo-de-leopardo-en-las-segundas-rebajas-de-cortefiel-para-salvar-la-ola-de-frio-2.jpg\" alt=\"ana milan abrigo leopardo cortefiel\"> <noscript><img alt=\"ana milan abrigo leopardo cortefiel\" class=\"centro_sinmarco\" src=\"http:\/\/hoycordobaweb.com\/wp-content\/uploads\/2023\/01\/ana-milan-y-el-abrigo-de-leopardo-en-las-segundas-rebajas-de-cortefiel-para-salvar-la-ola-de-frio-2.jpg\"><\/noscript> <\/div><\/div>\n<\/div>\n<p>El primero que hemos seleccionado es <strong>muy parecido al suyo pero m\u00e1s largo<\/strong>, para cubrir m\u00e1s los ri\u00f1ones en estos d\u00edas de fr\u00edo extremo. Un <a href=\"https:\/\/www.trendencias.com\/tendencias\/7-looks-que-prueban-que-el-estampado-de-leopardo-esta-de-vuelta-si-alguna-vez-se-fue\">abrigo de leopardo<\/a> con solapas masculinas que promete darnos mucho juego y que ahora est\u00e1 rebajad\u00edsimo y solo cuesta <del>139 euros<\/del> <a class=\"js-ecommerce\" href=\"https:\/\/www.trendencias.com\/redirect?url=https%3A%2F%2Fcortefiel.com%2Fes%2Fes%2Fmujer%2Fabrigos%2Fabrigo-sastre-leopardo%2F6504242.html%3Fdwvar_6504242_color%3D59&amp;category=moda-famosas\" data-vars-affiliate-url=\"https:\/\/www.trendencias.com\/redirect?url=https%3A%2F%2Fcortefiel.com%2Fes%2Fes%2Fmujer%2Fabrigos%2Fabrigo-sastre-leopardo%2F6504242.html%3Fdwvar_6504242_color%3D59&amp;category=moda-famosas\" rel=\"noopener noreferrer\" data-id=\"noopener noreferrer\">39,99 euros<\/a>.&nbsp;<\/p>\n<p><!-- BREAK 3 --><\/p>\n<div class=\"article-asset-image article-asset-normal article-asset-center\">\n<div class=\"asset-content\">\n<div class=\"base-wrapper-image\"> <img class=\"sf-lazy centro_sinmarco\" data-sf-srcset=\"http:\/\/hoycordobaweb.com\/wp-content\/uploads\/2023\/01\/ana-milan-y-el-abrigo-de-leopardo-en-las-segundas-rebajas-de-cortefiel-para-salvar-la-ola-de-frio-3.jpg 450w, http:\/\/hoycordobaweb.com\/wp-content\/uploads\/2023\/01\/ana-milan-y-el-abrigo-de-leopardo-en-las-segundas-rebajas-de-cortefiel-para-salvar-la-ola-de-frio-14.jpg 681w,http:\/\/hoycordobaweb.com\/wp-content\/uploads\/2023\/01\/ana-milan-y-el-abrigo-de-leopardo-en-las-segundas-rebajas-de-cortefiel-para-salvar-la-ola-de-frio-15.jpg 1024w, http:\/\/hoycordobaweb.com\/wp-content\/uploads\/2023\/01\/ana-milan-y-el-abrigo-de-leopardo-en-las-segundas-rebajas-de-cortefiel-para-salvar-la-ola-de-frio-16.jpg 1366w,\" data-sf-src=\"http:\/\/hoycordobaweb.com\/wp-content\/uploads\/2023\/01\/ana-milan-y-el-abrigo-de-leopardo-en-las-segundas-rebajas-de-cortefiel-para-salvar-la-ola-de-frio-3.jpg\" alt=\"ana milan abrigo leopardo cortefiel\"> <noscript><img alt=\"ana milan abrigo leopardo cortefiel\" class=\"centro_sinmarco\" src=\"http:\/\/hoycordobaweb.com\/wp-content\/uploads\/2023\/01\/ana-milan-y-el-abrigo-de-leopardo-en-las-segundas-rebajas-de-cortefiel-para-salvar-la-ola-de-frio-3.jpg\"><\/noscript> <\/div><\/div>\n<\/div>\n<p><!-- PIVOT START --><\/p>\n<div class=\"pivot-ecommerce-container\">\n<div class=\"pivot-ecommerce\" readability=\"3.0588235294118\">\n<div class=\"pivot-ecommerce-figure\"> <a href=\"https:\/\/www.trendencias.com\/redirect?url=https%3A%2F%2Fcortefiel.com%2Fes%2Fes%2Fmujer%2Fabrigos%2Fabrigo-sastre-leopardo%2F6504242.html%3Fdwvar_6504242_color%3D59&amp;category=moda-famosas&amp;pivot=1\"> <img alt=\"Abrigo sastre de leopardo\" src=\"http:\/\/hoycordobaweb.com\/wp-content\/uploads\/2023\/01\/ana-milan-y-el-abrigo-de-leopardo-en-las-segundas-rebajas-de-cortefiel-para-salvar-la-ola-de-frio-4.jpg\"> <\/a> <\/div>\n<div class=\"pivot-ecommerce-summary\" readability=\"3.5686274509804\">\n<p class=\"pivot-ecommerce-desc\">Abrigo sastre de leopardo<\/p>\n<\/p><\/div><\/div>\n<\/div>\n<p><!-- PIVOT END --><\/p>\n<p>Si t\u00fa eres una friolera de cuidado y planeabas quedarte en casa hasta que llegue la primavera, la opci\u00f3n B podr\u00eda hacerte cambiar de idea. Vas a querer planes en el exterior con la excusa de lucir el <strong>abrigo de leopardo en peluche reversible, que tambi\u00e9n es acolchado<\/strong> y que cuesta <del>159 euros<\/del> <a class=\"js-ecommerce\" href=\"https:\/\/www.trendencias.com\/redirect?url=https%3A%2F%2Fcortefiel.com%2Fes%2Fes%2Fmujer%2Fabrigos%2Fabrigo-largo-reversible-efecto-pelo%2F6614800.html%3Fdwvar_6614800_color%3D01&amp;category=moda-famosas\" data-vars-affiliate-url=\"https:\/\/www.trendencias.com\/redirect?url=https%3A%2F%2Fcortefiel.com%2Fes%2Fes%2Fmujer%2Fabrigos%2Fabrigo-largo-reversible-efecto-pelo%2F6614800.html%3Fdwvar_6614800_color%3D01&amp;category=moda-famosas\" rel=\"noopener noreferrer\" data-id=\"noopener noreferrer\">69,99 euros<\/a>, un precio de locos si tenemos en cuenta que son dos abrigos en uno.&nbsp;<\/p>\n<p><!-- BREAK 4 --><\/p>\n<div class=\"article-asset-image article-asset-normal article-asset-center\">\n<div class=\"asset-content\">\n<div class=\"base-wrapper-image\"> <img class=\"sf-lazy centro_sinmarco\" data-sf-srcset=\"http:\/\/hoycordobaweb.com\/wp-content\/uploads\/2023\/01\/ana-milan-y-el-abrigo-de-leopardo-en-las-segundas-rebajas-de-cortefiel-para-salvar-la-ola-de-frio-5.jpg 450w, http:\/\/hoycordobaweb.com\/wp-content\/uploads\/2023\/01\/ana-milan-y-el-abrigo-de-leopardo-en-las-segundas-rebajas-de-cortefiel-para-salvar-la-ola-de-frio-17.jpg 681w,http:\/\/hoycordobaweb.com\/wp-content\/uploads\/2023\/01\/ana-milan-y-el-abrigo-de-leopardo-en-las-segundas-rebajas-de-cortefiel-para-salvar-la-ola-de-frio-18.jpg 1024w, http:\/\/hoycordobaweb.com\/wp-content\/uploads\/2023\/01\/ana-milan-y-el-abrigo-de-leopardo-en-las-segundas-rebajas-de-cortefiel-para-salvar-la-ola-de-frio-19.jpg 1366w,\" data-sf-src=\"http:\/\/hoycordobaweb.com\/wp-content\/uploads\/2023\/01\/ana-milan-y-el-abrigo-de-leopardo-en-las-segundas-rebajas-de-cortefiel-para-salvar-la-ola-de-frio-5.jpg\" alt=\"ana milan abrigo leopardo cortefiel\"> <noscript><img alt=\"ana milan abrigo leopardo cortefiel\" class=\"centro_sinmarco\" src=\"http:\/\/hoycordobaweb.com\/wp-content\/uploads\/2023\/01\/ana-milan-y-el-abrigo-de-leopardo-en-las-segundas-rebajas-de-cortefiel-para-salvar-la-ola-de-frio-5.jpg\"><\/noscript> <\/div><\/div>\n<\/div>\n<p><!-- PIVOT START --><\/p>\n<div class=\"pivot-ecommerce-container\">\n<div class=\"pivot-ecommerce\" readability=\"3.7272727272727\">\n<div class=\"pivot-ecommerce-figure\"> <a href=\"https:\/\/www.trendencias.com\/redirect?url=https%3A%2F%2Fcortefiel.com%2Fes%2Fes%2Fmujer%2Fabrigos%2Fabrigo-largo-reversible-efecto-pelo%2F6614800.html%3Fdwvar_6614800_color%3D01&amp;category=moda-famosas&amp;pivot=1\"> <img alt=\"Abrigo de peluche y acolchado reversible\" src=\"http:\/\/hoycordobaweb.com\/wp-content\/uploads\/2023\/01\/ana-milan-y-el-abrigo-de-leopardo-en-las-segundas-rebajas-de-cortefiel-para-salvar-la-ola-de-frio-6.jpg\"> <\/a> <\/div>\n<div class=\"pivot-ecommerce-summary\" readability=\"4.3484848484848\">\n<p class=\"pivot-ecommerce-desc\">Abrigo de peluche y acolchado reversible<\/p>\n<\/p><\/div><\/div>\n<\/div>\n<p><!-- PIVOT END --> <\/p>\n<p><em>Algunos de los enlaces de este art\u00edculo son afiliados y pueden reportar un beneficio a Trendencias.<\/em><\/p>\n<p><!-- BREAK 5 --><\/p>\n<p>Fotos | <a href=\"https:\/\/www.instagram.com\/p\/CnsKqwSKLUf\/\">@byanamilan<\/a>, <a class=\"js-ecommerce\" href=\"https:\/\/www.trendencias.com\/redirect?url=https%3A%2F%2Fcortefiel.com%2Fes%2Fes&amp;category=moda-famosas\" data-vars-affiliate-url=\"https:\/\/www.trendencias.com\/redirect?url=https%3A%2F%2Fcortefiel.com%2Fes%2Fes&amp;category=moda-famosas\">Cortefiel<\/a>.<\/p>\n<p><!-- BREAK 6 --><\/p>\n<p>En Trendencias | <a href=\"https:\/\/www.trendencias.com\/propuestas-y-consejos\/meghan-markle-23-mejores-looks-duquesa-sussex\">Meghan Markle: los 23 mejores <em>looks <\/em>de la duquesa de Sussex<\/a>.<\/p>\n<p><!-- BREAK 7 --> <\/p>\n","protected":false},"excerpt":{"rendered":"<p>Ana Mil\u00e1n ha devuelto al radar de moda un combo que jam\u00e1s deber\u00eda haberse ido. Hablamos del abrigo de leopardo combinado con rojo y con cuero negro, que es de diva total. Obviamente lo vamos a copiar, con dos propuestas de segundas rebajas que elevar\u00e1n esta ola de fr\u00edo con estilo. La actriz con estilazo [&hellip;]<\/p>\n","protected":false},"author":1,"featured_media":54457,"comment_status":"closed","ping_status":"closed","sticky":false,"template":"","format":"standard","meta":[],"categories":[1],"tags":[],"_links":{"self":[{"href":"http:\/\/hoycordobaweb.com\/index.php\/wp-json\/wp\/v2\/posts\/54456"}],"collection":[{"href":"http:\/\/hoycordobaweb.com\/index.php\/wp-json\/wp\/v2\/posts"}],"about":[{"href":"http:\/\/hoycordobaweb.com\/index.php\/wp-json\/wp\/v2\/types\/post"}],"author":[{"embeddable":true,"href":"http:\/\/hoycordobaweb.com\/index.php\/wp-json\/wp\/v2\/users\/1"}],"replies":[{"embeddable":true,"href":"http:\/\/hoycordobaweb.com\/index.php\/wp-json\/wp\/v2\/comments?post=54456"}],"version-history":[{"count":0,"href":"http:\/\/hoycordobaweb.com\/index.php\/wp-json\/wp\/v2\/posts\/54456\/revisions"}],"wp:featuredmedia":[{"embeddable":true,"href":"http:\/\/hoycordobaweb.com\/index.php\/wp-json\/wp\/v2\/media\/54457"}],"wp:attachment":[{"href":"http:\/\/hoycordobaweb.com\/index.php\/wp-json\/wp\/v2\/media?parent=54456"}],"wp:term":[{"taxonomy":"category","embeddable":true,"href":"http:\/\/hoycordobaweb.com\/index.php\/wp-json\/wp\/v2\/categories?post=54456"},{"taxonomy":"post_tag","embeddable":true,"href":"http:\/\/hoycordobaweb.com\/index.php\/wp-json\/wp\/v2\/tags?post=54456"}],"curies":[{"name":"wp","href":"https:\/\/api.w.org\/{rel}","templated":true}]}}