{"id":54421,"date":"2023-01-22T13:19:00","date_gmt":"2023-01-22T13:19:00","guid":{"rendered":"http:\/\/hoycordobaweb.com\/index.php\/2023\/01\/22\/jairo-falu-lavandera-la-musica-argentina-como-vivencia-cumbre-en-cosquin\/"},"modified":"2023-01-22T13:19:00","modified_gmt":"2023-01-22T13:19:00","slug":"jairo-falu-lavandera-la-musica-argentina-como-vivencia-cumbre-en-cosquin","status":"publish","type":"post","link":"http:\/\/hoycordobaweb.com\/index.php\/2023\/01\/22\/jairo-falu-lavandera-la-musica-argentina-como-vivencia-cumbre-en-cosquin\/","title":{"rendered":"Jairo-Fal\u00fa-Lavandera: la m\u00fasica argentina como vivencia cumbre en Cosqu\u00edn"},"content":{"rendered":"<p><img src=\"http:\/\/hoycordobaweb.com\/wp-content\/uploads\/2023\/01\/jairo-falu-lavandera-la-musica-argentina-como-vivencia-cumbre-en-cosquin.jpg\"><\/p>\n<figure class=\"mb-3\"><img loading=\"lazy\" src=\"http:\/\/hoycordobaweb.com\/wp-content\/uploads\/2023\/01\/jairo-falu-lavandera-la-musica-argentina-como-vivencia-cumbre-en-cosquin-2.jpg\" width=\"100%\" height=\"100%\" alt=\"Foto Laura lescano\"><figcaption> Foto: Laura lescano. <\/figcaption><\/figure>\n<p>El 63\u00b0 Festival Nacional de Folclore de <strong>Cosqu\u00edn tuvo en su noche de apertura<\/strong> la excelencia aportada por el encuentro entre Jairo, Juan Fal\u00fa y Horacio Lavandera que inaugur\u00f3 la velada y ofrend\u00f3 el concierto m\u00e1s rotundo de la primera luna con una propuesta que abraz\u00f3 varios prop\u00f3sitos notables.<\/p>\n<figure class=\"mb-3\"><img loading=\"lazy\" src=\"http:\/\/hoycordobaweb.com\/wp-content\/uploads\/2023\/01\/jairo-falu-lavandera-la-musica-argentina-como-vivencia-cumbre-en-cosquin-3.jpg\" width=\"100%\" height=\"100%\" alt=\"Foto Laura lescano\"><figcaption> Foto: Laura lescano. <\/figcaption><\/figure>\n<p>A contrapelo de los prejuicios en torno al car\u00e1cter \u00fanicamente festivo del p\u00fablico que asiste a la Plaza Pr\u00f3spero Molina, la <strong>Comisi\u00f3n del Festival propuso este cruce entre dos gigantes de la m\u00fasica popular <\/strong>como Jairo y Fal\u00fa para acompa\u00f1ar el debut del pianista cl\u00e1sico Lavandera en la m\u00e1xima cita folcl\u00f3rica con un resultado a todas luces excepcional.<\/p>\n<figure class=\"mb-3\"><img loading=\"lazy\" src=\"http:\/\/hoycordobaweb.com\/wp-content\/uploads\/2023\/01\/jairo-falu-lavandera-la-musica-argentina-como-vivencia-cumbre-en-cosquin-4.jpg\" width=\"100%\" height=\"100%\" alt=\"Foto Laura lescano\"><figcaption> Foto: Laura lescano. <\/figcaption><\/figure>\n<p>Es que adem\u00e1s de sumar a Lavandera a un nuevo universo sonoro, la amalgama art\u00edstica permiti\u00f3 disfrutar de obras de Athahualpa Yupanqui y Nenette Pepin, celebrar el centenario de Eduardo Fal\u00fa y propici\u00f3 el festejo por medio siglo de trayectoria de Jairo.<\/p>\n<figure class=\"mb-3\"><img loading=\"lazy\" src=\"http:\/\/hoycordobaweb.com\/wp-content\/uploads\/2023\/01\/jairo-falu-lavandera-la-musica-argentina-como-vivencia-cumbre-en-cosquin-5.jpg\" width=\"100%\" height=\"100%\" alt=\"Foto Laura lescano\"><figcaption> Foto: Laura lescano. <\/figcaption><\/figure>\n<p>Esa sumatoria de grandes motivos<strong> se fundieron en un recital que tuvo como inicio el piano solista de Lavandera <\/strong>asumiendo el peso del desaf\u00edo inaugural que sorte\u00f3 con brillantez y solvencia de la mano del malambo \u201cCruz del Sur\u201d e \u201cIndiecito dormido\u201d, dos creaciones firmadas por Yupanqui y su compa\u00f1era pianista (en aquel tiempo bajo el seud\u00f3nimo masculino de Pablo del Cerro).<\/p>\n<p>Ya como terceto compartieron \u201cLuna Tucumana\u201d y la chacarera \u201cCampo afuera\u201d y con la aplaudida salida de Lavandera, Juan Fal\u00fa tuvo un set solista ante la atenta y c\u00f3mplice mirada del vocalista donde con un m\u00e1gico arreglo reuni\u00f3 a Atahualpa Yupanqui y Eduardo Fal\u00fa, a quienes defini\u00f3 como \u201cdos monumentos que dignificaron a este querido instrumento\u201d, y enseguida toc\u00f3 \u201cChacarera del 55\u201d cantando una estrofa del inicio y otra del final que reson\u00f3 entre las vivas de la audiencia y la sentida respuesta del instrumentista agradeciendo la escucha.<\/p>\n<figure class=\"mb-3\"><img loading=\"lazy\" src=\"http:\/\/hoycordobaweb.com\/wp-content\/uploads\/2023\/01\/jairo-falu-lavandera-la-musica-argentina-como-vivencia-cumbre-en-cosquin-6.jpg\" width=\"100%\" height=\"100%\" alt=\"Foto Laura lescano\"><figcaption> Foto: Laura lescano. <\/figcaption><\/figure>\n<p>\u201cComo se cumplen 100 a\u00f1os del natalicio de Eduardo Fal\u00fa, vamos a recordarlo con canciones acunadas en nuestras memorias individuales y colectivas\u201d, propuso Juan, a lo que Jairo aport\u00f3 que llegar\u00edan \u201cdos de las canciones m\u00e1s hermosas del repertorio popular argentino que si quieren pueden cantar con nosotros\u201d y entre ambos urdieron a la altura de esa leyenda las visitas a \u201cLas golondrinas\u201d y \u201cTonada del viejo amor\u201d, gemas tambi\u00e9n firmadas por el poeta Jaime D\u00e1valos.<\/p>\n<figure class=\"mb-3\"><img loading=\"lazy\" src=\"http:\/\/hoycordobaweb.com\/wp-content\/uploads\/2023\/01\/jairo-falu-lavandera-la-musica-argentina-como-vivencia-cumbre-en-cosquin-7.jpg\" width=\"100%\" height=\"100%\" alt=\"Foto Laura lescano\"><figcaption> Foto: Laura lescano. <\/figcaption><\/figure>\n<p>Y antes de retirarse, el artista tucumano que le hab\u00eda dicho a T\u00e9lam que esperaba esta actuaci\u00f3n como \u201cuna oportunidad de un regreso que muestre el verdadero v\u00ednculo que tengo con el Festival porque lo respeto mucho a Cosqu\u00edn\u201d, se ba\u00f1\u00f3 en nuevos aplausos tras ser convidado por su compa\u00f1ero a arrimarse al filo del monumental tablado.<\/p>\n<p>Atravesando algunos problemas de sonido que fueron subsanados, Jairo y su sexteto se sumergieron en el festejo por medio siglo de andar con <strong>temas como \u201cCarpinter\u00eda Jos\u00e9\u201d, \u201cMilonga del trovador\u201d (como para tambi\u00e9n invitar a la fiesta a Astor Piazzolla y Horacio Ferrer, sus autores) y \u201cCaballo loco\u201d.<\/strong><\/p>\n<figure class=\"mb-3\"><img loading=\"lazy\" src=\"http:\/\/hoycordobaweb.com\/wp-content\/uploads\/2023\/01\/jairo-falu-lavandera-la-musica-argentina-como-vivencia-cumbre-en-cosquin-8.jpg\" width=\"100%\" height=\"100%\" alt=\"Foto Laura lescano\"><figcaption> Foto: Laura lescano. <\/figcaption><\/figure>\n<p>Tras la bell\u00edsima \u201cLos enamorados\u201d (sobre la que en la conferencia de prensa posterior confes\u00f3 que \u201ces la canci\u00f3n que m\u00e1s me gusta cantar\u201d) y \u201cPodr\u00eda bailar toda la noche contigo\u201d, que comparti\u00f3 con su hijo Yaco y su nieto Francisco, se despidi\u00f3 con un reconocimiento del Festival y entonando \u201cIndio Toba\u201d con una exigencia vocal que sigue siendo un territorio fecundo para su int\u00e9rprete.<\/p>\n<figure class=\"mb-3\"><img loading=\"lazy\" src=\"http:\/\/hoycordobaweb.com\/wp-content\/uploads\/2023\/01\/jairo-falu-lavandera-la-musica-argentina-como-vivencia-cumbre-en-cosquin-9.jpg\" width=\"100%\" height=\"100%\" alt=\"Foto Laura lescano\"><figcaption> Foto: Laura lescano. <\/figcaption><\/figure>\n<p><strong>El fascinante resultado del encuentro se prolong\u00f3 a la rueda de prensa donde un emocionado Lavandera record\u00f3 que su acercamiento al universo yupanquiano se le debe a su padre<\/strong>, fallecido en pandemia, \u201cque me regal\u00f3 unas partituras coment\u00e1ndome que en mucha de esa m\u00fasica estaba la compa\u00f1era de Yupanqui que era una gran pianista\u201d, y adem\u00e1s sostuvo que \u201cal tocar \u2018Luna tucumana\u2019 sent\u00ed que era dedicado al hermano de Juan (Lucho, detenido-desaparecido durante la \u00faltima dictadura c\u00edvico-militar)\u201d.<\/p>\n<p>Tambi\u00e9n conspirando contra la aparente norma festivalera, Yamila Cafrune \u2013primera de las 16 artistas femeninas que poblar\u00e1n las nueve jornadas como para demostrar que Cosqu\u00edn abre su espacio a los nuevos tiempos- puso su voz serena y sabia al servicio de un repertorio in\u00e9dito con el que, de paso, festej\u00f3 31 a\u00f1os de m\u00fasica.<\/p>\n<figure class=\"mb-3\"><img loading=\"lazy\" src=\"http:\/\/hoycordobaweb.com\/wp-content\/uploads\/2023\/01\/jairo-falu-lavandera-la-musica-argentina-como-vivencia-cumbre-en-cosquin-10.jpg\" width=\"100%\" height=\"100%\" alt=\"Foto Laura lescano\"><figcaption> Foto: Laura lescano. <\/figcaption><\/figure>\n<p>Al frente de un sobrio cuarteto dirigido por Moscato Luna y enfundada en un vestido fucsia, en su set reuni\u00f3, entre otras piezas, zambas (\u201cMe voy acercando al baile\u201d y \u201cAmor en febrero\u201d), vals (\u201cAtr\u00e9vete\u201d), chaya (\u201cCoraz\u00f3n enamorado\u201d), cueca (\u201cPor andar amando\u201d) y la canci\u00f3n litorale\u00f1a (\u201cChaco\u201d) para la que sum\u00f3 el acorde\u00f3n de Chochi Dur\u00e9.<\/p>\n<p>El Festival hab\u00eda comenzado bastante antes, desde las 22, con el oficio multi-religioso, la interpretaci\u00f3n del Himno Nacional Argentino que Jairo cant\u00f3 junto al salte\u00f1o Juan Fuentes acompa\u00f1ado por la Banda Municipal Blas Parera y el Coro Municipal y el Himno a Cosqu\u00edn danzado por el Ballet Camin con sus integrantes luciendo atuendos criollos blanquinegros.<\/p>\n<figure class=\"mb-3\"><img loading=\"lazy\" src=\"http:\/\/hoycordobaweb.com\/wp-content\/uploads\/2023\/01\/jairo-falu-lavandera-la-musica-argentina-como-vivencia-cumbre-en-cosquin-11.jpg\" width=\"100%\" height=\"100%\" alt=\"Foto Laura lescano\"><figcaption> Foto: Laura lescano. <\/figcaption><\/figure>\n<p>Pero para llegar a ese momento \u2013despu\u00e9s atravesado por fuegos artificiales y el ta\u00f1ir de la campana de la iglesia- el s\u00e1bado tuvo dos tradicionales desfiles callejeros seguidos por un gent\u00edo: el de agrupaciones gauchas a caballo al mediod\u00eda y el de delegaciones hacia el atardecer.<\/p>\n<figure class=\"mb-3\"><img loading=\"lazy\" src=\"http:\/\/hoycordobaweb.com\/wp-content\/uploads\/2023\/01\/jairo-falu-lavandera-la-musica-argentina-como-vivencia-cumbre-en-cosquin-12.jpg\" width=\"100%\" height=\"100%\" alt=\"Foto Laura lescano\"><figcaption> Foto: Laura lescano. <\/figcaption><\/figure>\n<p>El estreno cont\u00f3 con otros n\u00fameros consagrados y venerados a cargo de Juan Fuentes, Por Siempre Tucu, Mart\u00edn Paz y El Indio Lucio Rojas (encargado del cierre que se extendi\u00f3 bien entrada la madrugada).<\/p>\n<p>Y tambi\u00e9n la presentaci\u00f3n de propuestas surgidas del Pre Cosqu\u00edn, la pareja de baile tradicional Sequeira-Schneider (desde la sede Santo Tom\u00e9) que anim\u00f3 dos segmentos litorale\u00f1os secundada por un cuarteto y el solista instrumental Agust\u00edn S\u00e1nchez, vestido \u00edntegramente de negro y llegado desde Esperanza con una guitarra virtuosa y sobria a la vez desde la que se luci\u00f3 tocando \u201cZamba de la luna llena\u201d, \u201cLa vieja\u201d, \u201cSi llega a ser tucumana\u201d y \u201cCamino de las tropas\u201d.<\/p>\n<p>Para esta noche se anuncia a La Callejera; Sof\u00eda Assis; Homenaje al centenario de Hamlet Lima Quintana; Postales de Provincia (Tucum\u00e1n y Catamarca); D\u00fao Heredero; Bel\u00e9n Herrera; Orellana-Lucca y Los Carabajal.<\/p>\n<p>Mientras que la oferta del lunes con la presencia de Los Tekis en duda por problemas familiares de uno de sus integrantes, incluye a Facundo Toro; La Charo; Postales de Provincia (Jujuy y C\u00f3rdoba); Micaela Chauque; Ceibo; Guitarreros; Los Pacheco; Los Caligaris. <\/p>\n","protected":false},"excerpt":{"rendered":"<p>Foto: Laura lescano. El 63\u00b0 Festival Nacional de Folclore de Cosqu\u00edn tuvo en su noche de apertura la excelencia aportada por el encuentro entre Jairo, Juan Fal\u00fa y Horacio Lavandera que inaugur\u00f3 la velada y ofrend\u00f3 el concierto m\u00e1s rotundo de la primera luna con una propuesta que abraz\u00f3 varios prop\u00f3sitos notables. Foto: Laura lescano. [&hellip;]<\/p>\n","protected":false},"author":1,"featured_media":54422,"comment_status":"open","ping_status":"closed","sticky":false,"template":"","format":"standard","meta":[],"categories":[19],"tags":[],"_links":{"self":[{"href":"http:\/\/hoycordobaweb.com\/index.php\/wp-json\/wp\/v2\/posts\/54421"}],"collection":[{"href":"http:\/\/hoycordobaweb.com\/index.php\/wp-json\/wp\/v2\/posts"}],"about":[{"href":"http:\/\/hoycordobaweb.com\/index.php\/wp-json\/wp\/v2\/types\/post"}],"author":[{"embeddable":true,"href":"http:\/\/hoycordobaweb.com\/index.php\/wp-json\/wp\/v2\/users\/1"}],"replies":[{"embeddable":true,"href":"http:\/\/hoycordobaweb.com\/index.php\/wp-json\/wp\/v2\/comments?post=54421"}],"version-history":[{"count":0,"href":"http:\/\/hoycordobaweb.com\/index.php\/wp-json\/wp\/v2\/posts\/54421\/revisions"}],"wp:featuredmedia":[{"embeddable":true,"href":"http:\/\/hoycordobaweb.com\/index.php\/wp-json\/wp\/v2\/media\/54422"}],"wp:attachment":[{"href":"http:\/\/hoycordobaweb.com\/index.php\/wp-json\/wp\/v2\/media?parent=54421"}],"wp:term":[{"taxonomy":"category","embeddable":true,"href":"http:\/\/hoycordobaweb.com\/index.php\/wp-json\/wp\/v2\/categories?post=54421"},{"taxonomy":"post_tag","embeddable":true,"href":"http:\/\/hoycordobaweb.com\/index.php\/wp-json\/wp\/v2\/tags?post=54421"}],"curies":[{"name":"wp","href":"https:\/\/api.w.org\/{rel}","templated":true}]}}