{"id":54419,"date":"2023-01-22T13:26:00","date_gmt":"2023-01-22T13:26:00","guid":{"rendered":"http:\/\/hoycordobaweb.com\/index.php\/2023\/01\/22\/messi-descansa-y-no-jugara-con-paris-saint-germain-por-la-copa-de-francia\/"},"modified":"2023-01-22T13:26:00","modified_gmt":"2023-01-22T13:26:00","slug":"messi-descansa-y-no-jugara-con-paris-saint-germain-por-la-copa-de-francia","status":"publish","type":"post","link":"http:\/\/hoycordobaweb.com\/index.php\/2023\/01\/22\/messi-descansa-y-no-jugara-con-paris-saint-germain-por-la-copa-de-francia\/","title":{"rendered":"Messi descansa y no jugar\u00e1 con Paris Saint Germain por la Copa de Francia"},"content":{"rendered":"<p><img src=\"http:\/\/hoycordobaweb.com\/wp-content\/uploads\/2023\/01\/messi-descansa-y-no-jugara-con-paris-saint-germain-por-la-copa-de-francia.jpg\"><\/p>\n<figure class=\"mb-3\"><img loading=\"lazy\" src=\"http:\/\/hoycordobaweb.com\/wp-content\/uploads\/2023\/01\/messi-descansa-y-no-jugara-con-paris-saint-germain-por-la-copa-de-francia-2.jpg\" width=\"100%\" height=\"100%\" alt=\"Foto AFP\"><figcaption> Foto: AFP <\/figcaption><\/figure>\n<p>Lionel Messi no fue convocado por el entrenador Christophe Galtier para el partido que disputar\u00e1 el lunes Paris Saint Germain por los 16avos de final de la Copa de Francia ante Pays de Cassel.<\/p>\n<p>El club parisino public\u00f3 la n\u00f3mina de jugadores citados sin la presencia del astro argentino.<\/p>\n<p>Sin embargo, para visitar al equipo de la sexta divisi\u00f3n francesa, <a href=\"https:\/\/www.telam.com.ar\/notas\/202301\/617609-amistoso-psg-arabia-saudita-lionel-messi-cristiano-ronaldo.html\" target=\"_blank\" rel=\"noopener noreferrer\"><strong>Galtier llevar\u00e1 a Neymar y Kylian Mbapp\u00e9 adem\u00e1s de Achraf Hakimi, Sergio Ramos, Marquinhos<\/strong><\/a>, entre otras figuras del campe\u00f3n de Francia.<\/p>\n<p>Messi, en tanto, descansar\u00e1 luego de lo que fue la gira por Qatar y Arabia Saudita que incluy\u00f3 el amistoso del jueves ante el equipo de las estrellas de la liga saud\u00ed integrado por Cristiano Ronaldo y dirigido por Marcelo Gallardo.<\/p>\n<p>Pays de Cassel ya super\u00f3 tres instancias de la Copa de Francia y el \u00faltimo sorteo determin\u00f3 que deber\u00e1 enfrentar al poderoso PSG.<\/p>\n<p>El partido se jugar\u00e1 desde las 16.45 en el estadio Bollaert-Delelis de la ciudad de Lens ya que la sede de Pays de Cassel tiene capacidad para poco m\u00e1s de dos mil espectadores. <\/p>\n","protected":false},"excerpt":{"rendered":"<p>Foto: AFP Lionel Messi no fue convocado por el entrenador Christophe Galtier para el partido que disputar\u00e1 el lunes Paris Saint Germain por los 16avos de final de la Copa de Francia ante Pays de Cassel. El club parisino public\u00f3 la n\u00f3mina de jugadores citados sin la presencia del astro argentino. Sin embargo, para visitar [&hellip;]<\/p>\n","protected":false},"author":1,"featured_media":54420,"comment_status":"open","ping_status":"closed","sticky":false,"template":"","format":"standard","meta":[],"categories":[19],"tags":[],"_links":{"self":[{"href":"http:\/\/hoycordobaweb.com\/index.php\/wp-json\/wp\/v2\/posts\/54419"}],"collection":[{"href":"http:\/\/hoycordobaweb.com\/index.php\/wp-json\/wp\/v2\/posts"}],"about":[{"href":"http:\/\/hoycordobaweb.com\/index.php\/wp-json\/wp\/v2\/types\/post"}],"author":[{"embeddable":true,"href":"http:\/\/hoycordobaweb.com\/index.php\/wp-json\/wp\/v2\/users\/1"}],"replies":[{"embeddable":true,"href":"http:\/\/hoycordobaweb.com\/index.php\/wp-json\/wp\/v2\/comments?post=54419"}],"version-history":[{"count":0,"href":"http:\/\/hoycordobaweb.com\/index.php\/wp-json\/wp\/v2\/posts\/54419\/revisions"}],"wp:featuredmedia":[{"embeddable":true,"href":"http:\/\/hoycordobaweb.com\/index.php\/wp-json\/wp\/v2\/media\/54420"}],"wp:attachment":[{"href":"http:\/\/hoycordobaweb.com\/index.php\/wp-json\/wp\/v2\/media?parent=54419"}],"wp:term":[{"taxonomy":"category","embeddable":true,"href":"http:\/\/hoycordobaweb.com\/index.php\/wp-json\/wp\/v2\/categories?post=54419"},{"taxonomy":"post_tag","embeddable":true,"href":"http:\/\/hoycordobaweb.com\/index.php\/wp-json\/wp\/v2\/tags?post=54419"}],"curies":[{"name":"wp","href":"https:\/\/api.w.org\/{rel}","templated":true}]}}