{"id":54263,"date":"2023-01-18T12:45:00","date_gmt":"2023-01-18T12:45:00","guid":{"rendered":"http:\/\/hoycordobaweb.com\/index.php\/2023\/01\/18\/meloni-y-macron-piden-mas-controles-en-las-fronteras-tras-los-cruces-por-la-inmigracion\/"},"modified":"2023-01-18T12:45:00","modified_gmt":"2023-01-18T12:45:00","slug":"meloni-y-macron-piden-mas-controles-en-las-fronteras-tras-los-cruces-por-la-inmigracion","status":"publish","type":"post","link":"http:\/\/hoycordobaweb.com\/index.php\/2023\/01\/18\/meloni-y-macron-piden-mas-controles-en-las-fronteras-tras-los-cruces-por-la-inmigracion\/","title":{"rendered":"Meloni y Macron piden m\u00e1s controles en las fronteras tras los cruces por la inmigraci\u00f3n"},"content":{"rendered":"<p><img src=\"http:\/\/hoycordobaweb.com\/wp-content\/uploads\/2023\/01\/meloni-y-macron-piden-mas-controles-en-las-fronteras-tras-los-cruces-por-la-inmigracion.jpg\"><\/p>\n<figure class=\"mb-3\"><img loading=\"lazy\" src=\"http:\/\/hoycordobaweb.com\/wp-content\/uploads\/2023\/01\/meloni-y-macron-piden-mas-controles-en-las-fronteras-tras-los-cruces-por-la-inmigracion-2.jpg\" width=\"100%\" height=\"100%\" alt=\"Desde noviembre Italia tiene una nueva disposicin que permite el desembarco de enfermos nios y mujeres Foto AFP\"><figcaption> Desde noviembre, Italia tiene una nueva disposici\u00f3n que permite el desembarco de enfermos, ni\u00f1os y mujeres. Foto: AFP. <\/figcaption><\/figure>\n<p> &nbsp;<\/p>\n<p>La <strong>primera ministra de Italia Giorgia Meloni y el presidente franc\u00e9s Emmanuel Macron<\/strong> coincidieron en la <strong>necesidad de \u00abcombatir la inmigraci\u00f3n ilegal\u00bb<\/strong> con un sistema de \u00abcontrol efectivo de las fronteras exteriores\u00bb europeas, en una conversaci\u00f3n telef\u00f3nica que pareci\u00f3 una tregua moment\u00e1nea tras los cruces de 2022 por la gesti\u00f3n de las personas rescatadas en el Mediterr\u00e1neo.<\/p>\n<p>A trav\u00e9s de una \u00abcordial conversaci\u00f3n telef\u00f3nica\u00bb, como la defini\u00f3 un comunicado del Gobierno italiano a \u00faltima hora del martes, Meloni y Macron abordaron \u00ablos principales temas que est\u00e1n en el centro de la agenda europea e internacional\u00bb.<\/p>\n<p>Durante la conversaci\u00f3n, indic\u00f3 la nota oficial, \u00abse reafirm\u00f3 la voluntad de garantizar el pleno apoyo a Ucrania y la urgencia de identificar soluciones efectivas a nivel europeo para apoyar la competitividad de las empresas europeas y combatir la inmigraci\u00f3n ilegal a trav\u00e9s del control efectivo de las fronteras exteriores de la Uni\u00f3n Europea\u00bb.<\/p>\n<p>El di\u00e1logo bilateral se dio luego de los fuertes cruces a fines de 2022 por la gesti\u00f3n de las personas rescatadas en el Mediterr\u00e1neo, a partir de los reclamos italianos para que el resto de Europa ayude en la relocalizaci\u00f3n de los inmigrantes que arriban por v\u00eda mar\u00edtima.<\/p>\n<p>En ese marco, Meloni y Macron \u00abacordaron continuar discutiendo estos temas ampliamente compartidos\u00bb.<\/p>\n<p>A mediados de noviembre, Italia puso en pr\u00e1ctica una nueva disposici\u00f3n que permite el desembarco de enfermos, ni\u00f1os y mujeres, con la que buscaba apoyo europeo para el resto de las personas.<\/p>\n<p>La tensi\u00f3n llev\u00f3 a que<strong> Francia abriera sus puertos por primera vez en la historia a la llegada de un barco humanitario<\/strong> a uno de sus puertos con 234 personas, de las que a los pocos d\u00edas ech\u00f3 a cerca de la mitad.<\/p>\n<p>Meloni explicit\u00f3 que de un acuerdo inicial para que el continente aceptara a 8.000 de los 90.000 inmigrantes llegados a su territorio, solo fueron repartidos 117, de los que 38 fueron a Francia.<\/p>\n<p>En su<strong> reclamo de una gesti\u00f3n continental de la inmigraci\u00f3n, Meloni tuvo el apoyo del Vaticano<\/strong>, que en palabras del papa Francisco reclam\u00f3 que haya una coordinaci\u00f3n europea en la cuesti\u00f3n migratoria para que no sean los pa\u00edses de primera l\u00ednea mediterr\u00e1nea (Espa\u00f1a, Italia, Grecia y Chipre) quienes se hagan cargo de la acogida de todos los n\u00e1ufragos. <\/p>\n","protected":false},"excerpt":{"rendered":"<p>Desde noviembre, Italia tiene una nueva disposici\u00f3n que permite el desembarco de enfermos, ni\u00f1os y mujeres. Foto: AFP. &nbsp; La primera ministra de Italia Giorgia Meloni y el presidente franc\u00e9s Emmanuel Macron coincidieron en la necesidad de \u00abcombatir la inmigraci\u00f3n ilegal\u00bb con un sistema de \u00abcontrol efectivo de las fronteras exteriores\u00bb europeas, en una conversaci\u00f3n [&hellip;]<\/p>\n","protected":false},"author":1,"featured_media":54264,"comment_status":"open","ping_status":"closed","sticky":false,"template":"","format":"standard","meta":[],"categories":[19],"tags":[],"_links":{"self":[{"href":"http:\/\/hoycordobaweb.com\/index.php\/wp-json\/wp\/v2\/posts\/54263"}],"collection":[{"href":"http:\/\/hoycordobaweb.com\/index.php\/wp-json\/wp\/v2\/posts"}],"about":[{"href":"http:\/\/hoycordobaweb.com\/index.php\/wp-json\/wp\/v2\/types\/post"}],"author":[{"embeddable":true,"href":"http:\/\/hoycordobaweb.com\/index.php\/wp-json\/wp\/v2\/users\/1"}],"replies":[{"embeddable":true,"href":"http:\/\/hoycordobaweb.com\/index.php\/wp-json\/wp\/v2\/comments?post=54263"}],"version-history":[{"count":0,"href":"http:\/\/hoycordobaweb.com\/index.php\/wp-json\/wp\/v2\/posts\/54263\/revisions"}],"wp:featuredmedia":[{"embeddable":true,"href":"http:\/\/hoycordobaweb.com\/index.php\/wp-json\/wp\/v2\/media\/54264"}],"wp:attachment":[{"href":"http:\/\/hoycordobaweb.com\/index.php\/wp-json\/wp\/v2\/media?parent=54263"}],"wp:term":[{"taxonomy":"category","embeddable":true,"href":"http:\/\/hoycordobaweb.com\/index.php\/wp-json\/wp\/v2\/categories?post=54263"},{"taxonomy":"post_tag","embeddable":true,"href":"http:\/\/hoycordobaweb.com\/index.php\/wp-json\/wp\/v2\/tags?post=54263"}],"curies":[{"name":"wp","href":"https:\/\/api.w.org\/{rel}","templated":true}]}}