{"id":54214,"date":"2023-01-17T12:12:33","date_gmt":"2023-01-17T12:12:33","guid":{"rendered":"https:\/\/www.trendencias.com\/marcas\/nueve-vestidos-rebajas-invierno-lefties-que-nos-serviran-para-vacaciones-verano-7-euros"},"modified":"2023-01-17T12:12:33","modified_gmt":"2023-01-17T12:12:33","slug":"los-nueve-vestidos-de-las-rebajas-de-invierno-de-lefties-que-nos-serviran-para-las-vacaciones-de-verano-y-por-menos-de-7-euros","status":"publish","type":"post","link":"http:\/\/hoycordobaweb.com\/index.php\/2023\/01\/17\/los-nueve-vestidos-de-las-rebajas-de-invierno-de-lefties-que-nos-serviran-para-las-vacaciones-de-verano-y-por-menos-de-7-euros\/","title":{"rendered":"Los nueve vestidos de las rebajas de invierno de Lefties que nos servir\u00e1n para las vacaciones de verano (y por menos de 7 euros)"},"content":{"rendered":"<p>Pensar en el futuro, adelantarse a todo el mundo y comprar con cabeza, he aqu\u00ed los tres factores b\u00e1sicos para arrasar en <a href=\"https:\/\/www.trendencias.com\/tag\/rebajas-2023\">\u00e9poca de rebajas<\/a>. Con los descuentos aumentando y los precios bajando, <a href=\"https:\/\/www.trendencias.com\/tag\/lefties\">Lefties<\/a> est\u00e1 enloqueciendo al personal con su colecci\u00f3n de vestidos por <strong>menos de 7 euros<\/strong>. Perfectos para esta <strong>pr\u00f3xima Primavera-Verano 2023<\/strong>, la firma espa\u00f1ola nos conquista con estos modelos que nos podr\u00edan acompa\u00f1ar durante las vacaciones de verano.<\/p>\n<p><!-- BREAK 1 --><\/p>\n<div class=\"article-asset article-asset-normal article-asset-center\">\n<div class=\"desvio-container\">\n<div class=\"desvio\">\n<div class=\"desvio-figure js-desvio-figure\"> <a href=\"https:\/\/www.trendencias.com\/shopping\/lefties-tiene-abrigo-punto-que-utilizaras-24-7-porque-divino-tiene-super-precio\"> <img alt=\"Lefties tiene el abrigo de punto que utilizar\u00e1s 24\/7 porque es divino y tiene un s\u00faper precio \" src=\"http:\/\/hoycordobaweb.com\/wp-content\/uploads\/2023\/01\/los-nueve-vestidos-de-las-rebajas-de-invierno-de-lefties-que-nos-serviran-para-las-vacaciones-de-verano-y-por-menos-de-7-euros.jpg\"> <\/a> <\/div><\/div><\/div>\n<\/div>\n<h2>Vestidos de las rebajas de Lefties perfectos para llevar en verano<\/h2>\n<p>Invertir en prendas que podremos llevar en unos meses es toda una proeza, y estos vestidos de Lefties se convierten en la mejor inversi\u00f3n para la pr\u00f3xima Primavera-Verano 2023. Aprovecharse de los descuentos para empezar a preparar el armario de verano es una genialidad \u00e9pica.<\/p>\n<p><!-- BREAK 2 --> <\/p>\n<h3>Apostando por el Barbiecore<\/h3>\n<p>La <a href=\"https:\/\/www.trendencias.com\/tendencias\/tendencia-barbiecore-que-tine-todo-rosa-chicle-21-looks-moda-belleza-para-saber-como-llevarla\">tendencia Barbiecore<\/a> ha enamorado a muchas <em>celebrities<\/em> de la talla de <a href=\"https:\/\/www.trendencias.com\/moda-famosas\/kim-kardashian-mucho-que-empresaria-multimillonaria-referente-estilo-estos-23-looks-demuestran\">Kim Kardashian<\/a>, y desde entonces se ha convertido en un tono b\u00e1sico en el armario de muchas <em>fashion victims<\/em>. Si sabes de bien seguro que este pr\u00f3ximo verano 2023 quieres probar suerte con un dise\u00f1o de estas caracter\u00edsticas, <a class=\"js-ecommerce\" href=\"https:\/\/www.trendencias.com\/redirect?url=https%3A%2F%2Fwww.lefties.com%2Fes%2Fmujer%2Frebajas-hasta--50%2525%2Fvestidos%2Fvestido-mistral-x-lefties-largo-c1030301506p523623508.html%3FcolorId%3D630%26parentId%3D523628120&amp;category=marcas\" data-vars-affiliate-url=\"https:\/\/www.trendencias.com\/redirect?url=https%3A%2F%2Fwww.lefties.com%2Fes%2Fmujer%2Frebajas-hasta--50%2525%2Fvestidos%2Fvestido-mistral-x-lefties-largo-c1030301506p523623508.html%3FcolorId%3D630%26parentId%3D523628120&amp;category=marcas\">esta opci\u00f3n<\/a> sacada de la colecci\u00f3n c\u00e1psula de Mistral te pertenece.<\/p>\n<p><!-- BREAK 3 --><\/p>\n<div class=\"article-asset-image article-asset-normal article-asset-center\">\n<div class=\"asset-content\">\n<div class=\"base-wrapper-image\"> <img class=\"sf-lazy centro_sinmarco\" data-sf-srcset=\"http:\/\/hoycordobaweb.com\/wp-content\/uploads\/2023\/01\/los-nueve-vestidos-de-las-rebajas-de-invierno-de-lefties-que-nos-serviran-para-las-vacaciones-de-verano-y-por-menos-de-7-euros-1.jpg 450w, http:\/\/hoycordobaweb.com\/wp-content\/uploads\/2023\/01\/los-nueve-vestidos-de-las-rebajas-de-invierno-de-lefties-que-nos-serviran-para-las-vacaciones-de-verano-y-por-menos-de-7-euros-20.jpg 681w,http:\/\/hoycordobaweb.com\/wp-content\/uploads\/2023\/01\/los-nueve-vestidos-de-las-rebajas-de-invierno-de-lefties-que-nos-serviran-para-las-vacaciones-de-verano-y-por-menos-de-7-euros-21.jpg 1024w, http:\/\/hoycordobaweb.com\/wp-content\/uploads\/2023\/01\/los-nueve-vestidos-de-las-rebajas-de-invierno-de-lefties-que-nos-serviran-para-las-vacaciones-de-verano-y-por-menos-de-7-euros-22.jpg 1366w,\" data-sf-src=\"http:\/\/hoycordobaweb.com\/wp-content\/uploads\/2023\/01\/los-nueve-vestidos-de-las-rebajas-de-invierno-de-lefties-que-nos-serviran-para-las-vacaciones-de-verano-y-por-menos-de-7-euros-1.jpg\" alt=\"Lefties Rebajas 2023 Vestidos 01\"> <noscript><img alt=\"Lefties Rebajas 2023 Vestidos 01\" class=\"centro_sinmarco\" src=\"http:\/\/hoycordobaweb.com\/wp-content\/uploads\/2023\/01\/los-nueve-vestidos-de-las-rebajas-de-invierno-de-lefties-que-nos-serviran-para-las-vacaciones-de-verano-y-por-menos-de-7-euros-1.jpg\"><\/noscript> <\/div><\/div>\n<\/div>\n<p><!-- PIVOT START --><\/p>\n<div class=\"pivot-ecommerce-container\">\n<div class=\"pivot-ecommerce\" readability=\"5.85\">\n<div class=\"pivot-ecommerce-figure\"> <a href=\"https:\/\/www.trendencias.com\/redirect?url=https%3A%2F%2Fwww.lefties.com%2Fes%2Fmujer%2Frebajas-hasta--50%2525%2Fvestidos%2Fvestido-mistral-x-lefties-largo-c1030301506p523623508.html%3FcolorId%3D630%26parentId%3D523628120&amp;category=marcas&amp;pivot=1\"> <img alt=\"Vestido largo de cuello redondo sin manga con peque\u00f1o estampado delantero de Mistral\u00ae. Cuenta con c\u00f3modas aberturas en el bajo que facilitan el movimiento y etiqueta trasera cosida de Mistral\u00ae.\" src=\"http:\/\/hoycordobaweb.com\/wp-content\/uploads\/2023\/01\/los-nueve-vestidos-de-las-rebajas-de-invierno-de-lefties-que-nos-serviran-para-las-vacaciones-de-verano-y-por-menos-de-7-euros-2.jpg\"> <\/a> <\/div>\n<div class=\"pivot-ecommerce-summary\" readability=\"7.2\">\n<p class=\"pivot-ecommerce-desc\">Vestido largo de cuello redondo sin manga con peque\u00f1o estampado delantero de Mistral\u00ae. Cuenta con c\u00f3modas aberturas en el bajo que facilitan el movimiento y etiqueta trasera cosida de Mistral\u00ae.<\/p>\n<\/p><\/div><\/div>\n<\/div>\n<p><!-- PIVOT END --><\/p>\n<p>Sin embargo, tambi\u00e9n encontramos este <a class=\"js-ecommerce\" href=\"https:\/\/www.trendencias.com\/redirect?url=https%3A%2F%2Fwww.lefties.com%2Fes%2Fmujer%2Frebajas-hasta--50%2525%2Fvestidos%2Fvestido-corto-con-abertura-c1030301506p523621204.html%3FcolorId%3D690%26parentId%3D523622974&amp;category=marcas\" data-vars-affiliate-url=\"https:\/\/www.trendencias.com\/redirect?url=https%3A%2F%2Fwww.lefties.com%2Fes%2Fmujer%2Frebajas-hasta--50%2525%2Fvestidos%2Fvestido-corto-con-abertura-c1030301506p523621204.html%3FcolorId%3D690%26parentId%3D523622974&amp;category=marcas\">dise\u00f1o mini con detalles <em>cut out<\/em><\/a> que lo convierte en la pieza perfecta para lucir las 24\/7.<\/p>\n<p><!-- BREAK 4 --><\/p>\n<div class=\"article-asset-image article-asset-normal article-asset-center\">\n<div class=\"asset-content\">\n<div class=\"base-wrapper-image\"> <img class=\"sf-lazy centro_sinmarco\" data-sf-srcset=\"http:\/\/hoycordobaweb.com\/wp-content\/uploads\/2023\/01\/los-nueve-vestidos-de-las-rebajas-de-invierno-de-lefties-que-nos-serviran-para-las-vacaciones-de-verano-y-por-menos-de-7-euros-3.jpg 450w, http:\/\/hoycordobaweb.com\/wp-content\/uploads\/2023\/01\/los-nueve-vestidos-de-las-rebajas-de-invierno-de-lefties-que-nos-serviran-para-las-vacaciones-de-verano-y-por-menos-de-7-euros-23.jpg 681w,http:\/\/hoycordobaweb.com\/wp-content\/uploads\/2023\/01\/los-nueve-vestidos-de-las-rebajas-de-invierno-de-lefties-que-nos-serviran-para-las-vacaciones-de-verano-y-por-menos-de-7-euros-24.jpg 1024w, http:\/\/hoycordobaweb.com\/wp-content\/uploads\/2023\/01\/los-nueve-vestidos-de-las-rebajas-de-invierno-de-lefties-que-nos-serviran-para-las-vacaciones-de-verano-y-por-menos-de-7-euros-25.jpg 1366w,\" data-sf-src=\"http:\/\/hoycordobaweb.com\/wp-content\/uploads\/2023\/01\/los-nueve-vestidos-de-las-rebajas-de-invierno-de-lefties-que-nos-serviran-para-las-vacaciones-de-verano-y-por-menos-de-7-euros-3.jpg\" alt=\"Lefties Rebajas 2023 Vestidos 02\"> <noscript><img alt=\"Lefties Rebajas 2023 Vestidos 02\" class=\"centro_sinmarco\" src=\"http:\/\/hoycordobaweb.com\/wp-content\/uploads\/2023\/01\/los-nueve-vestidos-de-las-rebajas-de-invierno-de-lefties-que-nos-serviran-para-las-vacaciones-de-verano-y-por-menos-de-7-euros-3.jpg\"><\/noscript> <\/div><\/div>\n<\/div>\n<p><!-- PIVOT START --><\/p>\n<div class=\"pivot-ecommerce-container\">\n<div class=\"pivot-ecommerce\" readability=\"5.7311827956989\">\n<div class=\"pivot-ecommerce-figure\"> <a href=\"https:\/\/www.trendencias.com\/redirect?url=https%3A%2F%2Fwww.lefties.com%2Fes%2Fmujer%2Frebajas-hasta--50%2525%2Fvestidos%2Fvestido-corto-con-abertura-c1030301506p523621204.html%3FcolorId%3D690%26parentId%3D523622974&amp;category=marcas&amp;pivot=1\"> <img alt=\"Vestido corto con escote en V y manga corta. Tiene aberturas central en forma de triangulo con lazada ajustable. Est\u00e1 confeccionado en un c\u00f3modo y ligero tejido.\" src=\"http:\/\/hoycordobaweb.com\/wp-content\/uploads\/2023\/01\/los-nueve-vestidos-de-las-rebajas-de-invierno-de-lefties-que-nos-serviran-para-las-vacaciones-de-verano-y-por-menos-de-7-euros-4.jpg\"> <\/a> <\/div>\n<div class=\"pivot-ecommerce-summary\" readability=\"7.0537634408602\">\n<p class=\"pivot-ecommerce-desc\">Vestido corto con escote en V y manga corta. Tiene aberturas central en forma de triangulo con lazada ajustable. Est\u00e1 confeccionado en un c\u00f3modo y ligero tejido.<\/p>\n<\/p><\/div><\/div>\n<\/div>\n<p><!-- PIVOT END --><\/p>\n<h3>Vestidos perfectos para las ocasiones especiales<\/h3>\n<p>Ya sea para un futuro evento de etiqueta, para salir de fiesta con las amigas o incluso para lograr un look de invitada <em>low-cost<\/em>: todas las opciones son v\u00e1lidas para autoconvencerse que es el momento de a\u00f1adir un <a class=\"js-ecommerce\" href=\"https:\/\/www.trendencias.com\/redirect?url=https%3A%2F%2Fwww.lefties.com%2Fes%2Fmujer%2Frebajas-hasta--50%2525%2Fvestidos%2Fvestido-lentejuelas-colores-c1030301506p533742186.html%3FcolorId%3D044%26parentId%3D534173264&amp;category=marcas\" data-vars-affiliate-url=\"https:\/\/www.trendencias.com\/redirect?url=https%3A%2F%2Fwww.lefties.com%2Fes%2Fmujer%2Frebajas-hasta--50%2525%2Fvestidos%2Fvestido-lentejuelas-colores-c1030301506p533742186.html%3FcolorId%3D044%26parentId%3D534173264&amp;category=marcas\">mini vestido de lentejuelas multicolor<\/a> a nuestra colecci\u00f3n.<\/p>\n<p><!-- BREAK 5 --><\/p>\n<div class=\"article-asset-image article-asset-normal article-asset-center\">\n<div class=\"asset-content\">\n<div class=\"base-wrapper-image\"> <img class=\"sf-lazy centro_sinmarco\" data-sf-srcset=\"http:\/\/hoycordobaweb.com\/wp-content\/uploads\/2023\/01\/los-nueve-vestidos-de-las-rebajas-de-invierno-de-lefties-que-nos-serviran-para-las-vacaciones-de-verano-y-por-menos-de-7-euros-5.jpg 450w, http:\/\/hoycordobaweb.com\/wp-content\/uploads\/2023\/01\/los-nueve-vestidos-de-las-rebajas-de-invierno-de-lefties-que-nos-serviran-para-las-vacaciones-de-verano-y-por-menos-de-7-euros-26.jpg 681w,http:\/\/hoycordobaweb.com\/wp-content\/uploads\/2023\/01\/los-nueve-vestidos-de-las-rebajas-de-invierno-de-lefties-que-nos-serviran-para-las-vacaciones-de-verano-y-por-menos-de-7-euros-27.jpg 1024w, http:\/\/hoycordobaweb.com\/wp-content\/uploads\/2023\/01\/los-nueve-vestidos-de-las-rebajas-de-invierno-de-lefties-que-nos-serviran-para-las-vacaciones-de-verano-y-por-menos-de-7-euros-28.jpg 1366w,\" data-sf-src=\"http:\/\/hoycordobaweb.com\/wp-content\/uploads\/2023\/01\/los-nueve-vestidos-de-las-rebajas-de-invierno-de-lefties-que-nos-serviran-para-las-vacaciones-de-verano-y-por-menos-de-7-euros-5.jpg\" alt=\"Lefties Rebajas 2023 Vestidos 03\"> <noscript><img alt=\"Lefties Rebajas 2023 Vestidos 03\" class=\"centro_sinmarco\" src=\"http:\/\/hoycordobaweb.com\/wp-content\/uploads\/2023\/01\/los-nueve-vestidos-de-las-rebajas-de-invierno-de-lefties-que-nos-serviran-para-las-vacaciones-de-verano-y-por-menos-de-7-euros-5.jpg\"><\/noscript> <\/div><\/div>\n<\/div>\n<p><!-- PIVOT START --><\/p>\n<div class=\"pivot-ecommerce-container\">\n<div class=\"pivot-ecommerce\" readability=\"5.5653594771242\">\n<div class=\"pivot-ecommerce-figure\"> <a href=\"https:\/\/www.trendencias.com\/redirect?url=https%3A%2F%2Fwww.lefties.com%2Fes%2Fmujer%2Frebajas-hasta--50%2525%2Fvestidos%2Fvestido-lentejuelas-colores-c1030301506p533742186.html%3FcolorId%3D044%26parentId%3D534173264&amp;category=marcas&amp;pivot=1\"> <img alt=\"Vestido corto de tirantes anchos con escote y espalda en V. Est\u00e1 confeccionado en un tejido de lentejuelas brillantes de colores.\" src=\"http:\/\/hoycordobaweb.com\/wp-content\/uploads\/2023\/01\/los-nueve-vestidos-de-las-rebajas-de-invierno-de-lefties-que-nos-serviran-para-las-vacaciones-de-verano-y-por-menos-de-7-euros-6.jpg\"> <\/a> <\/div>\n<div class=\"pivot-ecommerce-summary\" readability=\"6.8496732026144\">\n<p class=\"pivot-ecommerce-desc\">Vestido corto de tirantes anchos con escote y espalda en V. Est\u00e1 confeccionado en un tejido de lentejuelas brillantes de colores.<\/p>\n<\/p><\/div><\/div>\n<\/div>\n<p><!-- PIVOT END --><\/p>\n<p>Aunque si lo preferimos, siempre podemos optar por esta <a class=\"js-ecommerce\" href=\"https:\/\/www.trendencias.com\/redirect?url=https%3A%2F%2Fwww.lefties.com%2Fes%2Fmujer%2Frebajas-hasta--50%2525%2Fvestidos%2Fvestido-satinado-brillo-c1030301506p548097487.html%3FcolorId%3D400%26parentId%3D548099492&amp;category=marcas\" data-vars-affiliate-url=\"https:\/\/www.trendencias.com\/redirect?url=https%3A%2F%2Fwww.lefties.com%2Fes%2Fmujer%2Frebajas-hasta--50%2525%2Fvestidos%2Fvestido-satinado-brillo-c1030301506p548097487.html%3FcolorId%3D400%26parentId%3D548099492&amp;category=marcas\">versi\u00f3n larga de sat\u00e9n<\/a> donde los aires noventeros hacen acto de presencia y se cumple la regla del <em>menos es m\u00e1s<\/em>.<\/p>\n<p><!-- BREAK 6 --><\/p>\n<div class=\"article-asset-image article-asset-normal article-asset-center\">\n<div class=\"asset-content\">\n<div class=\"base-wrapper-image\"> <img class=\"sf-lazy centro_sinmarco\" data-sf-srcset=\"http:\/\/hoycordobaweb.com\/wp-content\/uploads\/2023\/01\/los-nueve-vestidos-de-las-rebajas-de-invierno-de-lefties-que-nos-serviran-para-las-vacaciones-de-verano-y-por-menos-de-7-euros-7.jpg 450w, http:\/\/hoycordobaweb.com\/wp-content\/uploads\/2023\/01\/los-nueve-vestidos-de-las-rebajas-de-invierno-de-lefties-que-nos-serviran-para-las-vacaciones-de-verano-y-por-menos-de-7-euros-29.jpg 681w,http:\/\/hoycordobaweb.com\/wp-content\/uploads\/2023\/01\/los-nueve-vestidos-de-las-rebajas-de-invierno-de-lefties-que-nos-serviran-para-las-vacaciones-de-verano-y-por-menos-de-7-euros-30.jpg 1024w, http:\/\/hoycordobaweb.com\/wp-content\/uploads\/2023\/01\/los-nueve-vestidos-de-las-rebajas-de-invierno-de-lefties-que-nos-serviran-para-las-vacaciones-de-verano-y-por-menos-de-7-euros-31.jpg 1366w,\" data-sf-src=\"http:\/\/hoycordobaweb.com\/wp-content\/uploads\/2023\/01\/los-nueve-vestidos-de-las-rebajas-de-invierno-de-lefties-que-nos-serviran-para-las-vacaciones-de-verano-y-por-menos-de-7-euros-7.jpg\" alt=\"Lefties Rebajas 2023 Vestidos 04\"> <noscript><img alt=\"Lefties Rebajas 2023 Vestidos 04\" class=\"centro_sinmarco\" src=\"http:\/\/hoycordobaweb.com\/wp-content\/uploads\/2023\/01\/los-nueve-vestidos-de-las-rebajas-de-invierno-de-lefties-que-nos-serviran-para-las-vacaciones-de-verano-y-por-menos-de-7-euros-7.jpg\"><\/noscript> <\/div><\/div>\n<\/div>\n<p><!-- PIVOT START --><\/p>\n<div class=\"pivot-ecommerce-container\">\n<div class=\"pivot-ecommerce\" readability=\"5.4083969465649\">\n<div class=\"pivot-ecommerce-figure\"> <a href=\"https:\/\/www.trendencias.com\/redirect?url=https%3A%2F%2Fwww.lefties.com%2Fes%2Fmujer%2Frebajas-hasta--50%2525%2Fvestidos%2Fvestido-satinado-brillo-c1030301506p548097487.html%3FcolorId%3D400%26parentId%3D548099492&amp;category=marcas&amp;pivot=1\"> <img alt=\"Vestido midi de escote redondo y tirantes regulables. Est\u00e1 confeccionado en un tejido muy fluido brillante.\" src=\"http:\/\/hoycordobaweb.com\/wp-content\/uploads\/2023\/01\/los-nueve-vestidos-de-las-rebajas-de-invierno-de-lefties-que-nos-serviran-para-las-vacaciones-de-verano-y-por-menos-de-7-euros-8.jpg\"> <\/a> <\/div>\n<div class=\"pivot-ecommerce-summary\" readability=\"6.6564885496183\">\n<p class=\"pivot-ecommerce-desc\">Vestido midi de escote redondo y tirantes regulables. Est\u00e1 confeccionado en un tejido muy fluido brillante.<\/p>\n<\/p><\/div><\/div>\n<\/div>\n<p><!-- PIVOT END --><\/p>\n<h3>Los vestidos florales son un acierto seguro<\/h3>\n<p>No hace falta tener poderes ni una bola de cristal para saber que un a\u00f1o m\u00e1s los vestidos florales lo petar\u00e1n en el street style. A todo color y estilo pareo, <a class=\"js-ecommerce\" href=\"https:\/\/www.trendencias.com\/redirect?url=https%3A%2F%2Fwww.lefties.com%2Fes%2Fmujer%2Frebajas-hasta--50%2525%2Fvestidos%2Fvestido-corto-cruzado-c1030301506p527067461.html%3FcolorId%3D305%26parentId%3D527070827&amp;category=marcas\" data-vars-affiliate-url=\"https:\/\/www.trendencias.com\/redirect?url=https%3A%2F%2Fwww.lefties.com%2Fes%2Fmujer%2Frebajas-hasta--50%2525%2Fvestidos%2Fvestido-corto-cruzado-c1030301506p527067461.html%3FcolorId%3D305%26parentId%3D527070827&amp;category=marcas\">este vestido en tonos mostazas<\/a> se podr\u00eda convertir en la pieza estrella de neutros estilismos.<\/p>\n<p><!-- BREAK 7 --><\/p>\n<div class=\"article-asset-image article-asset-normal article-asset-center\">\n<div class=\"asset-content\">\n<div class=\"base-wrapper-image\"> <img class=\"sf-lazy centro_sinmarco\" data-sf-srcset=\"http:\/\/hoycordobaweb.com\/wp-content\/uploads\/2023\/01\/los-nueve-vestidos-de-las-rebajas-de-invierno-de-lefties-que-nos-serviran-para-las-vacaciones-de-verano-y-por-menos-de-7-euros-9.jpg 450w, http:\/\/hoycordobaweb.com\/wp-content\/uploads\/2023\/01\/los-nueve-vestidos-de-las-rebajas-de-invierno-de-lefties-que-nos-serviran-para-las-vacaciones-de-verano-y-por-menos-de-7-euros-32.jpg 681w,http:\/\/hoycordobaweb.com\/wp-content\/uploads\/2023\/01\/los-nueve-vestidos-de-las-rebajas-de-invierno-de-lefties-que-nos-serviran-para-las-vacaciones-de-verano-y-por-menos-de-7-euros-33.jpg 1024w, http:\/\/hoycordobaweb.com\/wp-content\/uploads\/2023\/01\/los-nueve-vestidos-de-las-rebajas-de-invierno-de-lefties-que-nos-serviran-para-las-vacaciones-de-verano-y-por-menos-de-7-euros-34.jpg 1366w,\" data-sf-src=\"http:\/\/hoycordobaweb.com\/wp-content\/uploads\/2023\/01\/los-nueve-vestidos-de-las-rebajas-de-invierno-de-lefties-que-nos-serviran-para-las-vacaciones-de-verano-y-por-menos-de-7-euros-9.jpg\" alt=\"Lefties Rebajas 2023 Vestidos 05\"> <noscript><img alt=\"Lefties Rebajas 2023 Vestidos 05\" class=\"centro_sinmarco\" src=\"http:\/\/hoycordobaweb.com\/wp-content\/uploads\/2023\/01\/los-nueve-vestidos-de-las-rebajas-de-invierno-de-lefties-que-nos-serviran-para-las-vacaciones-de-verano-y-por-menos-de-7-euros-9.jpg\"><\/noscript> <\/div><\/div>\n<\/div>\n<p><!-- PIVOT START --><\/p>\n<div class=\"pivot-ecommerce-container\">\n<div class=\"pivot-ecommerce\" readability=\"5.4929577464789\">\n<div class=\"pivot-ecommerce-figure\"> <a href=\"https:\/\/www.trendencias.com\/redirect?url=https%3A%2F%2Fwww.lefties.com%2Fes%2Fmujer%2Frebajas-hasta--50%2525%2Fvestidos%2Fvestido-corto-cruzado-c1030301506p527067461.html%3FcolorId%3D305%26parentId%3D527070827&amp;category=marcas&amp;pivot=1\"> <img alt=\"Vestido corto cruzado de manga corta. Tiene cierre con lazada a tono y est\u00e1 confeccionado en un c\u00f3modo tejido fluido.\" src=\"http:\/\/hoycordobaweb.com\/wp-content\/uploads\/2023\/01\/los-nueve-vestidos-de-las-rebajas-de-invierno-de-lefties-que-nos-serviran-para-las-vacaciones-de-verano-y-por-menos-de-7-euros-10.jpg\"> <\/a> <\/div>\n<div class=\"pivot-ecommerce-summary\" readability=\"6.7605633802817\">\n<p class=\"pivot-ecommerce-desc\">Vestido corto cruzado de manga corta. Tiene cierre con lazada a tono y est\u00e1 confeccionado en un c\u00f3modo tejido fluido.<\/p>\n<\/p><\/div><\/div>\n<\/div>\n<p><!-- PIVOT END --><\/p>\n<p>De l\u00edneas rectas y por encima de los tobillos, <a class=\"js-ecommerce\" href=\"https:\/\/www.trendencias.com\/redirect?url=https%3A%2F%2Fwww.lefties.com%2Fes%2Fmujer%2Frebajas-hasta--50%2525%2Fvestidos%2Fvestido-largo-estampado-c1030301506p524327487.html%3FcolorId%3D629%26parentId%3D524331201&amp;category=marcas\" data-vars-affiliate-url=\"https:\/\/www.trendencias.com\/redirect?url=https%3A%2F%2Fwww.lefties.com%2Fes%2Fmujer%2Frebajas-hasta--50%2525%2Fvestidos%2Fvestido-largo-estampado-c1030301506p524327487.html%3FcolorId%3D629%26parentId%3D524331201&amp;category=marcas\">este vestido<\/a> quiere convertirse en la pieza m\u00e1s vers\u00e1til de nuestros looks diarios. Rosa y con flores a contraste, no hay prenda ni calzado que se le resista.<\/p>\n<p><!-- BREAK 8 --><\/p>\n<div class=\"article-asset-image article-asset-normal article-asset-center\">\n<div class=\"asset-content\">\n<div class=\"base-wrapper-image\"> <img class=\"sf-lazy centro_sinmarco\" data-sf-srcset=\"http:\/\/hoycordobaweb.com\/wp-content\/uploads\/2023\/01\/los-nueve-vestidos-de-las-rebajas-de-invierno-de-lefties-que-nos-serviran-para-las-vacaciones-de-verano-y-por-menos-de-7-euros-11.jpg 450w, http:\/\/hoycordobaweb.com\/wp-content\/uploads\/2023\/01\/los-nueve-vestidos-de-las-rebajas-de-invierno-de-lefties-que-nos-serviran-para-las-vacaciones-de-verano-y-por-menos-de-7-euros-35.jpg 681w,http:\/\/hoycordobaweb.com\/wp-content\/uploads\/2023\/01\/los-nueve-vestidos-de-las-rebajas-de-invierno-de-lefties-que-nos-serviran-para-las-vacaciones-de-verano-y-por-menos-de-7-euros-36.jpg 1024w, http:\/\/hoycordobaweb.com\/wp-content\/uploads\/2023\/01\/los-nueve-vestidos-de-las-rebajas-de-invierno-de-lefties-que-nos-serviran-para-las-vacaciones-de-verano-y-por-menos-de-7-euros-37.jpg 1366w,\" data-sf-src=\"http:\/\/hoycordobaweb.com\/wp-content\/uploads\/2023\/01\/los-nueve-vestidos-de-las-rebajas-de-invierno-de-lefties-que-nos-serviran-para-las-vacaciones-de-verano-y-por-menos-de-7-euros-11.jpg\" alt=\"Lefties Rebajas 2023 Vestidos 06\"> <noscript><img alt=\"Lefties Rebajas 2023 Vestidos 06\" class=\"centro_sinmarco\" src=\"http:\/\/hoycordobaweb.com\/wp-content\/uploads\/2023\/01\/los-nueve-vestidos-de-las-rebajas-de-invierno-de-lefties-que-nos-serviran-para-las-vacaciones-de-verano-y-por-menos-de-7-euros-11.jpg\"><\/noscript> <\/div><\/div>\n<\/div>\n<p><!-- PIVOT START --><\/p>\n<div class=\"pivot-ecommerce-container\">\n<div class=\"pivot-ecommerce\" readability=\"5.7433862433862\">\n<div class=\"pivot-ecommerce-figure\"> <a href=\"https:\/\/www.trendencias.com\/redirect?url=https%3A%2F%2Fwww.lefties.com%2Fes%2Fmujer%2Frebajas-hasta--50%2525%2Fvestidos%2Fvestido-largo-estampado-c1030301506p524327487.html%3FcolorId%3D629%26parentId%3D524331201&amp;category=marcas&amp;pivot=1\"> <img alt=\"Vestido midi lencero de escote en pico y tirantes. Cuenta con estampados diferentes y tirantes regulables. Est\u00e1 confeccionado en un c\u00f3modo y fluido tejido satinado.\" src=\"http:\/\/hoycordobaweb.com\/wp-content\/uploads\/2023\/01\/los-nueve-vestidos-de-las-rebajas-de-invierno-de-lefties-que-nos-serviran-para-las-vacaciones-de-verano-y-por-menos-de-7-euros-12.jpg\"> <\/a> <\/div>\n<div class=\"pivot-ecommerce-summary\" readability=\"7.0687830687831\">\n<p class=\"pivot-ecommerce-desc\">Vestido midi lencero de escote en pico y tirantes. Cuenta con estampados diferentes y tirantes regulables. Est\u00e1 confeccionado en un c\u00f3modo y fluido tejido satinado.<\/p>\n<\/p><\/div><\/div>\n<\/div>\n<p><!-- PIVOT END --><\/p>\n<p>Si no puedes esperar y eres de las que ha de estrenar las prendas el mismo d\u00eda que las compra, este <a class=\"js-ecommerce\" href=\"https:\/\/www.trendencias.com\/redirect?url=https%3A%2F%2Fwww.lefties.com%2Fes%2Fmujer%2Frebajas-hasta--50%2525%2Fvestidos%2Fvestido-cruzado-satinado-c1030301506p528856162.html%3FcolorId%3D700%26parentId%3D528859549&amp;category=marcas\" data-vars-affiliate-url=\"https:\/\/www.trendencias.com\/redirect?url=https%3A%2F%2Fwww.lefties.com%2Fes%2Fmujer%2Frebajas-hasta--50%2525%2Fvestidos%2Fvestido-cruzado-satinado-c1030301506p528856162.html%3FcolorId%3D700%26parentId%3D528859549&amp;category=marcas\">minivestido de manga larga<\/a> puede ser la soluci\u00f3n. Ya sea con <a href=\"https:\/\/www.trendencias.com\/zapatos-mujer\/cinco-botas-piel-negras-rebajadas-perfectas-para-crear-lookazos-llevarlas-a-todas-horas-durante-todos-dias-invierno\">botas de tac\u00f3n alto<\/a> o <a href=\"https:\/\/www.trendencias.com\/street-style\/guia-definitiva-para-combinar-unas-botas-cowboy-mucho-estilo-11-ideas-para-inspirarte\">botas cowboy<\/a>, esta prenda quiere convertirse en tu mejor aliado.<\/p>\n<p><!-- BREAK 9 --><\/p>\n<div class=\"article-asset-image article-asset-normal article-asset-center\">\n<div class=\"asset-content\">\n<div class=\"base-wrapper-image\"> <img class=\"sf-lazy centro_sinmarco\" data-sf-srcset=\"http:\/\/hoycordobaweb.com\/wp-content\/uploads\/2023\/01\/los-nueve-vestidos-de-las-rebajas-de-invierno-de-lefties-que-nos-serviran-para-las-vacaciones-de-verano-y-por-menos-de-7-euros-13.jpg 450w, http:\/\/hoycordobaweb.com\/wp-content\/uploads\/2023\/01\/los-nueve-vestidos-de-las-rebajas-de-invierno-de-lefties-que-nos-serviran-para-las-vacaciones-de-verano-y-por-menos-de-7-euros-38.jpg 681w,http:\/\/hoycordobaweb.com\/wp-content\/uploads\/2023\/01\/los-nueve-vestidos-de-las-rebajas-de-invierno-de-lefties-que-nos-serviran-para-las-vacaciones-de-verano-y-por-menos-de-7-euros-39.jpg 1024w, http:\/\/hoycordobaweb.com\/wp-content\/uploads\/2023\/01\/los-nueve-vestidos-de-las-rebajas-de-invierno-de-lefties-que-nos-serviran-para-las-vacaciones-de-verano-y-por-menos-de-7-euros-40.jpg 1366w,\" data-sf-src=\"http:\/\/hoycordobaweb.com\/wp-content\/uploads\/2023\/01\/los-nueve-vestidos-de-las-rebajas-de-invierno-de-lefties-que-nos-serviran-para-las-vacaciones-de-verano-y-por-menos-de-7-euros-13.jpg\" alt=\"Lefties Rebajas 2023 Vestidos 07\"> <noscript><img alt=\"Lefties Rebajas 2023 Vestidos 07\" class=\"centro_sinmarco\" src=\"http:\/\/hoycordobaweb.com\/wp-content\/uploads\/2023\/01\/los-nueve-vestidos-de-las-rebajas-de-invierno-de-lefties-que-nos-serviran-para-las-vacaciones-de-verano-y-por-menos-de-7-euros-13.jpg\"><\/noscript> <\/div><\/div>\n<\/div>\n<p><!-- PIVOT START --><\/p>\n<div class=\"pivot-ecommerce-container\">\n<div class=\"pivot-ecommerce\" readability=\"5.6828571428571\">\n<div class=\"pivot-ecommerce-figure\"> <a href=\"https:\/\/www.trendencias.com\/redirect?url=https%3A%2F%2Fwww.lefties.com%2Fes%2Fmujer%2Frebajas-hasta--50%2525%2Fvestidos%2Fvestido-cruzado-satinado-c1030301506p528856162.html%3FcolorId%3D700%26parentId%3D528859549&amp;category=marcas&amp;pivot=1\"> <img alt=\"Vestido corto de escote cruzado y manga larga. Los pu\u00f1os est\u00e1n terminados en un c\u00f3modo el\u00e1stico. Est\u00e1 confeccionado en un tejido fluido y satinado.\" src=\"http:\/\/hoycordobaweb.com\/wp-content\/uploads\/2023\/01\/los-nueve-vestidos-de-las-rebajas-de-invierno-de-lefties-que-nos-serviran-para-las-vacaciones-de-verano-y-por-menos-de-7-euros-14.jpg\"> <\/a> <\/div>\n<div class=\"pivot-ecommerce-summary\" readability=\"6.9942857142857\">\n<p class=\"pivot-ecommerce-desc\">Vestido corto de escote cruzado y manga larga. Los pu\u00f1os est\u00e1n terminados en un c\u00f3modo el\u00e1stico. Est\u00e1 confeccionado en un tejido fluido y satinado.<\/p>\n<\/p><\/div><\/div>\n<\/div>\n<p><!-- PIVOT END --><\/p>\n<p>Mini y de tirantes finos, <a class=\"js-ecommerce\" href=\"https:\/\/www.trendencias.com\/redirect?url=https%3A%2F%2Fwww.lefties.com%2Fes%2Fmujer%2Frebajas-hasta--50%2525%2Fvestidos%2Fvestido-corto-de-tirantes-c1030301506p526008556.html%3FcolorId%3D615%26parentId%3D526012717&amp;category=marcas\" data-vars-affiliate-url=\"https:\/\/www.trendencias.com\/redirect?url=https%3A%2F%2Fwww.lefties.com%2Fes%2Fmujer%2Frebajas-hasta--50%2525%2Fvestidos%2Fvestido-corto-de-tirantes-c1030301506p526008556.html%3FcolorId%3D615%26parentId%3D526012717&amp;category=marcas\">este vestido<\/a> en tonos anaranjados y negros lo tiene todo para salvarnos en cualquier ocasi\u00f3n. C\u00f3modo y ligero, esta pieza se colar\u00e1 en nuestra maleta de vacaciones.<\/p>\n<p><!-- BREAK 10 --><\/p>\n<div class=\"article-asset-image article-asset-normal article-asset-center\">\n<div class=\"asset-content\">\n<div class=\"base-wrapper-image\"> <img class=\"sf-lazy centro_sinmarco\" data-sf-srcset=\"http:\/\/hoycordobaweb.com\/wp-content\/uploads\/2023\/01\/los-nueve-vestidos-de-las-rebajas-de-invierno-de-lefties-que-nos-serviran-para-las-vacaciones-de-verano-y-por-menos-de-7-euros-15.jpg 450w, http:\/\/hoycordobaweb.com\/wp-content\/uploads\/2023\/01\/los-nueve-vestidos-de-las-rebajas-de-invierno-de-lefties-que-nos-serviran-para-las-vacaciones-de-verano-y-por-menos-de-7-euros-41.jpg 681w,http:\/\/hoycordobaweb.com\/wp-content\/uploads\/2023\/01\/los-nueve-vestidos-de-las-rebajas-de-invierno-de-lefties-que-nos-serviran-para-las-vacaciones-de-verano-y-por-menos-de-7-euros-42.jpg 1024w, http:\/\/hoycordobaweb.com\/wp-content\/uploads\/2023\/01\/los-nueve-vestidos-de-las-rebajas-de-invierno-de-lefties-que-nos-serviran-para-las-vacaciones-de-verano-y-por-menos-de-7-euros-43.jpg 1366w,\" data-sf-src=\"http:\/\/hoycordobaweb.com\/wp-content\/uploads\/2023\/01\/los-nueve-vestidos-de-las-rebajas-de-invierno-de-lefties-que-nos-serviran-para-las-vacaciones-de-verano-y-por-menos-de-7-euros-15.jpg\" alt=\"Lefties Rebajas 2023 Vestidos 08\"> <noscript><img alt=\"Lefties Rebajas 2023 Vestidos 08\" class=\"centro_sinmarco\" src=\"http:\/\/hoycordobaweb.com\/wp-content\/uploads\/2023\/01\/los-nueve-vestidos-de-las-rebajas-de-invierno-de-lefties-que-nos-serviran-para-las-vacaciones-de-verano-y-por-menos-de-7-euros-15.jpg\"><\/noscript> <\/div><\/div>\n<\/div>\n<p><!-- PIVOT START --><\/p>\n<div class=\"pivot-ecommerce-container\">\n<div class=\"pivot-ecommerce\" readability=\"5.4248120300752\">\n<div class=\"pivot-ecommerce-figure\"> <a href=\"https:\/\/www.trendencias.com\/redirect?url=https%3A%2F%2Fwww.lefties.com%2Fes%2Fmujer%2Frebajas-hasta--50%2525%2Fvestidos%2Fvestido-corto-de-tirantes-c1030301506p526008556.html%3FcolorId%3D615%26parentId%3D526012717&amp;category=marcas&amp;pivot=1\"> <img alt=\"Vestido corto de tirantes en tejido de punto estampado. Cuenta con el\u00e1stico en espalada para un mejor ajuste.\" src=\"http:\/\/hoycordobaweb.com\/wp-content\/uploads\/2023\/01\/los-nueve-vestidos-de-las-rebajas-de-invierno-de-lefties-que-nos-serviran-para-las-vacaciones-de-verano-y-por-menos-de-7-euros-16.jpg\"> <\/a> <\/div>\n<div class=\"pivot-ecommerce-summary\" readability=\"6.6766917293233\">\n<p class=\"pivot-ecommerce-desc\">Vestido corto de tirantes en tejido de punto estampado. Cuenta con el\u00e1stico en espalada para un mejor ajuste.<\/p>\n<\/p><\/div><\/div>\n<\/div>\n<p><!-- PIVOT END --><\/p>\n<p>En tonos amarillos y verdes, <a class=\"js-ecommerce\" href=\"https:\/\/www.trendencias.com\/redirect?url=https%3A%2F%2Fwww.lefties.com%2Fes%2Fmujer%2Frebajas-hasta--50%2525%2Fvestidos%2Fvestido-corto-estampado-c1030301506p523625825.html%3FcolorId%3D629%26parentId%3D523628558&amp;category=marcas\" data-vars-affiliate-url=\"https:\/\/www.trendencias.com\/redirect?url=https%3A%2F%2Fwww.lefties.com%2Fes%2Fmujer%2Frebajas-hasta--50%2525%2Fvestidos%2Fvestido-corto-estampado-c1030301506p523625825.html%3FcolorId%3D629%26parentId%3D523628558&amp;category=marcas\">este minivestido de escote en V<\/a> y manga corta lo tiene todo para arrasar. Fluido y c\u00f3modo, no habr\u00e1 d\u00eda que no triunfe.<\/p>\n<p><!-- BREAK 11 --><\/p>\n<div class=\"article-asset-image article-asset-normal article-asset-center\">\n<div class=\"asset-content\">\n<div class=\"base-wrapper-image\"> <img class=\"sf-lazy centro_sinmarco\" data-sf-srcset=\"http:\/\/hoycordobaweb.com\/wp-content\/uploads\/2023\/01\/los-nueve-vestidos-de-las-rebajas-de-invierno-de-lefties-que-nos-serviran-para-las-vacaciones-de-verano-y-por-menos-de-7-euros-17.jpg 450w, http:\/\/hoycordobaweb.com\/wp-content\/uploads\/2023\/01\/los-nueve-vestidos-de-las-rebajas-de-invierno-de-lefties-que-nos-serviran-para-las-vacaciones-de-verano-y-por-menos-de-7-euros-44.jpg 681w,http:\/\/hoycordobaweb.com\/wp-content\/uploads\/2023\/01\/los-nueve-vestidos-de-las-rebajas-de-invierno-de-lefties-que-nos-serviran-para-las-vacaciones-de-verano-y-por-menos-de-7-euros-45.jpg 1024w, http:\/\/hoycordobaweb.com\/wp-content\/uploads\/2023\/01\/los-nueve-vestidos-de-las-rebajas-de-invierno-de-lefties-que-nos-serviran-para-las-vacaciones-de-verano-y-por-menos-de-7-euros-46.jpg 1366w,\" data-sf-src=\"http:\/\/hoycordobaweb.com\/wp-content\/uploads\/2023\/01\/los-nueve-vestidos-de-las-rebajas-de-invierno-de-lefties-que-nos-serviran-para-las-vacaciones-de-verano-y-por-menos-de-7-euros-17.jpg\" alt=\"Lefties Rebajas 2023 Vestidos 09\"> <noscript><img alt=\"Lefties Rebajas 2023 Vestidos 09\" class=\"centro_sinmarco\" src=\"http:\/\/hoycordobaweb.com\/wp-content\/uploads\/2023\/01\/los-nueve-vestidos-de-las-rebajas-de-invierno-de-lefties-que-nos-serviran-para-las-vacaciones-de-verano-y-por-menos-de-7-euros-17.jpg\"><\/noscript> <\/div><\/div>\n<\/div>\n<p><!-- PIVOT START --><\/p>\n<div class=\"pivot-ecommerce-container\">\n<div class=\"pivot-ecommerce\" readability=\"5.5137931034483\">\n<div class=\"pivot-ecommerce-figure\"> <a href=\"https:\/\/www.trendencias.com\/redirect?url=https%3A%2F%2Fwww.lefties.com%2Fes%2Fmujer%2Frebajas-hasta--50%2525%2Fvestidos%2Fvestido-corto-estampado-c1030301506p523625825.html%3FcolorId%3D629%26parentId%3D523628558&amp;category=marcas&amp;pivot=1\"> <img alt=\"Vestido corto con escote en V y manga corta. Tiene peque\u00f1o volante en cintura. Confeccionado en un c\u00f3modo tejido fluido.\" src=\"http:\/\/hoycordobaweb.com\/wp-content\/uploads\/2023\/01\/los-nueve-vestidos-de-las-rebajas-de-invierno-de-lefties-que-nos-serviran-para-las-vacaciones-de-verano-y-por-menos-de-7-euros-18.jpg\"> <\/a> <\/div>\n<div class=\"pivot-ecommerce-summary\" readability=\"6.7862068965517\">\n<p class=\"pivot-ecommerce-desc\">Vestido corto con escote en V y manga corta. Tiene peque\u00f1o volante en cintura. Confeccionado en un c\u00f3modo tejido fluido.<\/p>\n<\/p><\/div><\/div>\n<\/div>\n<p><!-- PIVOT END --><\/p>\n<p><em>Nota: algunos de los enlaces de este art\u00edculo son afiliados y pueden reportar un beneficio a Trendencias.<\/em><\/p>\n<p><!-- BREAK 12 --><\/p>\n<p>Fotos | IMaxTree, Lefties<\/p>\n","protected":false},"excerpt":{"rendered":"<p>Pensar en el futuro, adelantarse a todo el mundo y comprar con cabeza, he aqu\u00ed los tres factores b\u00e1sicos para arrasar en \u00e9poca de rebajas. Con los descuentos aumentando y los precios bajando, Lefties est\u00e1 enloqueciendo al personal con su colecci\u00f3n de vestidos por menos de 7 euros. Perfectos para esta pr\u00f3xima Primavera-Verano 2023, la [&hellip;]<\/p>\n","protected":false},"author":1,"featured_media":54215,"comment_status":"closed","ping_status":"closed","sticky":false,"template":"","format":"standard","meta":[],"categories":[1],"tags":[],"_links":{"self":[{"href":"http:\/\/hoycordobaweb.com\/index.php\/wp-json\/wp\/v2\/posts\/54214"}],"collection":[{"href":"http:\/\/hoycordobaweb.com\/index.php\/wp-json\/wp\/v2\/posts"}],"about":[{"href":"http:\/\/hoycordobaweb.com\/index.php\/wp-json\/wp\/v2\/types\/post"}],"author":[{"embeddable":true,"href":"http:\/\/hoycordobaweb.com\/index.php\/wp-json\/wp\/v2\/users\/1"}],"replies":[{"embeddable":true,"href":"http:\/\/hoycordobaweb.com\/index.php\/wp-json\/wp\/v2\/comments?post=54214"}],"version-history":[{"count":0,"href":"http:\/\/hoycordobaweb.com\/index.php\/wp-json\/wp\/v2\/posts\/54214\/revisions"}],"wp:featuredmedia":[{"embeddable":true,"href":"http:\/\/hoycordobaweb.com\/index.php\/wp-json\/wp\/v2\/media\/54215"}],"wp:attachment":[{"href":"http:\/\/hoycordobaweb.com\/index.php\/wp-json\/wp\/v2\/media?parent=54214"}],"wp:term":[{"taxonomy":"category","embeddable":true,"href":"http:\/\/hoycordobaweb.com\/index.php\/wp-json\/wp\/v2\/categories?post=54214"},{"taxonomy":"post_tag","embeddable":true,"href":"http:\/\/hoycordobaweb.com\/index.php\/wp-json\/wp\/v2\/tags?post=54214"}],"curies":[{"name":"wp","href":"https:\/\/api.w.org\/{rel}","templated":true}]}}