{"id":54208,"date":"2023-01-17T11:20:17","date_gmt":"2023-01-17T11:20:17","guid":{"rendered":"https:\/\/www.mujerhoy.com\/moda\/no-te-pierdas\/look-diario-reina-letizia-barato-copia-zara-20230117112611-nt.html"},"modified":"2023-01-17T11:20:17","modified_gmt":"2023-01-17T11:20:17","slug":"el-otro-exito-estilistico-de-letizia-un-look-diario-todoterreno-que-hemos-encontrado-en-zara-muy-barato","status":"publish","type":"post","link":"http:\/\/hoycordobaweb.com\/index.php\/2023\/01\/17\/el-otro-exito-estilistico-de-letizia-un-look-diario-todoterreno-que-hemos-encontrado-en-zara-muy-barato\/","title":{"rendered":"El otro \u00e9xito estil\u00edstico de Letizia: un look diario todoterreno que hemos encontrado en Zara muy barato"},"content":{"rendered":"<p><!-- AUTHOR --><\/p>\n<div class=\"voc-author-timesocial \"><!-- AUTHOR --><\/p>\n<div class=\"voc-author-timesocial__signature\"><!-- IMAGE AUTHOR --><picture class=\"voc-image-signature\"><img class=\"voc-image-signature__img\" src=\"http:\/\/hoycordobaweb.com\/wp-content\/uploads\/2023\/01\/el-otro-exito-estilistico-de-letizia-un-look-diario-todoterreno-que-hemos-encontrado-en-zara-muy-barato.jpg\" alt=\"Sonia G\u00f3mez\"><\/picture><!-- INFO AUTHOR --><\/div>\n<\/div>\n<p><!-- COMPONENTS --><\/p>\n<p class=\"voc-paragraph\">Que la <strong>reina Letizia<\/strong> es la royal mejor vestida de toda Europa es un hecho. Su poder para transformar diferentes estilismos y dar siempre en el clavo se ha hecho notable en los \u00faltimos meses. Y la \u00faltima prueba de ello es el triunfo de dos de sus \u00faltimas apariciones p\u00fablicas.\n<\/p>\n<p class=\"voc-paragraph\">En menos de 24 horas hemos podido verla con un espectacular <a data-voc-vtm-id=\"in-text-traffic\" href=\"https:\/\/www.mujerhoy.com\/moda\/no-te-pierdas\/reina-letizia-look-funeral-constantino-grecia-vestido-negro-joyas-pasar-broche-20230116121948-nt.html\">vestido negro y el broche<\/a> m\u00e1s especial para acudir al funeral de Constantino de Grecia en Atenas, y con otro \u00e9xito estil\u00edstico que sabe llevar de maravilla y que no es la primera vez que aprueba con nota sobresaliente (ya lo hizo con estas <a data-voc-vtm-id=\"in-text-traffic\" href=\"https:\/\/www.mujerhoy.com\/moda\/no-te-pierdas\/reina-letizia-botas-negras-rebajas-comodas-made-in-spain-20230115131139-nt.html\">botas negras made in Spain<\/a>).\n<\/p>\n<p class=\"voc-paragraph\">En esta ocasi\u00f3n ha apostado por <strong>look diario<\/strong> todoterreno que ha llevado para acudir a una <strong>reuni\u00f3n de trabajo<\/strong> con la junta directiva de la Federaci\u00f3n Espa\u00f1ola de Enfermedades Raras (FEDER). Una combinaci\u00f3n ganadora que le vamos a copiar en Zara, prenda a prenda, y de la forma m\u00e1s asequible posible.\n<\/p>\n<div class=\"voc-detail-photo-zoom\"><picture data-toggle=\"modal\" data-target=\"#photoZoomModal-679\" target=\"modal\">\n<div class=\"voc-img-icon-link\"><img loading=\"lazy\" data-original=\"\/\/static1.mujerhoy.com\/www\/multimedia\/202301\/17\/media\/cortadas\/look-diario-barato-letizia-kCTH--460x637@MujerHoy.jpg\" class=\"lazy\" alt=\"La reina Letizia con un look diario para una reuni\u00f3n de trabajo.\"><noscript><img src=\"http:\/\/hoycordobaweb.com\/wp-content\/uploads\/2023\/01\/el-otro-exito-estilistico-de-letizia-un-look-diario-todoterreno-que-hemos-encontrado-en-zara-muy-barato-1.jpg\" alt=\"La reina Letizia con un look diario para una reuni\u00f3n de trabajo.\"><\/noscript><i class=\"voc-icons zoom voc-multimedia-box voc-ico-l\"><\/i><\/div><figcaption class=\"figure-caption\">La reina Letizia con un look diario para una reuni\u00f3n de trabajo.<\/figcaption><\/picture><\/div>\n<div id=\"photoZoomModal-679\" class=\"voc-lightbox modal fade voc-lightbox--photo-zoom\" role=\"dialog\" data-voc-photozoom-lightbox>\n<div class=\"voc-lightbox__dialog\" role=\"document\">\n<div class=\"voc-lightbox__content\"><!-- Modal header --><!-- Modal content --><\/p>\n<div class=\"voc-lightbox__photo-container\"><picture class><img loading=\"lazy\" data-original=\"\/\/static1.mujerhoy.com\/www\/multimedia\/202301\/17\/media\/cortadas\/look-diario-barato-letizia-kCTH--460x637@MujerHoy.jpg\" alt=\"La reina Letizia con un look diario para una reuni\u00f3n de trabajo.\" class=\"lazy\"><noscript><img src=\"http:\/\/hoycordobaweb.com\/wp-content\/uploads\/2023\/01\/el-otro-exito-estilistico-de-letizia-un-look-diario-todoterreno-que-hemos-encontrado-en-zara-muy-barato-1.jpg\" alt=\"La reina Letizia con un look diario para una reuni\u00f3n de trabajo.\"><\/noscript><\/picture><\/div>\n<\/div>\n<\/div>\n<\/div>\n<p class=\"voc-paragraph\">Su elecci\u00f3n: un juego de b\u00e1sicos h\u00edbridos con mucha personalidad que no pasan de moda y que ha encajado a la perfecci\u00f3n para la ocasi\u00f3n: un <strong>abrigo de pa\u00f1o en color camel<\/strong> con su truco favorito para estilizar la figura pero tambi\u00e9n para ser m\u00e1s pr\u00e1ctica (el cintur\u00f3n para cerrar el chaquet\u00f3n y sobrevivir al fr\u00edo con mucho estilo) junto a un jersey de punto fino y cuello redondo en el mismo tono para la parte superior del look.\n<\/p>\n<p class=\"voc-paragraph\">Y el pantal\u00f3n clave para la parte inferior del conjunto: unos de traje, de corte sastre rectos, fluidos y ligeramente acampanados, con un estampado de cuadros en tono gris que sienta de maravilla y que es muy f\u00e1cil de combinar con cualquier prenda de fondo de armario.\n<\/p>\n<div class=\"voc-detail__cmp\" readability=\"7\">\n<div class=\"voc-photo-combo-three fw-xs\" readability=\"9\">\n<p class=\"figure-caption\"><span class=\"voc-photo-caption\">Abrigo de pa\u00f1o con cintur\u00f3n, jersey de punto y pantal\u00f3n con estampado de cuadros. Todo de Zara. \/ <\/span><span class=\"voc-photo-author\">ZARA<\/span><\/p>\n<\/div>\n<\/div>\n<p class=\"voc-paragraph\">El abrigo de Zara est\u00e1 confeccionado con tejido en mezcla de lana, lleva cintur\u00f3n y cuello solapa y est\u00e1 disponible en todas las tallas (cuesta 129 euros). El jersey de punto lleva tejido en mezcla de alpaca y lana y est\u00e1 rebajado a 19,99 euros. En cuanto al pantal\u00f3n, la firma de Inditex propone unos de traje, tiro alto, corte recto y bajo tobillero.\n<\/p>\n<p class=\"voc-paragraph\">En cuanto a los complementos, dos estrategas que nunca fallan: bolso negro de Carolina Herrera que ya ha llevado en varias ocasiones. Concretamente es el modelo Mini Doma Insignia Satchel elaborado en piel y de acabado en color negro, que ha combinado con unos zapatos de tac\u00f3n en el mismo tono.\n<\/p>\n<p><h3 class=\"voc-detail__title\"> El apoyo de Letizia con la causa<br \/>\n<\/h3>\n<\/p>\n<p class=\"voc-paragraph\">La reina ha retomado su agenda institucional \u00abpara conocer los retos y oportunidades del colectivo de este 2023, catorce a\u00f1os despu\u00e9s de que se implicara por primera vez con la causa\u00bb, tal y como explican desde la Casa Real.\n<\/p>\n<p class=\"voc-paragraph\">FEDER impulsa el esp\u00edritu reivindicativo, que aboga por la igualdad de oportunidades de las personas con enfermedades raras, que parten de una situaci\u00f3n de desventaja, que les ocasiona muchas dificultades, para garantizar la equidad social, sanitaria, laboral y educativa.\n<\/p>\n<p class=\"voc-paragraph\">Las enfermedades raras (ER) o poco frecuentes son aquellas que tienen una baja prevalencia en la poblaci\u00f3n. Para ser considerada como rara, cada enfermedad espec\u00edfica s\u00f3lo puede afectar a un n\u00famero limitado de personas. Concretamente, cuando afecta a menos de 5 por cada 10.000 habitantes.\n<\/p>\n<p class=\"voc-paragraph\">Sin embargo, son muchas las personas que conviven con ellas en todo el mundo -m\u00e1s de 300 millones en el mundo, 3 de ellos en Espa\u00f1a-, ya que se estima que existen m\u00e1s de 7.000 enfermedades raras, de las cuales se han identificado 6.172 seg\u00fan datos de Orphanet.\n<\/p>\n<p><!-- TOPICS --><\/p>\n","protected":false},"excerpt":{"rendered":"<p>Que la reina Letizia es la royal mejor vestida de toda Europa es un hecho. Su poder para transformar diferentes estilismos y dar siempre en el clavo se ha hecho notable en los \u00faltimos meses. Y la \u00faltima prueba de ello es el triunfo de dos de sus \u00faltimas apariciones p\u00fablicas. En menos de 24 [&hellip;]<\/p>\n","protected":false},"author":1,"featured_media":54209,"comment_status":"closed","ping_status":"closed","sticky":false,"template":"","format":"standard","meta":[],"categories":[1],"tags":[],"_links":{"self":[{"href":"http:\/\/hoycordobaweb.com\/index.php\/wp-json\/wp\/v2\/posts\/54208"}],"collection":[{"href":"http:\/\/hoycordobaweb.com\/index.php\/wp-json\/wp\/v2\/posts"}],"about":[{"href":"http:\/\/hoycordobaweb.com\/index.php\/wp-json\/wp\/v2\/types\/post"}],"author":[{"embeddable":true,"href":"http:\/\/hoycordobaweb.com\/index.php\/wp-json\/wp\/v2\/users\/1"}],"replies":[{"embeddable":true,"href":"http:\/\/hoycordobaweb.com\/index.php\/wp-json\/wp\/v2\/comments?post=54208"}],"version-history":[{"count":0,"href":"http:\/\/hoycordobaweb.com\/index.php\/wp-json\/wp\/v2\/posts\/54208\/revisions"}],"wp:featuredmedia":[{"embeddable":true,"href":"http:\/\/hoycordobaweb.com\/index.php\/wp-json\/wp\/v2\/media\/54209"}],"wp:attachment":[{"href":"http:\/\/hoycordobaweb.com\/index.php\/wp-json\/wp\/v2\/media?parent=54208"}],"wp:term":[{"taxonomy":"category","embeddable":true,"href":"http:\/\/hoycordobaweb.com\/index.php\/wp-json\/wp\/v2\/categories?post=54208"},{"taxonomy":"post_tag","embeddable":true,"href":"http:\/\/hoycordobaweb.com\/index.php\/wp-json\/wp\/v2\/tags?post=54208"}],"curies":[{"name":"wp","href":"https:\/\/api.w.org\/{rel}","templated":true}]}}