{"id":54103,"date":"2023-01-14T12:26:00","date_gmt":"2023-01-14T12:26:00","guid":{"rendered":"http:\/\/hoycordobaweb.com\/index.php\/2023\/01\/14\/un-juez-de-la-corte-suprema-sumo-a-bolsonaro-a-la-investigacion-por-los-actos-golpistas\/"},"modified":"2023-01-14T12:26:00","modified_gmt":"2023-01-14T12:26:00","slug":"un-juez-de-la-corte-suprema-sumo-a-bolsonaro-a-la-investigacion-por-los-actos-golpistas","status":"publish","type":"post","link":"http:\/\/hoycordobaweb.com\/index.php\/2023\/01\/14\/un-juez-de-la-corte-suprema-sumo-a-bolsonaro-a-la-investigacion-por-los-actos-golpistas\/","title":{"rendered":"Un juez de la Corte Suprema sum\u00f3 a Bolsonaro a la investigaci\u00f3n por los actos golpistas"},"content":{"rendered":"<p><img src=\"http:\/\/hoycordobaweb.com\/wp-content\/uploads\/2023\/01\/un-juez-de-la-corte-suprema-sumo-a-bolsonaro-a-la-investigacion-por-los-actos-golpistas.jpg\"><\/p>\n<figure class=\"mb-3\"><img loading=\"lazy\" src=\"http:\/\/hoycordobaweb.com\/wp-content\/uploads\/2023\/01\/un-juez-de-la-corte-suprema-sumo-a-bolsonaro-a-la-investigacion-por-los-actos-golpistas-2.jpg\" width=\"100%\" height=\"100%\" alt=\"Jair Bolsonaro expresidente de Brasil ser investigado por los actos golpistas Foto AFP\"><figcaption> Jair Bolsonaro, expresidente de Brasil, ser\u00e1 investigado por los actos golpistas \/ Foto: AFP. <\/figcaption><\/figure>\n<p>Un juez del Supremo Tribunal Federal de Brasil, la m\u00e1xima corte del pa\u00eds, decidi\u00f3 en las \u00faltimas horas incluir al expresidente Jair Bolsonaro en la investigaci\u00f3n por los actos golpistas del 8 de enero en Brasilia.<\/p>\n<p>\u00abEl pronunciamiento del expresidente de la Rep\u00fablica, Jair Messias Bolsonaro, se rebel\u00f3 como otra ocasi\u00f3n en la cual se posicion\u00f3 de forma, en tesis, criminal y atentatoria contra las instituciones\u00bb, dijo el magistrado de la corte suprema<strong> Alexandre de Moraes <\/strong>en su decisi\u00f3n.<\/p>\n<p><strong>La Fiscal\u00eda hab\u00eda solicitado previamente que el l\u00edder de ultraderecha fuera incluido en la investigaci\u00f3n <\/strong>que busca determinar quienes fueron los instigadores y autores intelectuales del saqueo a las sedes de los Poderes Ejecutivo, Legislativo y Judicial a manos de miles de simpatizantes del dirigente que perdi\u00f3 el balotaje con el actual mandatario, Luiz In\u00e1cio Lula da Silva.<\/p>\n<p>Como material probatorio, los fiscales<strong> citaron un video que el expresidente subi\u00f3 a sus redes sociales el 10 de enero<\/strong>, dos d\u00edas despu\u00e9s de los ataques, cuestionando su derrota en las elecciones de octubre.<\/p>\n<p>La Fiscal\u00eda, que abri\u00f3 hasta el momento siete investigaciones para determinar la responsabilidad sobre el asalto a las instituciones, <strong>tambi\u00e9n pidi\u00f3 medidas urgentes a la empresa Meta (propietaria de Facebook, Instagram y WhatsApp) <\/strong>para que recupere el v\u00eddeo, ya que Bolsonaro lo borr\u00f3.<\/p>\n<figure class=\"mb-3\"><img loading=\"lazy\" src=\"http:\/\/hoycordobaweb.com\/wp-content\/uploads\/2023\/01\/un-juez-de-la-corte-suprema-sumo-a-bolsonaro-a-la-investigacion-por-los-actos-golpistas-3.jpg\" width=\"100%\" height=\"100%\" alt=\"La investigacin busca determinar quienes fueron los instigadores y autores intelectuales del saqueo a las sedes de los Poderes Ejecutivo Legislativo y Judicial Foto AFP\"><figcaption> La investigaci\u00f3n busca determinar quienes fueron los instigadores y autores intelectuales del saqueo a las sedes de los Poderes Ejecutivo, Legislativo y Judicial \/ Foto: AFP. <\/figcaption><\/figure>\n<p>En una nota enviada a la agencia de noticias AFP,<strong> la defensa de Bolsonaro neg\u00f3 cualquier participaci\u00f3n en los hechos vand\u00e1licos<\/strong> en Brasilia por los que hubo a m\u00e1s de 1.800 detenidos.<\/p>\n<p>\u00ab\u00c9l (Bolsonaro) jam\u00e1s tuvo cualquier relaci\u00f3n o participaci\u00f3n en estos movimientos\u00bb, dice el texto, que acus\u00f3 por los disturbios a \u00abinfiltrados\u00bb.<\/p>\n<p>El pedido de interrogatorio de Bolsonaro, quien se encuentra en Estados Unidos, ser\u00e1 analizado \u00aboportunamente\u00bb, aclar\u00f3 Moraes.<\/p>\n<p>El juez abri\u00f3, tambi\u00e9n a pedido de la Fiscal\u00eda, una investigaci\u00f3n contra el cesado gobernador de Brasilia, Ibaneis Rocha, por \u00abnegligencia\u00bb durante el ataque del domingo pasado, y contra Anderson Torres, que era el responsable de la seguridad de la capital.<\/p>\n<figure class=\"mb-3\"><img loading=\"lazy\" src=\"http:\/\/hoycordobaweb.com\/wp-content\/uploads\/2023\/01\/un-juez-de-la-corte-suprema-sumo-a-bolsonaro-a-la-investigacion-por-los-actos-golpistas-4.jpg\" width=\"100%\" height=\"100%\" alt=\"El juez abri tambin a pedido de la Fiscala una investigacin contra el cesado gobernador de Brasilia Ibaneis Rocha por negligencia durante el ataque Foto AFP\"><figcaption> El juez abri\u00f3, tambi\u00e9n a pedido de la Fiscal\u00eda, una investigaci\u00f3n contra el cesado gobernador de Brasilia, Ibaneis Rocha, por \u00abnegligencia\u00bb durante el ataque \/ Foto: AFP. <\/figcaption><\/figure>\n<h2 class>\u00abFabricar el caos\u00bb<\/h2>\n<p>En un allanamiento realizado en la casa de este \u00faltimo dirigente bolsonarista, que fue detenido este s\u00e1bado al llegar a Brasilia desde los Estados Unidos, se encontr\u00f3 un borrador de un decreto que ten\u00eda como objetivo desconocer el resultado de las elecciones en las que triunf\u00f3 el Partido de los Trabajadores&nbsp;(PT).<\/p>\n<p><a href=\"https:\/\/www.telam.com.ar\/notas\/202301\/617160-brasil-ataque-ministros-golpe-premeditado-lula-bolsonaro.html\" target=\"_blank\" rel=\"noopener noreferrer\">Varios ministros del gabinete de Lula coincidieron que el descubrimiento de ese texto prueba que \u00abel intento de golpe (de Estado) fue premeditado en detalle\u00bb.<\/a><\/p>\n<p>En ese sentido, el ministro de Relaciones Institucionales, Alexandre Padilha, afirm\u00f3 que est\u00e1 probado que el objetivo del borrador del decreto era \u00abfabricar el caos para enterrar la democracia\u00bb.<\/p>\n<p><strong>\u00abA medida que avanzan las investigaciones, se vuelve a\u00fan m\u00e1s claro el objetivo criminal de quienes financiaron, organizaron y ejecutaron los actos del pasado domingo\u00bb<\/strong>, insisti\u00f3 el funcionario.<\/p>\n<p>\u00abEl intento de golpe fue premeditado y perfilado en detalle, pero no vamos a dejar que sus perpetradores se salgan con la suya\u00bb, afirm\u00f3.<\/p>\n<p>Por su parte, el ministro de Justicia, Fl\u00e1vio Dino, destac\u00f3 que el objetivo que ten\u00eda el borrador de decreto \u00abfracas\u00f3 igual que el intento\u00bb golpista del domingo pasado. <\/p>\n","protected":false},"excerpt":{"rendered":"<p>Jair Bolsonaro, expresidente de Brasil, ser\u00e1 investigado por los actos golpistas \/ Foto: AFP. Un juez del Supremo Tribunal Federal de Brasil, la m\u00e1xima corte del pa\u00eds, decidi\u00f3 en las \u00faltimas horas incluir al expresidente Jair Bolsonaro en la investigaci\u00f3n por los actos golpistas del 8 de enero en Brasilia. \u00abEl pronunciamiento del expresidente de [&hellip;]<\/p>\n","protected":false},"author":1,"featured_media":54104,"comment_status":"open","ping_status":"closed","sticky":false,"template":"","format":"standard","meta":[],"categories":[19],"tags":[],"_links":{"self":[{"href":"http:\/\/hoycordobaweb.com\/index.php\/wp-json\/wp\/v2\/posts\/54103"}],"collection":[{"href":"http:\/\/hoycordobaweb.com\/index.php\/wp-json\/wp\/v2\/posts"}],"about":[{"href":"http:\/\/hoycordobaweb.com\/index.php\/wp-json\/wp\/v2\/types\/post"}],"author":[{"embeddable":true,"href":"http:\/\/hoycordobaweb.com\/index.php\/wp-json\/wp\/v2\/users\/1"}],"replies":[{"embeddable":true,"href":"http:\/\/hoycordobaweb.com\/index.php\/wp-json\/wp\/v2\/comments?post=54103"}],"version-history":[{"count":0,"href":"http:\/\/hoycordobaweb.com\/index.php\/wp-json\/wp\/v2\/posts\/54103\/revisions"}],"wp:featuredmedia":[{"embeddable":true,"href":"http:\/\/hoycordobaweb.com\/index.php\/wp-json\/wp\/v2\/media\/54104"}],"wp:attachment":[{"href":"http:\/\/hoycordobaweb.com\/index.php\/wp-json\/wp\/v2\/media?parent=54103"}],"wp:term":[{"taxonomy":"category","embeddable":true,"href":"http:\/\/hoycordobaweb.com\/index.php\/wp-json\/wp\/v2\/categories?post=54103"},{"taxonomy":"post_tag","embeddable":true,"href":"http:\/\/hoycordobaweb.com\/index.php\/wp-json\/wp\/v2\/tags?post=54103"}],"curies":[{"name":"wp","href":"https:\/\/api.w.org\/{rel}","templated":true}]}}