{"id":54080,"date":"2023-01-14T00:34:00","date_gmt":"2023-01-14T00:34:00","guid":{"rendered":"https:\/\/fm-comunicar.com.ar\/contenido\/19943\/horacio-rodriguez-larreta-paso-por-colonia-caroya"},"modified":"2023-01-14T00:34:00","modified_gmt":"2023-01-14T00:34:00","slug":"horacio-rodriguez-larreta-paso-por-colonia-caroya","status":"publish","type":"post","link":"http:\/\/hoycordobaweb.com\/index.php\/2023\/01\/14\/horacio-rodriguez-larreta-paso-por-colonia-caroya\/","title":{"rendered":"Horacio Rodr\u00edguez Larreta pas\u00f3 por Colonia Caroya"},"content":{"rendered":"<p>El Jefe de Gobierno de Buenos Aires estuvo en Fertilia, Bodega Terra Camiare y hasta cant\u00f3 con el Chaque\u00f1o Palavecino en la casa de la familia Offman. Luego se reuni\u00f3n con productores en la Sociedad Rural de Jes\u00fas Mar\u00eda.<img src=\"http:\/\/hoycordobaweb.com\/wp-content\/uploads\/2023\/01\/horacio-rodriguez-larreta-paso-por-colonia-caroya.jpg\"><\/p>\n","protected":false},"excerpt":{"rendered":"<p>El Jefe de Gobierno de Buenos Aires estuvo en Fertilia, Bodega Terra Camiare y hasta cant\u00f3 con el Chaque\u00f1o Palavecino en la casa de la familia Offman. Luego se reuni\u00f3n con productores en la Sociedad Rural de Jes\u00fas Mar\u00eda.<\/p>\n","protected":false},"author":1,"featured_media":54081,"comment_status":"closed","ping_status":"closed","sticky":false,"template":"","format":"standard","meta":[],"categories":[18],"tags":[],"_links":{"self":[{"href":"http:\/\/hoycordobaweb.com\/index.php\/wp-json\/wp\/v2\/posts\/54080"}],"collection":[{"href":"http:\/\/hoycordobaweb.com\/index.php\/wp-json\/wp\/v2\/posts"}],"about":[{"href":"http:\/\/hoycordobaweb.com\/index.php\/wp-json\/wp\/v2\/types\/post"}],"author":[{"embeddable":true,"href":"http:\/\/hoycordobaweb.com\/index.php\/wp-json\/wp\/v2\/users\/1"}],"replies":[{"embeddable":true,"href":"http:\/\/hoycordobaweb.com\/index.php\/wp-json\/wp\/v2\/comments?post=54080"}],"version-history":[{"count":0,"href":"http:\/\/hoycordobaweb.com\/index.php\/wp-json\/wp\/v2\/posts\/54080\/revisions"}],"wp:featuredmedia":[{"embeddable":true,"href":"http:\/\/hoycordobaweb.com\/index.php\/wp-json\/wp\/v2\/media\/54081"}],"wp:attachment":[{"href":"http:\/\/hoycordobaweb.com\/index.php\/wp-json\/wp\/v2\/media?parent=54080"}],"wp:term":[{"taxonomy":"category","embeddable":true,"href":"http:\/\/hoycordobaweb.com\/index.php\/wp-json\/wp\/v2\/categories?post=54080"},{"taxonomy":"post_tag","embeddable":true,"href":"http:\/\/hoycordobaweb.com\/index.php\/wp-json\/wp\/v2\/tags?post=54080"}],"curies":[{"name":"wp","href":"https:\/\/api.w.org\/{rel}","templated":true}]}}