{"id":54072,"date":"2023-01-13T20:42:00","date_gmt":"2023-01-13T20:42:00","guid":{"rendered":"http:\/\/hoycordobaweb.com\/index.php\/2023\/01\/13\/el-delantero-walter-mazzantti-se-suma-a-huracan\/"},"modified":"2023-01-13T20:42:00","modified_gmt":"2023-01-13T20:42:00","slug":"el-delantero-walter-mazzantti-se-suma-a-huracan","status":"publish","type":"post","link":"http:\/\/hoycordobaweb.com\/index.php\/2023\/01\/13\/el-delantero-walter-mazzantti-se-suma-a-huracan\/","title":{"rendered":"El delantero Walter Mazzantti se suma a Hurac\u00e1n"},"content":{"rendered":"<p><img src=\"http:\/\/hoycordobaweb.com\/wp-content\/uploads\/2023\/01\/el-delantero-walter-mazzantti-se-suma-a-huracan.jpg\"><\/p>\n<figure class=\"mb-3\"><img loading=\"lazy\" src=\"http:\/\/hoycordobaweb.com\/wp-content\/uploads\/2023\/01\/el-delantero-walter-mazzantti-se-suma-a-huracan-2.jpg\" width=\"100%\" height=\"100%\" alt=\"Foto AFP\"><figcaption> Foto: AFP. <\/figcaption><\/figure>\n<p>El delantero <strong>Walter Mazzantti<\/strong> ser\u00e1 incorporaci\u00f3n de Hurac\u00e1n y se sumar\u00e1 al equipo de Parque de los Patricios para disputar el certamen de la Liga Profesional (LPF) y la Copa Libertadores.<\/p>\n<p><strong>El anuncio del arribo del exjugador de Atlanta y Tigre, de 26 a\u00f1os, lo dio el propio t\u00e9cnico del \u2018Globo\u2019, Diego Dabove.<\/strong><\/p>\n<p>\u201cYa est\u00e1 (Walter) Mazzantti. Intentaremos buscar alguien por afuera para reemplazar a (Benjam\u00edn) Garr\u00e9. Y tambi\u00e9n un punto m\u00e1s\u201d adelant\u00f3 el entrenador a Radio La Red.<\/p>\n<p>Mazzantti viene desde Huachipato de Chile, club en el que actu\u00f3 durante las dos \u00faltimas temporadas y media.<\/p>\n<p>Hasta el momento, el \u2018Globo\u2019 acumula seis jugadores nuevos en este mercado de pases. Adem\u00e1s del apuntado delantero tambi\u00e9n arribaron los defensores Joaqu\u00edn Novillo (Col\u00f3n de Santa Fe) y Gast\u00f3n Sauro (Sarmiento de Jun\u00edn); el marcador de punta Fernando Torrent (Rosario Central); el volante ofensivo Valent\u00edn Burgoa (Godoy Cruz de Mendoza) y el mediocampista defensivo Lucas Castro (Sarmiento de Jun\u00edn).<\/p>\n<p>En tanto, el mediapunta Juan Garro, quien regres\u00f3 este verano desde Newell\u2019s, no continuar\u00e1 en el equipo de Parque de los Patricios por decisi\u00f3n propia. El jugador ya le comunic\u00f3 su intenci\u00f3n al cuerpo t\u00e9cnico del \u2018Globo\u2019.<\/p>\n<blockquote class=\"twitter-tweet\" readability=\"6.5298507462687\">\n<p lang=\"es\" dir=\"ltr\">\ud83d\udd1c Este s\u00e1bado por la ma\u00f1ana vamos a disputar un nuevo amistoso de pretemporada, en este caso contra <a href=\"https:\/\/twitter.com\/hashtag\/Sarmiento?src=hash&amp;ref_src=twsrc%5Etfw\">#Sarmiento<\/a> <\/p>\n<p>Ser\u00e1 en <a href=\"https:\/\/twitter.com\/LaQuemitaOfic?ref_src=twsrc%5Etfw\">@LaQuemitaOfic<\/a> y a puertas cerradas \ud83d\udc48\ud83c\udffb<a href=\"https:\/\/twitter.com\/hashtag\/SiempreHurac%C3%A1n?src=hash&amp;ref_src=twsrc%5Etfw\">#SiempreHurac\u00e1n<\/a><a href=\"https:\/\/twitter.com\/hashtag\/VamosGlobo?src=hash&amp;ref_src=twsrc%5Etfw\">#VamosGlobo<\/a> <a href=\"https:\/\/t.co\/ivrmwaSnhW\">pic.twitter.com\/ivrmwaSnhW<\/a><\/p>\n<p>\u2014 CA Hurac\u00e1n (@CAHuracan) <a href=\"https:\/\/twitter.com\/CAHuracan\/status\/1613973854174445581?ref_src=twsrc%5Etfw\">January 13, 2023<\/a><\/p><\/blockquote>\n<p><strong>Este s\u00e1bado, a partir de las 9, ser\u00e1 jornada de amistoso ante Sarmiento de Jun\u00edn, en el predio La Quemita.<\/strong><\/p>\n<p>Hurac\u00e1n har\u00e1 su estreno en la temporada en el compromiso que asumir\u00e1 el viernes 27, a las 21.30, ante Defensa y Justicia, por la primera fecha de la LPF.<\/p>\n","protected":false},"excerpt":{"rendered":"<p>Foto: AFP. El delantero Walter Mazzantti ser\u00e1 incorporaci\u00f3n de Hurac\u00e1n y se sumar\u00e1 al equipo de Parque de los Patricios para disputar el certamen de la Liga Profesional (LPF) y la Copa Libertadores. El anuncio del arribo del exjugador de Atlanta y Tigre, de 26 a\u00f1os, lo dio el propio t\u00e9cnico del \u2018Globo\u2019, Diego Dabove. [&hellip;]<\/p>\n","protected":false},"author":1,"featured_media":54073,"comment_status":"open","ping_status":"closed","sticky":false,"template":"","format":"standard","meta":[],"categories":[16],"tags":[],"_links":{"self":[{"href":"http:\/\/hoycordobaweb.com\/index.php\/wp-json\/wp\/v2\/posts\/54072"}],"collection":[{"href":"http:\/\/hoycordobaweb.com\/index.php\/wp-json\/wp\/v2\/posts"}],"about":[{"href":"http:\/\/hoycordobaweb.com\/index.php\/wp-json\/wp\/v2\/types\/post"}],"author":[{"embeddable":true,"href":"http:\/\/hoycordobaweb.com\/index.php\/wp-json\/wp\/v2\/users\/1"}],"replies":[{"embeddable":true,"href":"http:\/\/hoycordobaweb.com\/index.php\/wp-json\/wp\/v2\/comments?post=54072"}],"version-history":[{"count":0,"href":"http:\/\/hoycordobaweb.com\/index.php\/wp-json\/wp\/v2\/posts\/54072\/revisions"}],"wp:featuredmedia":[{"embeddable":true,"href":"http:\/\/hoycordobaweb.com\/index.php\/wp-json\/wp\/v2\/media\/54073"}],"wp:attachment":[{"href":"http:\/\/hoycordobaweb.com\/index.php\/wp-json\/wp\/v2\/media?parent=54072"}],"wp:term":[{"taxonomy":"category","embeddable":true,"href":"http:\/\/hoycordobaweb.com\/index.php\/wp-json\/wp\/v2\/categories?post=54072"},{"taxonomy":"post_tag","embeddable":true,"href":"http:\/\/hoycordobaweb.com\/index.php\/wp-json\/wp\/v2\/tags?post=54072"}],"curies":[{"name":"wp","href":"https:\/\/api.w.org\/{rel}","templated":true}]}}