{"id":53931,"date":"2023-01-10T10:17:58","date_gmt":"2023-01-10T10:17:58","guid":{"rendered":"https:\/\/www.trendencias.com\/belleza\/esta-laca-unas-mercadona-que-sigue-tendencias-este-2023-que-convertira-nuestras-manos-protagonistas"},"modified":"2023-01-10T10:17:58","modified_gmt":"2023-01-10T10:17:58","slug":"esta-es-el-pintaunas-de-mercadona-que-sigue-una-de-las-tendencias-de-este-2023-y-que-convertira-nuestras-manos-en-las-protagonistas","status":"publish","type":"post","link":"http:\/\/hoycordobaweb.com\/index.php\/2023\/01\/10\/esta-es-el-pintaunas-de-mercadona-que-sigue-una-de-las-tendencias-de-este-2023-y-que-convertira-nuestras-manos-en-las-protagonistas\/","title":{"rendered":"Esta es el pintau\u00f1as de Mercadona que sigue una de las tendencias de este 2023 (y que convertir\u00e1 nuestras manos en las protagonistas)"},"content":{"rendered":"<p><a href=\"https:\/\/www.trendencias.com\/tag\/mercadona\">Mercadona<\/a> est\u00e1 al tanto de todo lo que pasa en el mundo de la belleza, por ello cada vez que lanza un <strong>nuevo producto <\/strong><em><strong>beauty<\/strong><\/em>, revoluciona el sector. Con estas premisas, la cadena de supermercados vuelve a la carga para conquistarnos con una <strong>nueva laca de u\u00f1as<\/strong> que se presenta en un <a href=\"https:\/\/www.trendencias.com\/tendencias\/colores-tendencia-para-esta-temporada-otono-invierno-2022-2023\">color tendencia para este 2023<\/a>. Elegante y diferente, esta propuesta podr\u00eda convertir nuestras manos en las protagonistas del look final.<\/p>\n<p><!-- BREAK 1 --><\/p>\n<div class=\"article-asset article-asset-normal article-asset-center\">\n<div class=\"desvio-container\">\n<div class=\"desvio\">\n<div class=\"desvio-figure js-desvio-figure\"> <a href=\"https:\/\/www.trendencias.com\/belleza\/mercadona-lanza-perfume-favorito-reina-letizia-solo-8-euros\"> <img alt=\"Mercadona lanza el perfume favorito de la reina Letizia pero por tan solo 8 euros \" src=\"http:\/\/hoycordobaweb.com\/wp-content\/uploads\/2023\/01\/esta-es-el-pintaunas-de-mercadona-que-sigue-una-de-las-tendencias-de-este-2023-y-que-convertira-nuestras-manos-en-las-protagonistas.jpg\"> <\/a> <\/div><\/div><\/div>\n<\/div>\n<h2>Un color que causar\u00e1 estragos este 2023<\/h2>\n<p>No importa si hace fr\u00edo o calor, el verde oliva (tirando a khaki) siempre es una buena opci\u00f3n. Color predilecto en el mundo de la moda, ahora este tono desembarca en el mundo de la belleza para convertirse en uno de los favoritos de la temporada. Por ello Deliplus lanza esta laca de u\u00f1as de alto brillo para vestir nuestras u\u00f1as con estilo y elegancia.<\/p>\n<p><!-- BREAK 2 --> <\/p>\n<div class=\"article-asset-image article-asset-normal article-asset-center\">\n<div class=\"asset-content\">\n<div class=\"base-wrapper-image\"> <img class=\"sf-lazy centro_sinmarco\" data-sf-srcset=\"http:\/\/hoycordobaweb.com\/wp-content\/uploads\/2023\/01\/esta-es-el-pintaunas-de-mercadona-que-sigue-una-de-las-tendencias-de-este-2023-y-que-convertira-nuestras-manos-en-las-protagonistas-1.jpg 450w, http:\/\/hoycordobaweb.com\/wp-content\/uploads\/2023\/01\/esta-es-el-pintaunas-de-mercadona-que-sigue-una-de-las-tendencias-de-este-2023-y-que-convertira-nuestras-manos-en-las-protagonistas-5.jpg 681w,http:\/\/hoycordobaweb.com\/wp-content\/uploads\/2023\/01\/esta-es-el-pintaunas-de-mercadona-que-sigue-una-de-las-tendencias-de-este-2023-y-que-convertira-nuestras-manos-en-las-protagonistas-6.jpg 1024w, http:\/\/hoycordobaweb.com\/wp-content\/uploads\/2023\/01\/esta-es-el-pintaunas-de-mercadona-que-sigue-una-de-las-tendencias-de-este-2023-y-que-convertira-nuestras-manos-en-las-protagonistas-7.jpg 1366w,\" data-sf-src=\"http:\/\/hoycordobaweb.com\/wp-content\/uploads\/2023\/01\/esta-es-el-pintaunas-de-mercadona-que-sigue-una-de-las-tendencias-de-este-2023-y-que-convertira-nuestras-manos-en-las-protagonistas-1.jpg\" alt=\"Laca Unas Mercadona Tendencia 2023 Verde 01\"> <noscript><img alt=\"Laca Unas Mercadona Tendencia 2023 Verde 01\" class=\"centro_sinmarco\" src=\"http:\/\/hoycordobaweb.com\/wp-content\/uploads\/2023\/01\/esta-es-el-pintaunas-de-mercadona-que-sigue-una-de-las-tendencias-de-este-2023-y-que-convertira-nuestras-manos-en-las-protagonistas-1.jpg\"><\/noscript> <\/div><\/div>\n<\/div>\n<p>Se trata del n\u00famero 68 de su colecci\u00f3n de lacas de u\u00f1as con brillo. A la venta por <a href=\"https:\/\/tienda.mercadona.es\/product\/35333\/laca-unas-alto-brillo-deliplus-68-verde-militar\">2,50 euros<\/a>, este producto quiere colarse en nuestro tocador para a\u00f1adir elegancia y sencillez con toques modernos.<\/p>\n<p><!-- BREAK 3 --><\/p>\n<h2>Otros esmaltes de u\u00f1as en color verde que podr\u00edan cautivarte<\/h2>\n<p>Si eres de las que siempre piensa en verde y quiere a\u00f1adir nuevas vertientes de esta tonalidad a su colecci\u00f3n personal, Mercadona nos lo pone f\u00e1cil. Efecto gel y optando por el verde mini, <a href=\"https:\/\/tienda.mercadona.es\/product\/35025\/laca-unas-efecto-gel-deliplus-153-menta-paso-1o-2\">esta opci\u00f3n<\/a> podr\u00eda convertirse en la base perfecta de todo <em>nail art<\/em>.<\/p>\n<p><!-- BREAK 4 --><\/p>\n<div class=\"article-asset-image article-asset-normal article-asset-center\">\n<div class=\"asset-content\">\n<div class=\"base-wrapper-image\"> <img class=\"sf-lazy centro_sinmarco\" data-sf-srcset=\"http:\/\/hoycordobaweb.com\/wp-content\/uploads\/2023\/01\/esta-es-el-pintaunas-de-mercadona-que-sigue-una-de-las-tendencias-de-este-2023-y-que-convertira-nuestras-manos-en-las-protagonistas-2.jpg 450w, http:\/\/hoycordobaweb.com\/wp-content\/uploads\/2023\/01\/esta-es-el-pintaunas-de-mercadona-que-sigue-una-de-las-tendencias-de-este-2023-y-que-convertira-nuestras-manos-en-las-protagonistas-8.jpg 681w,http:\/\/hoycordobaweb.com\/wp-content\/uploads\/2023\/01\/esta-es-el-pintaunas-de-mercadona-que-sigue-una-de-las-tendencias-de-este-2023-y-que-convertira-nuestras-manos-en-las-protagonistas-9.jpg 1024w, http:\/\/hoycordobaweb.com\/wp-content\/uploads\/2023\/01\/esta-es-el-pintaunas-de-mercadona-que-sigue-una-de-las-tendencias-de-este-2023-y-que-convertira-nuestras-manos-en-las-protagonistas-10.jpg 1366w,\" data-sf-src=\"http:\/\/hoycordobaweb.com\/wp-content\/uploads\/2023\/01\/esta-es-el-pintaunas-de-mercadona-que-sigue-una-de-las-tendencias-de-este-2023-y-que-convertira-nuestras-manos-en-las-protagonistas-2.jpg\" alt=\"Mercadona Tendencia 2023 Verde 02\"> <noscript><img alt=\"Mercadona Tendencia 2023 Verde 02\" class=\"centro_sinmarco\" src=\"http:\/\/hoycordobaweb.com\/wp-content\/uploads\/2023\/01\/esta-es-el-pintaunas-de-mercadona-que-sigue-una-de-las-tendencias-de-este-2023-y-que-convertira-nuestras-manos-en-las-protagonistas-2.jpg\"><\/noscript> <\/div><\/div>\n<\/div>\n<p>Si lo preferimos, el verde esmeralda se encargar\u00e1 de a\u00f1adir clase al look final con su sola presencia. Esta laca de u\u00f1as 3 en 1 est\u00e1 a la venta por <a href=\"https:\/\/tienda.mercadona.es\/product\/67554\/laca-unas-3-1-deliplus-140-verde\">2,75 euros<\/a>.<\/p>\n<p><!-- BREAK 5 --><\/p>\n<div class=\"article-asset-image article-asset-normal article-asset-center\">\n<div class=\"asset-content\">\n<div class=\"base-wrapper-image\"> <img class=\"sf-lazy centro_sinmarco\" data-sf-srcset=\"http:\/\/hoycordobaweb.com\/wp-content\/uploads\/2023\/01\/esta-es-el-pintaunas-de-mercadona-que-sigue-una-de-las-tendencias-de-este-2023-y-que-convertira-nuestras-manos-en-las-protagonistas-3.jpg 450w, http:\/\/hoycordobaweb.com\/wp-content\/uploads\/2023\/01\/esta-es-el-pintaunas-de-mercadona-que-sigue-una-de-las-tendencias-de-este-2023-y-que-convertira-nuestras-manos-en-las-protagonistas-11.jpg 681w,http:\/\/hoycordobaweb.com\/wp-content\/uploads\/2023\/01\/esta-es-el-pintaunas-de-mercadona-que-sigue-una-de-las-tendencias-de-este-2023-y-que-convertira-nuestras-manos-en-las-protagonistas-12.jpg 1024w, http:\/\/hoycordobaweb.com\/wp-content\/uploads\/2023\/01\/esta-es-el-pintaunas-de-mercadona-que-sigue-una-de-las-tendencias-de-este-2023-y-que-convertira-nuestras-manos-en-las-protagonistas-13.jpg 1366w,\" data-sf-src=\"http:\/\/hoycordobaweb.com\/wp-content\/uploads\/2023\/01\/esta-es-el-pintaunas-de-mercadona-que-sigue-una-de-las-tendencias-de-este-2023-y-que-convertira-nuestras-manos-en-las-protagonistas-3.jpg\" alt=\"Mercadona Tendencia 2023 Verde 03\"> <noscript><img alt=\"Mercadona Tendencia 2023 Verde 03\" class=\"centro_sinmarco\" src=\"http:\/\/hoycordobaweb.com\/wp-content\/uploads\/2023\/01\/esta-es-el-pintaunas-de-mercadona-que-sigue-una-de-las-tendencias-de-este-2023-y-que-convertira-nuestras-manos-en-las-protagonistas-3.jpg\"><\/noscript> <\/div><\/div>\n<\/div>\n<p>Fotos | Instagram <a href=\"https:\/\/www.instagram.com\/p\/Cl7XFgSs7Oc\/\">@hoskelsa<\/a>, Mercadona<\/p>\n","protected":false},"excerpt":{"rendered":"<p>Mercadona est\u00e1 al tanto de todo lo que pasa en el mundo de la belleza, por ello cada vez que lanza un nuevo producto beauty, revoluciona el sector. Con estas premisas, la cadena de supermercados vuelve a la carga para conquistarnos con una nueva laca de u\u00f1as que se presenta en un color tendencia para [&hellip;]<\/p>\n","protected":false},"author":1,"featured_media":53932,"comment_status":"closed","ping_status":"closed","sticky":false,"template":"","format":"standard","meta":[],"categories":[1],"tags":[],"_links":{"self":[{"href":"http:\/\/hoycordobaweb.com\/index.php\/wp-json\/wp\/v2\/posts\/53931"}],"collection":[{"href":"http:\/\/hoycordobaweb.com\/index.php\/wp-json\/wp\/v2\/posts"}],"about":[{"href":"http:\/\/hoycordobaweb.com\/index.php\/wp-json\/wp\/v2\/types\/post"}],"author":[{"embeddable":true,"href":"http:\/\/hoycordobaweb.com\/index.php\/wp-json\/wp\/v2\/users\/1"}],"replies":[{"embeddable":true,"href":"http:\/\/hoycordobaweb.com\/index.php\/wp-json\/wp\/v2\/comments?post=53931"}],"version-history":[{"count":0,"href":"http:\/\/hoycordobaweb.com\/index.php\/wp-json\/wp\/v2\/posts\/53931\/revisions"}],"wp:featuredmedia":[{"embeddable":true,"href":"http:\/\/hoycordobaweb.com\/index.php\/wp-json\/wp\/v2\/media\/53932"}],"wp:attachment":[{"href":"http:\/\/hoycordobaweb.com\/index.php\/wp-json\/wp\/v2\/media?parent=53931"}],"wp:term":[{"taxonomy":"category","embeddable":true,"href":"http:\/\/hoycordobaweb.com\/index.php\/wp-json\/wp\/v2\/categories?post=53931"},{"taxonomy":"post_tag","embeddable":true,"href":"http:\/\/hoycordobaweb.com\/index.php\/wp-json\/wp\/v2\/tags?post=53931"}],"curies":[{"name":"wp","href":"https:\/\/api.w.org\/{rel}","templated":true}]}}