{"id":53896,"date":"2023-01-09T08:47:00","date_gmt":"2023-01-09T08:47:00","guid":{"rendered":"https:\/\/fm-comunicar.com.ar\/contenido\/19929\/un-adolescente-de-15-anos-fue-detenido-e-imputado-por-el-homicidio-de-agustin-av"},"modified":"2023-01-09T08:47:00","modified_gmt":"2023-01-09T08:47:00","slug":"un-adolescente-de-15-anos-fue-detenido-e-imputado-por-el-homicidio-de-agustin-avila","status":"publish","type":"post","link":"http:\/\/hoycordobaweb.com\/index.php\/2023\/01\/09\/un-adolescente-de-15-anos-fue-detenido-e-imputado-por-el-homicidio-de-agustin-avila\/","title":{"rendered":"Un adolescente de 15 a\u00f1os fue detenido e imputado por el homicidio de Agust\u00edn \u00c1vila"},"content":{"rendered":"<p>Fue tras un allanamiento que se hizo en la tarde del domingo en Jes\u00fas Mar\u00eda. Tambi\u00e9n le secuestraron un arma blanca. Con el paso de las horas confirmaron que la v\u00edctima se defendi\u00f3 del robo de su gorra mientras estaba en calle Abel Figueroa con su mam\u00e1.<img src=\"http:\/\/hoycordobaweb.com\/wp-content\/uploads\/2023\/01\/un-adolescente-de-15-anos-fue-detenido-e-imputado-por-el-homicidio-de-agustin-avila.png\"><\/p>\n","protected":false},"excerpt":{"rendered":"<p>Fue tras un allanamiento que se hizo en la tarde del domingo en Jes\u00fas Mar\u00eda. Tambi\u00e9n le secuestraron un arma blanca. Con el paso de las horas confirmaron que la v\u00edctima se defendi\u00f3 del robo de su gorra mientras estaba en calle Abel Figueroa con su mam\u00e1.<\/p>\n","protected":false},"author":1,"featured_media":53897,"comment_status":"closed","ping_status":"closed","sticky":false,"template":"","format":"standard","meta":[],"categories":[18],"tags":[],"_links":{"self":[{"href":"http:\/\/hoycordobaweb.com\/index.php\/wp-json\/wp\/v2\/posts\/53896"}],"collection":[{"href":"http:\/\/hoycordobaweb.com\/index.php\/wp-json\/wp\/v2\/posts"}],"about":[{"href":"http:\/\/hoycordobaweb.com\/index.php\/wp-json\/wp\/v2\/types\/post"}],"author":[{"embeddable":true,"href":"http:\/\/hoycordobaweb.com\/index.php\/wp-json\/wp\/v2\/users\/1"}],"replies":[{"embeddable":true,"href":"http:\/\/hoycordobaweb.com\/index.php\/wp-json\/wp\/v2\/comments?post=53896"}],"version-history":[{"count":0,"href":"http:\/\/hoycordobaweb.com\/index.php\/wp-json\/wp\/v2\/posts\/53896\/revisions"}],"wp:featuredmedia":[{"embeddable":true,"href":"http:\/\/hoycordobaweb.com\/index.php\/wp-json\/wp\/v2\/media\/53897"}],"wp:attachment":[{"href":"http:\/\/hoycordobaweb.com\/index.php\/wp-json\/wp\/v2\/media?parent=53896"}],"wp:term":[{"taxonomy":"category","embeddable":true,"href":"http:\/\/hoycordobaweb.com\/index.php\/wp-json\/wp\/v2\/categories?post=53896"},{"taxonomy":"post_tag","embeddable":true,"href":"http:\/\/hoycordobaweb.com\/index.php\/wp-json\/wp\/v2\/tags?post=53896"}],"curies":[{"name":"wp","href":"https:\/\/api.w.org\/{rel}","templated":true}]}}