{"id":53867,"date":"2023-01-09T01:46:34","date_gmt":"2023-01-09T01:46:34","guid":{"rendered":"https:\/\/www.ole.com.ar\/independiente\/javier-baez-refuerzo-independiente-defensa_0_5b9DG06CO2.html"},"modified":"2023-01-09T01:46:34","modified_gmt":"2023-01-09T01:46:34","slug":"el-rojo-acordo-la-llegada-de-su-decimo-refuerzo","status":"publish","type":"post","link":"http:\/\/hoycordobaweb.com\/index.php\/2023\/01\/09\/el-rojo-acordo-la-llegada-de-su-decimo-refuerzo\/","title":{"rendered":"El Rojo acord\u00f3 la llegada de su d\u00e9cimo refuerzo"},"content":{"rendered":"<p><img src=\"http:\/\/hoycordobaweb.com\/wp-content\/uploads\/2023\/01\/el-rojo-acordo-la-llegada-de-su-decimo-refuerzo.jpg\"><\/p>\n<div class=\"custom-text \" readability=\"36\">\n<p>Independiente tendr\u00e1 otra cara en este 2023. Son 14 los futbolistas que se fueron y este domingo la dirigencia logr\u00f3 acordar la contrataci\u00f3n del d\u00e9cimo refuerzo: <strong>Javier B\u00e1ez, central diestro de 32 a\u00f1os que puede jugar en ambos puestos de la zaga y tambi\u00e9n oficiar circunstancialmente como lateral derecho.<\/strong><\/p>\n<\/div>\n<div class=\"sc-489cef11-0 jHGTKj\" readability=\"6.5\">\n<section readability=\"3\"><picture><img class=\"img\" src=\"http:\/\/hoycordobaweb.com\/wp-content\/uploads\/2023\/01\/el-rojo-acordo-la-llegada-de-su-decimo-refuerzo-2.jpg\" alt=\"La potente bajada de l\u00ednea de Marcone, nuevo capit\u00e1n del Rojo\" height=\"290\" width=\"290\" loading=\"lazy\"><\/picture>\n<p><span>Mir\u00e1 tambi\u00e9n<\/span><\/p>\n<hr>\n<h3>La potente bajada de l\u00ednea de Marcone, nuevo capit\u00e1n del Rojo<\/h3>\n<\/p>\n<\/section>\n<\/div>\n<div class=\"sc-489cef11-0 jHGTKj\" readability=\"6\">\n<section readability=\"2\"><picture><img class=\"img\" src=\"http:\/\/hoycordobaweb.com\/wp-content\/uploads\/2023\/01\/el-rojo-acordo-la-llegada-de-su-decimo-refuerzo-3.jpg\" alt=\"Stillitano y su debut en el Rojo: &quot;Fue una muy buena prueba&quot;\" height=\"290\" width=\"290\" loading=\"lazy\"><\/picture>\n<p><span>Mir\u00e1 tambi\u00e9n<\/span><\/p>\n<hr>\n<h3>Stillitano y su debut en el Rojo: \u00abFue una muy buena prueba\u00bb<\/h3>\n<\/p>\n<\/section>\n<\/div>\n<div class=\"custom-text \" readability=\"38\">\n<p>El paraguayo, que se forj\u00f3 en las Inferiores de Independiente, llega con el pase en su poder luego de su pase por Rosario Central. <strong>Este lunes se har\u00e1 la revisi\u00f3n m\u00e9dica de rutina, firmar\u00e1 su contrato por un a\u00f1o <\/strong>y los directivos evaluar\u00e1n si fijan la opci\u00f3n de extender su v\u00ednculo por una temporada m\u00e1s.<\/p>\n<\/div>\n<div class=\"sc-489cef11-0 jHGTKj\" readability=\"6.5\">\n<section readability=\"3\"><picture><img class=\"img\" src=\"http:\/\/hoycordobaweb.com\/wp-content\/uploads\/2023\/01\/el-rojo-acordo-la-llegada-de-su-decimo-refuerzo-4.jpg\" alt=\"Doman con Ol\u00e9: &quot;Quiero que volvamos a sentirnos los due\u00f1os de un estilo y del f\u00fatbol&quot;\" height=\"290\" width=\"290\" loading=\"lazy\"><\/picture>\n<p><span>Mir\u00e1 tambi\u00e9n<\/span><\/p>\n<hr>\n<h3>Doman con Ol\u00e9: \u00abQuiero que volvamos a sentirnos los due\u00f1os de un estilo y del f\u00fatbol\u00bb<\/h3>\n<\/p>\n<\/section>\n<\/div>\n<div class=\"custom-text \" readability=\"41\">\n<p>Independiente ya sum\u00f3 otros nueve refuerzos en este mercado de pases. El s\u00e1bado, cuando el Rojo igual\u00f3 sin goles con Boca en un amistoso disputado en San Juan, debutaron desde el arranque el arquero Rodrigo Rey, el lateral derecho Luciano G\u00f3mez, el volante central Agust\u00edn Mulet y el delantero Mat\u00edas Gim\u00e9nez. En la segunda etapa ingresaron otras dos caras nuevas: el mediocampista central Kevin L\u00f3pez y el atacante Mart\u00edn Cauteruccio. Los que a\u00fan no tuvieron su estreno son el extremo derecho Mauricio Cuero, el marcador de punta zurdo Dami\u00e1n P\u00e9rez y el central uruguayo Mateo Baltasar Barcia, quien estampar\u00e1 la r\u00fabrica esta semana<\/p>\n<\/div>\n<div class=\"sc-489cef11-0 jHGTKj\" readability=\"6\">\n<section readability=\"2\"><picture><img class=\"img\" src=\"http:\/\/hoycordobaweb.com\/wp-content\/uploads\/2023\/01\/el-rojo-acordo-la-llegada-de-su-decimo-refuerzo-5.jpg\" alt=\"\u00a1El Kun Ag\u00fcero vuelve a jugar al f\u00fatbol en Barcelona!\" height=\"290\" width=\"290\" loading=\"lazy\"><\/picture>\n<p><span>Mir\u00e1 tambi\u00e9n<\/span><\/p>\n<hr>\n<h3>\u00a1El Kun Ag\u00fcero vuelve a jugar al f\u00fatbol en Barcelona!<\/h3>\n<\/p>\n<\/section>\n<\/div>\n<div class=\"custom-text \" readability=\"44\">\n<p><strong>Independiente sum\u00f3 muchos refuerzos porque sufri\u00f3 varias bajas.<\/strong> Se marcharon los arqueros Milton \u00c1lvarez, Sebasti\u00e1n Sosa y Renzo Bacchia (pronto se ir\u00e1 a Cerro Largo), los laterales derechos Alex Vigo y Gonzalo As\u00eds, el zaguero Juan Insaurralde, el marcador de punta zurdo Lucas Rodr\u00edguez, los volantes centrales Lucas Romero y Juan Pacchini, el volante creativo Alan So\u00f1ora, el extremo Dami\u00e1n Batallini y los delanteros Leandro Fern\u00e1ndez, Facundo Ferreyra y Leandro Benegas. Adem\u00e1s, a\u00fan es incierto el futuro de Gabriel Hachen y Tom\u00e1s Pozzo.<\/p>\n<\/div>\n<p><h2><strong>As\u00ed llega el defensor<\/strong><\/h2>\n<\/p>\n<div class=\"custom-text \" readability=\"40\">\n<p>El Pala B\u00e1ez, tal como apodan al defensor, llega con continuidad: <strong>disput\u00f3 30 partidos en Central el a\u00f1o pasado, de los que fue titular en 29 y convirti\u00f3 dos goles. <\/strong>Adem\u00e1s, fue amonestado en ocho oportunidades y no sufri\u00f3 ninguna expulsi\u00f3n. Llegar\u00e1 al Rojo para competir por un lugar y arrancar\u00e1 como relevo. <strong>En Avellaneda lo recuerdan porque en el Apertura 2010 convirti\u00f3 el gol del triunfo de Independiente en un cl\u00e1sico ante Racing que finaliz\u00f3 1-0. <\/strong>Muchos a\u00f1os m\u00e1s tarde, tendr\u00e1 una revancha en el club que lo form\u00f3.<\/p>\n<\/div>\n<div class=\"sc-489cef11-0 jHGTKj\" readability=\"6\">\n<section readability=\"2\"><picture><img class=\"img\" src=\"http:\/\/hoycordobaweb.com\/wp-content\/uploads\/2023\/01\/el-rojo-acordo-la-llegada-de-su-decimo-refuerzo-6.jpg\" alt=\"Marcone: &quot;Estamos agarrando la idea del entrenador&quot;\" height=\"290\" width=\"290\" loading=\"lazy\"><\/picture>\n<p><span>Mir\u00e1 tambi\u00e9n<\/span><\/p>\n<hr>\n<h3>Marcone: \u00abEstamos agarrando la idea del entrenador\u00bb<\/h3>\n<\/p>\n<\/section>\n<\/div>\n","protected":false},"excerpt":{"rendered":"<p>Independiente tendr\u00e1 otra cara en este 2023. Son 14 los futbolistas que se fueron y este domingo la dirigencia logr\u00f3 acordar la contrataci\u00f3n del d\u00e9cimo refuerzo: Javier B\u00e1ez, central diestro de 32 a\u00f1os que puede jugar en ambos puestos de la zaga y tambi\u00e9n oficiar circunstancialmente como lateral derecho. Mir\u00e1 tambi\u00e9n La potente bajada de [&hellip;]<\/p>\n","protected":false},"author":1,"featured_media":53868,"comment_status":"open","ping_status":"closed","sticky":false,"template":"","format":"standard","meta":[],"categories":[16],"tags":[],"_links":{"self":[{"href":"http:\/\/hoycordobaweb.com\/index.php\/wp-json\/wp\/v2\/posts\/53867"}],"collection":[{"href":"http:\/\/hoycordobaweb.com\/index.php\/wp-json\/wp\/v2\/posts"}],"about":[{"href":"http:\/\/hoycordobaweb.com\/index.php\/wp-json\/wp\/v2\/types\/post"}],"author":[{"embeddable":true,"href":"http:\/\/hoycordobaweb.com\/index.php\/wp-json\/wp\/v2\/users\/1"}],"replies":[{"embeddable":true,"href":"http:\/\/hoycordobaweb.com\/index.php\/wp-json\/wp\/v2\/comments?post=53867"}],"version-history":[{"count":0,"href":"http:\/\/hoycordobaweb.com\/index.php\/wp-json\/wp\/v2\/posts\/53867\/revisions"}],"wp:featuredmedia":[{"embeddable":true,"href":"http:\/\/hoycordobaweb.com\/index.php\/wp-json\/wp\/v2\/media\/53868"}],"wp:attachment":[{"href":"http:\/\/hoycordobaweb.com\/index.php\/wp-json\/wp\/v2\/media?parent=53867"}],"wp:term":[{"taxonomy":"category","embeddable":true,"href":"http:\/\/hoycordobaweb.com\/index.php\/wp-json\/wp\/v2\/categories?post=53867"},{"taxonomy":"post_tag","embeddable":true,"href":"http:\/\/hoycordobaweb.com\/index.php\/wp-json\/wp\/v2\/tags?post=53867"}],"curies":[{"name":"wp","href":"https:\/\/api.w.org\/{rel}","templated":true}]}}