{"id":53822,"date":"2023-01-08T03:06:49","date_gmt":"2023-01-08T03:06:49","guid":{"rendered":"https:\/\/www.ole.com.ar\/boca-juniors\/exequiel-zeballos-volvio-a-jugar-declaraciones-roman-gente-boca_0_1QpiRjdixJ.html"},"modified":"2023-01-08T03:06:49","modified_gmt":"2023-01-08T03:06:49","slug":"zeballos-entre-el-regreso-las-palabras-de-roman-y-el-carino-de-la-gente","status":"publish","type":"post","link":"http:\/\/hoycordobaweb.com\/index.php\/2023\/01\/08\/zeballos-entre-el-regreso-las-palabras-de-roman-y-el-carino-de-la-gente\/","title":{"rendered":"Zeballos: entre el regreso, las palabras de Rom\u00e1n y el cari\u00f1o de la gente"},"content":{"rendered":"<p><img src=\"http:\/\/hoycordobaweb.com\/wp-content\/uploads\/2023\/01\/zeballos-entre-el-regreso-las-palabras-de-roman-y-el-carino-de-la-gente.jpg\"><\/p>\n<div><img src=\"http:\/\/hoycordobaweb.com\/wp-content\/uploads\/2023\/01\/zeballos-entre-el-regreso-las-palabras-de-roman-y-el-carino-de-la-gente.jpg\" class=\"ff-og-image-inserted\"><\/div>\n<div readability=\"32.43059490085\">\n<p>En medio de un primer partido de temporada muy deslucido, una gran noticia para <a href=\"https:\/\/www.ole.com.ar\/tema\/boca-juniors.html\" title=\"Boca Juniors\" alt=\"Boca Juniors\" class=\"slug\"><strong>Boca<\/strong><\/a>: <a href=\"https:\/\/www.ole.com.ar\/tema\/exequiel-zeballos.html\" title=\"Exequiel Zeballos\" alt=\"Exequiel Zeballos\" class=\"slug\"><strong>Exequiel Zeballos<\/strong><\/a> <strong>ingres\u00f3 sobre el final del partido para disputar las \u00faltimos diez minutos en su regreso a un campo de juego despu\u00e9s de cinco meses<\/strong> luego de la fractura que sufri\u00f3 producto de una falta en el cruce contra Agropecuario en la pasada <a href=\"https:\/\/www.ole.com.ar\/tema\/copa-argentina.html\" title=\"Copa Argentina\" alt=\"Copa Argentina\" class=\"slug\"><strong>Copa Argentina<\/strong><\/a>.<\/p>\n<\/div>\n<div readability=\"42\">\n<p>Tras el encuentro con independiente, que termin\u00f3 empatado 0 a 0, el Changuito comparti\u00f3 sus sensaciones: \u00ab<strong>Estoy muy contento. Quiero agradecerles a todos los que estuvieron conmigo. A mi familia, a mi novia, a los jugadores, cuerpo t\u00e9cnico, a Rom\u00e1n y el Consejo por darme una mano siempre. Ac\u00e1 estamos, que sea lo que Dios quiera<\/strong>\u00ab.<\/p>\n<\/div>\n<div readability=\"38.117647058824\">\n<p>Adem\u00e1s, el futbolista xeneize cont\u00f3 que le dijo <a href=\"https:\/\/www.ole.com.ar\/tema\/juan-roman-riquelme.html\" title=\"Juan Rom\u00e1n Riquelme\" alt=\"Juan Rom\u00e1n Riquelme\" class=\"slug\"><strong>Juan Rom\u00e1n Riquelme<\/strong><\/a> antes del partido. <strong>\u00abMe dijo que est\u00e9 tranquilo y que disfrute de jugar a la pelota\u00bb<\/strong>, coment\u00f3 el joven atacante, que tambi\u00e9n le dedic\u00f3 unas palabras a los hinchas, que lo ovacionaron en su ingreso: <strong>\u00abEstoy muy agradecido con la gente, que me da cari\u00f1o por dem\u00e1s. Yo no soy nadie todav\u00eda. Esto me hace seguir trabajando para darles muchas alegr\u00edas\u00bb<\/strong>.<\/p>\n<\/div>\n<div readability=\"35\">\n<p>Por \u00faltimo, Zeballos asegur\u00f3 que Boca va por todo en este 2023: <strong>\u00abEstamos para muchas cosas. Tenemos nuestros objetivos y estamos trabajando d\u00eda a d\u00eda para conseguirlos. Hicimos una muy buena pretemporada y hay que seguir\u00bb<\/strong>.<\/p>\n<\/div>\n<div readability=\"33.37339055794\">\n<p>Los dirigidos por <a href=\"https:\/\/www.ole.com.ar\/tema\/hugo-ibarra.html\" title=\"Hugo Ibarra\" alt=\"Hugo Ibarra\" class=\"slug\"><strong>Hugo Ibarra<\/strong><\/a> volver\u00e1 a jugar el 13 de enero, cuando se enfrente a Everton de Chile en la jornada final del triangular de verano. Luego, deber\u00e1 enfrentarse con <a href=\"https:\/\/www.ole.com.ar\/tema\/racing.html\" title=\"Racing\" alt=\"Racing\" class=\"slug\"><strong>Racing<\/strong><\/a> en la Supercopa Argentina en Abu Dhabi el 20\/01.<\/p>\n<\/div>\n","protected":false},"excerpt":{"rendered":"<p>En medio de un primer partido de temporada muy deslucido, una gran noticia para Boca: Exequiel Zeballos ingres\u00f3 sobre el final del partido para disputar las \u00faltimos diez minutos en su regreso a un campo de juego despu\u00e9s de cinco meses luego de la fractura que sufri\u00f3 producto de una falta en el cruce contra [&hellip;]<\/p>\n","protected":false},"author":1,"featured_media":53823,"comment_status":"open","ping_status":"closed","sticky":false,"template":"","format":"standard","meta":[],"categories":[16],"tags":[],"_links":{"self":[{"href":"http:\/\/hoycordobaweb.com\/index.php\/wp-json\/wp\/v2\/posts\/53822"}],"collection":[{"href":"http:\/\/hoycordobaweb.com\/index.php\/wp-json\/wp\/v2\/posts"}],"about":[{"href":"http:\/\/hoycordobaweb.com\/index.php\/wp-json\/wp\/v2\/types\/post"}],"author":[{"embeddable":true,"href":"http:\/\/hoycordobaweb.com\/index.php\/wp-json\/wp\/v2\/users\/1"}],"replies":[{"embeddable":true,"href":"http:\/\/hoycordobaweb.com\/index.php\/wp-json\/wp\/v2\/comments?post=53822"}],"version-history":[{"count":0,"href":"http:\/\/hoycordobaweb.com\/index.php\/wp-json\/wp\/v2\/posts\/53822\/revisions"}],"wp:featuredmedia":[{"embeddable":true,"href":"http:\/\/hoycordobaweb.com\/index.php\/wp-json\/wp\/v2\/media\/53823"}],"wp:attachment":[{"href":"http:\/\/hoycordobaweb.com\/index.php\/wp-json\/wp\/v2\/media?parent=53822"}],"wp:term":[{"taxonomy":"category","embeddable":true,"href":"http:\/\/hoycordobaweb.com\/index.php\/wp-json\/wp\/v2\/categories?post=53822"},{"taxonomy":"post_tag","embeddable":true,"href":"http:\/\/hoycordobaweb.com\/index.php\/wp-json\/wp\/v2\/tags?post=53822"}],"curies":[{"name":"wp","href":"https:\/\/api.w.org\/{rel}","templated":true}]}}