{"id":53814,"date":"2023-01-07T14:32:02","date_gmt":"2023-01-07T14:32:02","guid":{"rendered":"https:\/\/ladecimaweb.com\/?p=15630"},"modified":"2023-01-07T14:32:02","modified_gmt":"2023-01-07T14:32:02","slug":"en-enero-y-febrero-la-muni-dicta-talleres-gratuitos-destinados-a-ninos-y-adultos","status":"publish","type":"post","link":"http:\/\/hoycordobaweb.com\/index.php\/2023\/01\/07\/en-enero-y-febrero-la-muni-dicta-talleres-gratuitos-destinados-a-ninos-y-adultos\/","title":{"rendered":"En enero y febrero la muni dicta talleres gratuitos destinados a ni\u00f1os y adultos"},"content":{"rendered":"<div class=\"boldgrid-section\">\n<div class=\"container\">\n<div class=\"row\">\n<div class=\"col-md-12 col-xs-12 col-sm-12\">\n<p class=\"\"><em>(Prensa de gobierno)<\/em> En el marco del programa \u201cDerecho al Verano\u201d, la Municipalidad de C\u00f3rdoba llevar\u00e1 adelante, en enero y febrero, <strong>talleres de rob\u00f3tica, programaci\u00f3n, impresi\u00f3n 3D, producci\u00f3n audiovisual y animaci\u00f3n, alfabetizaci\u00f3n digital para adultos y un Desaf\u00edo CREA de videojuegos.<\/strong><\/p>\n<p>Estas propuestas son gratuitas y est\u00e1n destinadas a ni\u00f1os y adultos. Las inscripciones se realizan a trav\u00e9s de unos formularios de Google Docs y se dictar\u00e1n en el Parque Educativo Noroeste.<\/p>\n<p class=\"\">En verano el Municipio presenta diversas actividades para todas las edades que vinculan la actividad pr\u00e1ctica y experiencias de producci\u00f3n y aprendizaje a trav\u00e9s del arte, la ciencia, la comunicaci\u00f3n y la tecnolog\u00eda destinadas a ni\u00f1os, j\u00f3venes y adultos.<\/p>\n<p class=\"\">En esta primera etapa son cinco las propuestas abiertas a la comunidad, cada una de ellas tiene un cupo de 20 asistentes que responden a la disponibilidad tecnol\u00f3gica y espacial de la Tecnoteca.<\/p>\n<p>\u201cQueremos que ni\u00f1as, ni\u00f1os, j\u00f3venes y adultos disfruten de un verano aprendiendo, creando nuevos v\u00ednculos sociales y explorando creativamente diferentes tecnolog\u00edas, lenguajes y disciplinas\u201d destac\u00f3 el secretario de Educaci\u00f3n, Horacio Ferreyra.<\/p>\n<p class=\"\"><strong>Sobre los talleres<\/strong><\/p>\n<p class=\"\"><strong>Taller \u201cQuiero ser Youtuber\u201d<\/strong><br \/>\nDestinado a ni\u00f1os de 8 a 12 a\u00f1os, que les interese la producci\u00f3n audiovisual, la grabaci\u00f3n de v\u00eddeos y la creaci\u00f3n de contenidos para Youtube.<br \/>\nInicia: 18 de Enero<br \/>\nD\u00eda: Mi\u00e9rcoles<br \/>\nHora: 10:00 a 12:00 hs<br \/>\nCronograma de Encuentros: 18\/01, 25\/01, 08\/02 y 15\/02.<br \/>\nLink para inscripci\u00f3n https:\/\/forms.gle\/HpznV2jrKuLWL1sz8<\/p>\n<p class=\"\"><strong>Taller \u201cMi primer Podcast\u201d<\/strong><br \/>\nDestinado para adultos mayores de 50 a\u00f1os, se ejecutar\u00e1n 5 podcasts para plataformas digitales.<br \/>\nInicia: 16 de Enero<br \/>\nD\u00eda: Lunes<br \/>\nHora: 10:30 a 12:30 hs<br \/>\nCronograma de Encuentros: 16\/01, 23\/01, 06\/02, 13\/02 y 27\/02.<br \/>\nLink para inscripci\u00f3n https:\/\/forms.gle\/BeBKee74GccufzQ88<\/p>\n<p class=\"\"><strong>Taller \u201cIniciaci\u00f3n a la programaci\u00f3n\u201d<\/strong><br \/>\nDestinado a ni\u00f1os de 8 y 10 a\u00f1os de edad.<br \/>\nInicia: 17 de Enero<br \/>\nD\u00eda: Martes y Jueves<br \/>\nHora: 09:00 a 10:30 hs<br \/>\nCronograma de Encuentros: 17\/01, 19\/01, 24\/01, 26\/01, 31\/01, 02\/02, 07\/02,<br \/>\n09\/02, 14\/02 y 16\/02.<br \/>\nLink para inscripci\u00f3n https:\/\/forms.gle\/2ytkcoLWhcWyWuEe7<\/p>\n<p class=\"\"><strong>Taller de \u201cAlfabetizaci\u00f3n digital; inform\u00e1tica para adultos\u201d<\/strong><br \/>\nDestinado a adultos de 18 a\u00f1os en adelante.<br \/>\nInicia: 17 de Enero<br \/>\nD\u00eda: Martes y Jueves<br \/>\nHora: 10:30 a 12:00 hs<br \/>\nCronograma de Encuentros: 17\/01, 19\/01, 24\/01, 26\/01, 31\/01, 02\/02, 07\/02,<br \/>\n09\/02, 14\/02 y 16\/02.<br \/>\nLink para inscripci\u00f3n https:\/\/forms.gle\/EbLjnQ1CJ6dxi2SK8<\/p>\n<p class=\"\"><strong>Taller de \u201cIniciaci\u00f3n a la Rob\u00f3tica\u201d<\/strong><br \/>\nDestinado a ni\u00f1os de 8 a 10 a\u00f1os de edad.<br \/>\nInicia: 17 de Enero<br \/>\nD\u00eda: Martes y Jueves<br \/>\nHora: de 12:00 a 13:30 hs<br \/>\nCronograma de Encuentros: 17\/01, 19\/01, 24\/01, 26\/01, 31\/01, 02\/02, 07\/02,<br \/>\n09\/02, 14\/02 y 16\/02.<br \/>\nLink para inscripci\u00f3n https:\/\/forms.gle\/qNjXnoRUKHX4xmML8<\/p>\n<p>&nbsp;<\/p>\n<div class=\"ubm_banner\"><a href=\"https:\/\/www.cba.gov.ar\" target=\"_blank\" rel=\"dofollow noopener noreferrer\"><img src=\"http:\/\/hoycordobaweb.com\/wp-content\/uploads\/2023\/01\/en-enero-y-febrero-la-muni-dicta-talleres-gratuitos-destinados-a-ninos-y-adultos.gif\" alt=\"\"><\/a><\/div>\n<\/div>\n<\/div>\n<\/div>\n<\/div>\n<p>La entrada <a rel=\"nofollow\" href=\"https:\/\/ladecimaweb.com\/en-enero-y-febrero-la-muni-dicta-talleres-gratuitos-destinados-a-ninos-y-adultos\/\">En enero y febrero la muni dicta talleres gratuitos destinados a ni\u00f1os y adultos<\/a> se public\u00f3 primero en <a rel=\"nofollow\" href=\"https:\/\/ladecimaweb.com\">LaDecima<\/a>.<\/p>\n","protected":false},"excerpt":{"rendered":"<p>(Prensa de gobierno) En el marco del programa \u201cDerecho al Verano\u201d, la Municipalidad de C\u00f3rdoba llevar\u00e1 adelante, en enero y febrero, talleres de rob\u00f3tica, programaci\u00f3n, impresi\u00f3n 3D, producci\u00f3n audiovisual y animaci\u00f3n, alfabetizaci\u00f3n digital para adultos y un Desaf\u00edo CREA de videojuegos. Estas propuestas son gratuitas y est\u00e1n destinadas a ni\u00f1os y adultos. Las inscripciones se [&hellip;]<\/p>\n","protected":false},"author":1,"featured_media":53815,"comment_status":"closed","ping_status":"closed","sticky":false,"template":"","format":"standard","meta":[],"categories":[19],"tags":[],"_links":{"self":[{"href":"http:\/\/hoycordobaweb.com\/index.php\/wp-json\/wp\/v2\/posts\/53814"}],"collection":[{"href":"http:\/\/hoycordobaweb.com\/index.php\/wp-json\/wp\/v2\/posts"}],"about":[{"href":"http:\/\/hoycordobaweb.com\/index.php\/wp-json\/wp\/v2\/types\/post"}],"author":[{"embeddable":true,"href":"http:\/\/hoycordobaweb.com\/index.php\/wp-json\/wp\/v2\/users\/1"}],"replies":[{"embeddable":true,"href":"http:\/\/hoycordobaweb.com\/index.php\/wp-json\/wp\/v2\/comments?post=53814"}],"version-history":[{"count":0,"href":"http:\/\/hoycordobaweb.com\/index.php\/wp-json\/wp\/v2\/posts\/53814\/revisions"}],"wp:featuredmedia":[{"embeddable":true,"href":"http:\/\/hoycordobaweb.com\/index.php\/wp-json\/wp\/v2\/media\/53815"}],"wp:attachment":[{"href":"http:\/\/hoycordobaweb.com\/index.php\/wp-json\/wp\/v2\/media?parent=53814"}],"wp:term":[{"taxonomy":"category","embeddable":true,"href":"http:\/\/hoycordobaweb.com\/index.php\/wp-json\/wp\/v2\/categories?post=53814"},{"taxonomy":"post_tag","embeddable":true,"href":"http:\/\/hoycordobaweb.com\/index.php\/wp-json\/wp\/v2\/tags?post=53814"}],"curies":[{"name":"wp","href":"https:\/\/api.w.org\/{rel}","templated":true}]}}