{"id":53801,"date":"2023-01-07T11:28:00","date_gmt":"2023-01-07T11:28:00","guid":{"rendered":"https:\/\/fm-comunicar.com.ar\/contenido\/19923\/desorientado-un-hombre-con-alzheimer-camino-tres-horas-hasta-que-lo-hallaron-el-"},"modified":"2023-01-07T11:28:00","modified_gmt":"2023-01-07T11:28:00","slug":"desorientado-un-hombre-con-alzheimer-camino-tres-horas-hasta-que-lo-hallaron-en-puesto-viejo","status":"publish","type":"post","link":"http:\/\/hoycordobaweb.com\/index.php\/2023\/01\/07\/desorientado-un-hombre-con-alzheimer-camino-tres-horas-hasta-que-lo-hallaron-en-puesto-viejo\/","title":{"rendered":"Desorientado, un hombre con Alzheimer camin\u00f3 tres horas hasta que lo hallaron en Puesto Viejo"},"content":{"rendered":"<p>El hecho ocurri\u00f3 el martes pasado y la familia esper\u00f3 los resultados de los estudios para contar el caso y agradecer a Bomberos, Polic\u00eda y Defensa Civil de Colonia Caroya.<img src=\"http:\/\/hoycordobaweb.com\/wp-content\/uploads\/2023\/01\/desorientado-un-hombre-con-alzheimer-camino-tres-horas-hasta-que-lo-hallaron-en-puesto-viejo.png\"><\/p>\n","protected":false},"excerpt":{"rendered":"<p>El hecho ocurri\u00f3 el martes pasado y la familia esper\u00f3 los resultados de los estudios para contar el caso y agradecer a Bomberos, Polic\u00eda y Defensa Civil de Colonia Caroya.<\/p>\n","protected":false},"author":1,"featured_media":53802,"comment_status":"closed","ping_status":"closed","sticky":false,"template":"","format":"standard","meta":[],"categories":[18],"tags":[],"_links":{"self":[{"href":"http:\/\/hoycordobaweb.com\/index.php\/wp-json\/wp\/v2\/posts\/53801"}],"collection":[{"href":"http:\/\/hoycordobaweb.com\/index.php\/wp-json\/wp\/v2\/posts"}],"about":[{"href":"http:\/\/hoycordobaweb.com\/index.php\/wp-json\/wp\/v2\/types\/post"}],"author":[{"embeddable":true,"href":"http:\/\/hoycordobaweb.com\/index.php\/wp-json\/wp\/v2\/users\/1"}],"replies":[{"embeddable":true,"href":"http:\/\/hoycordobaweb.com\/index.php\/wp-json\/wp\/v2\/comments?post=53801"}],"version-history":[{"count":0,"href":"http:\/\/hoycordobaweb.com\/index.php\/wp-json\/wp\/v2\/posts\/53801\/revisions"}],"wp:featuredmedia":[{"embeddable":true,"href":"http:\/\/hoycordobaweb.com\/index.php\/wp-json\/wp\/v2\/media\/53802"}],"wp:attachment":[{"href":"http:\/\/hoycordobaweb.com\/index.php\/wp-json\/wp\/v2\/media?parent=53801"}],"wp:term":[{"taxonomy":"category","embeddable":true,"href":"http:\/\/hoycordobaweb.com\/index.php\/wp-json\/wp\/v2\/categories?post=53801"},{"taxonomy":"post_tag","embeddable":true,"href":"http:\/\/hoycordobaweb.com\/index.php\/wp-json\/wp\/v2\/tags?post=53801"}],"curies":[{"name":"wp","href":"https:\/\/api.w.org\/{rel}","templated":true}]}}