{"id":53779,"date":"2023-01-06T23:08:30","date_gmt":"2023-01-06T23:08:30","guid":{"rendered":"https:\/\/www.ole.com.ar\/futbol-internacional\/espana\/elche-perdio-con-celta-y-sigue-sin-victorias-en-la-liga-espana_0_1tUK0C3Kqi.html"},"modified":"2023-01-06T23:08:30","modified_gmt":"2023-01-06T23:08:30","slug":"el-elche-de-los-argentinos-sigue-en-caida-libre","status":"publish","type":"post","link":"http:\/\/hoycordobaweb.com\/index.php\/2023\/01\/06\/el-elche-de-los-argentinos-sigue-en-caida-libre\/","title":{"rendered":"El Elche de los argentinos sigue en ca\u00edda libre"},"content":{"rendered":"<p><img src=\"http:\/\/hoycordobaweb.com\/wp-content\/uploads\/2023\/01\/el-elche-de-los-argentinos-sigue-en-caida-libre.jpg\"><\/p>\n<div class=\"custom-text \" readability=\"33.298969072165\">\n<p>El equipo de <a href=\"https:\/\/www.ole.com.ar\/tema\/christian-bragarnik.html\" title=\"Christian Bragarnik\" alt=\"Christian Bragarnik\" class=\"slug\"><strong>Christian Bragarnik<\/strong><\/a> no levanta cabeza. Luego de la sorpresiva eliminaci\u00f3n en la <a href=\"https:\/\/www.ole.com.ar\/tema\/copa-del-rey.html\" title=\"Copa del Rey\" alt=\"Copa del Rey\" class=\"slug\"><strong>Copa del Rey<\/strong><\/a> a manos del Ceuta, conjunto de la Primera Federaci\u00f3n (tercera divisi\u00f3n del f\u00fatbol espa\u00f1ol), <strong>el <\/strong><a href=\"https:\/\/www.ole.com.ar\/tema\/elche.html\" title=\"Elche\" alt=\"Elche\" class=\"slug\"><strong>Elche<\/strong><\/a><strong> volvi\u00f3 a perder: esta vez, ante el Celta por 1 a 0, en la fecha 16 de La Liga. <\/strong><\/p>\n<\/div>\n<div class=\"sc-996041c8-0 kvfKM\"><img alt=\"Elche, en ca\u00edda libre.\" src=\"http:\/\/hoycordobaweb.com\/wp-content\/uploads\/2023\/01\/el-elche-de-los-argentinos-sigue-en-caida-libre-2.jpg\" width=\"720\" height=\"0\" decoding=\"async\" data-nimg=\"future\" loading=\"lazy\"><span>Elche, en ca\u00edda libre.<\/span><\/div>\n<div class=\"sc-489cef11-0 jHGTKj\" readability=\"6.5\">\n<section readability=\"3\"><picture><img class=\"img\" src=\"http:\/\/hoycordobaweb.com\/wp-content\/uploads\/2023\/01\/el-elche-de-los-argentinos-sigue-en-caida-libre-3.jpg\" alt=\"El PSG sin Messi, Neymar ni Mbapp\u00e9 se pase\u00f3 en la Copa de Francia\" height=\"290\" width=\"290\" loading=\"lazy\"><\/picture>\n<p><span>Mir\u00e1 tambi\u00e9n<\/span><\/p>\n<hr>\n<h3>El PSG sin Messi, Neymar ni Mbapp\u00e9 se pase\u00f3 en la Copa de Francia<\/h3>\n<\/p>\n<\/section>\n<\/div>\n<div class=\"custom-text \" readability=\"34.356164383562\">\n<p><strong>Fue un duelo plagado de argentinos<\/strong>. <a href=\"https:\/\/www.ole.com.ar\/tema\/lucas-boye.html\" title=\"Lucas Boy\u00e9\" alt=\"Lucas Boy\u00e9\" class=\"slug\"><strong>Lucas Boy\u00e9<\/strong><\/a> fue titular y Lautaro Blanco y Ezequiel Ponce entraron en el segundo tiempo en el local -que tambi\u00e9n tuvo en el banco a Axel Werner y Manuel Cocca-. Mientras tanto en la visita, <a href=\"https:\/\/www.ole.com.ar\/tema\/agustin-marchesin.html\" title=\"Agustin Marchesin\" alt=\"Agustin Marchesin\" class=\"slug\"><strong>Agust\u00edn Marches\u00edn<\/strong><\/a> y <a href=\"https:\/\/www.ole.com.ar\/tema\/franco-cervi.html\" title=\"Franco Cervi\" alt=\"Franco Cervi\" class=\"slug\"><strong>Franco Cervi<\/strong><\/a> estuvieron desde el arranque y Augusto Solari no sum\u00f3 minutos. <strong>El gol del triunfo lo hizo Iago Aspas<\/strong>, a los 5&#8242; de la primera parte, y el defensor Pedro Bigas se fue expulsado.<\/p>\n<\/div>\n<div class=\"sc-489cef11-0 jHGTKj\" readability=\"6.5\">\n<section readability=\"3\"><picture><img class=\"img\" src=\"http:\/\/hoycordobaweb.com\/wp-content\/uploads\/2023\/01\/el-elche-de-los-argentinos-sigue-en-caida-libre-4.jpg\" alt=\"Con Lisandro y Garnacho, el United pas\u00f3 de ronda\" height=\"290\" width=\"290\" loading=\"lazy\"><\/picture>\n<p><span>Mir\u00e1 tambi\u00e9n<\/span><\/p>\n<hr>\n<h3>Con Lisandro y Garnacho, el United pas\u00f3 de ronda<\/h3>\n<\/p>\n<\/section>\n<\/div>\n<div class=\"custom-text \" readability=\"37.727272727273\">\n<p>Con esta nueva ca\u00edda, <strong>el conjunto ilicitano sigue profundizando su cr\u00edsis. En 16 fechas disputadas, todav\u00eda no consiguieron ninguna victoria, solamente cuatro empates y 12 derrotas y est\u00e1 hundido en el \u00faltimo puesto de la tabla<\/strong>. Tienen 10 goles a favor en el torneo (dos de Ponce y uno de Boy\u00e9) y 34 en contra. Ya pasaron tres entrenadores distintos por el banco: Francisco Rodr\u00edguez, <a href=\"https:\/\/www.ole.com.ar\/tema\/jorge-almiron.html\" title=\"Jorge Almir\u00f3n\" alt=\"Jorge Almir\u00f3n\" class=\"slug\"><strong>Jorge Almir\u00f3n<\/strong><\/a> y ahora Pablo Mach\u00edn.<\/p>\n<\/div>\n<div class=\"sc-996041c8-0 kvfKM\"><img alt=\"Pablo Mach\u00edn, DT de Elche.\" src=\"http:\/\/hoycordobaweb.com\/wp-content\/uploads\/2023\/01\/el-elche-de-los-argentinos-sigue-en-caida-libre-5.jpg\" width=\"720\" height=\"0\" decoding=\"async\" data-nimg=\"future\" loading=\"lazy\"><span>Pablo Mach\u00edn, DT de Elche.<\/span><\/div>\n<div class=\"custom-text \" readability=\"36\">\n<p>Adem\u00e1s, <strong>es el club que menos puntos sum\u00f3 en lo que van de las cinco ligas m\u00e1s importantes de Europa y uno de los dos que no logr\u00f3 sumar de a tres<\/strong>: el otro es el Cremonese de Italia, que consigui\u00f3 siete igualdades y nueve ca\u00eddas. Tambi\u00e9n se encuentra en puestos de descenso.<\/p>\n<\/div>\n<div class=\"sc-489cef11-0 jHGTKj\" readability=\"6\">\n<section readability=\"2\"><picture><img class=\"img\" src=\"http:\/\/hoycordobaweb.com\/wp-content\/uploads\/2023\/01\/el-elche-de-los-argentinos-sigue-en-caida-libre-6.jpg\" alt=\"Qui\u00e9n es el multimillonario que subi\u00f3 el video bomba de Gallardo\" height=\"290\" width=\"290\" loading=\"lazy\"><\/picture>\n<p><span>Mir\u00e1 tambi\u00e9n<\/span><\/p>\n<hr>\n<h3>Qui\u00e9n es el multimillonario que subi\u00f3 el video bomba de Gallardo<\/h3>\n<\/p>\n<\/section>\n<\/div>\n<div class=\"custom-text \" readability=\"37\">\n<p>Sin otras competencias que disputar m\u00e1s que La Liga, al Elche no le queda m\u00e1s que pelear por mantener la categor\u00eda en la m\u00e1xima divisi\u00f3n. <strong>La pr\u00f3xima fecha se ver\u00e1n las caras con el C\u00e1diz<\/strong>, rival directo en la lucha por el descenso, el lunes 16 de enero.<\/p>\n<\/div>\n<div class=\"sc-489cef11-0 jHGTKj\" readability=\"6.5\">\n<section readability=\"3\"><picture><img class=\"img\" src=\"http:\/\/hoycordobaweb.com\/wp-content\/uploads\/2023\/01\/el-elche-de-los-argentinos-sigue-en-caida-libre-7.jpg\" alt=\"El gran homenaje de Benfica para Otamendi, \u00bfy para Enzo?\" height=\"290\" width=\"290\" loading=\"lazy\"><\/picture>\n<p><span>Mir\u00e1 tambi\u00e9n<\/span><\/p>\n<hr>\n<h3>El gran homenaje de Benfica para Otamendi, \u00bfy para Enzo?<\/h3>\n<\/p>\n<\/section>\n<\/div>\n","protected":false},"excerpt":{"rendered":"<p>El equipo de Christian Bragarnik no levanta cabeza. Luego de la sorpresiva eliminaci\u00f3n en la Copa del Rey a manos del Ceuta, conjunto de la Primera Federaci\u00f3n (tercera divisi\u00f3n del f\u00fatbol espa\u00f1ol), el Elche volvi\u00f3 a perder: esta vez, ante el Celta por 1 a 0, en la fecha 16 de La Liga. Elche, en [&hellip;]<\/p>\n","protected":false},"author":1,"featured_media":53780,"comment_status":"open","ping_status":"closed","sticky":false,"template":"","format":"standard","meta":[],"categories":[16],"tags":[],"_links":{"self":[{"href":"http:\/\/hoycordobaweb.com\/index.php\/wp-json\/wp\/v2\/posts\/53779"}],"collection":[{"href":"http:\/\/hoycordobaweb.com\/index.php\/wp-json\/wp\/v2\/posts"}],"about":[{"href":"http:\/\/hoycordobaweb.com\/index.php\/wp-json\/wp\/v2\/types\/post"}],"author":[{"embeddable":true,"href":"http:\/\/hoycordobaweb.com\/index.php\/wp-json\/wp\/v2\/users\/1"}],"replies":[{"embeddable":true,"href":"http:\/\/hoycordobaweb.com\/index.php\/wp-json\/wp\/v2\/comments?post=53779"}],"version-history":[{"count":0,"href":"http:\/\/hoycordobaweb.com\/index.php\/wp-json\/wp\/v2\/posts\/53779\/revisions"}],"wp:featuredmedia":[{"embeddable":true,"href":"http:\/\/hoycordobaweb.com\/index.php\/wp-json\/wp\/v2\/media\/53780"}],"wp:attachment":[{"href":"http:\/\/hoycordobaweb.com\/index.php\/wp-json\/wp\/v2\/media?parent=53779"}],"wp:term":[{"taxonomy":"category","embeddable":true,"href":"http:\/\/hoycordobaweb.com\/index.php\/wp-json\/wp\/v2\/categories?post=53779"},{"taxonomy":"post_tag","embeddable":true,"href":"http:\/\/hoycordobaweb.com\/index.php\/wp-json\/wp\/v2\/tags?post=53779"}],"curies":[{"name":"wp","href":"https:\/\/api.w.org\/{rel}","templated":true}]}}