{"id":53777,"date":"2023-01-06T23:23:04","date_gmt":"2023-01-06T23:23:04","guid":{"rendered":"https:\/\/www.ole.com.ar\/futbol-internacional\/america\/federico-higuain-nuevo-entrenador-inter-miami_0_51DPW7eNyx.html"},"modified":"2023-01-06T23:23:04","modified_gmt":"2023-01-06T23:23:04","slug":"el-nuevo-cargo-de-federico-higuain-en-el-inter-de-miami","status":"publish","type":"post","link":"http:\/\/hoycordobaweb.com\/index.php\/2023\/01\/06\/el-nuevo-cargo-de-federico-higuain-en-el-inter-de-miami\/","title":{"rendered":"El nuevo cargo de Federico Higua\u00edn en el Inter de Miami"},"content":{"rendered":"<p><img src=\"http:\/\/hoycordobaweb.com\/wp-content\/uploads\/2023\/01\/el-nuevo-cargo-de-federico-higuain-en-el-inter-de-miami.jpg\"><\/p>\n<div class=\"custom-text \" readability=\"37.800578034682\">\n<p>Un nuevo entrenador argentino llega a la <a href=\"https:\/\/www.ole.com.ar\/tema\/major-league-soccer.html\" title=\"Major League Soccer\" alt=\"Major League Soccer\" class=\"slug\">MLS<\/a>. <a href=\"https:\/\/www.ole.com.ar\/tema\/federico-higuain.html\" title=\"Federico Higuain\" alt=\"Federico Higuain\" class=\"slug\">Federico Higua\u00edn<\/a>, hermano mayor de <a href=\"https:\/\/www.ole.com.ar\/tema\/gonzalo-higuain.html\" title=\"Gonzalo Higuain\" alt=\"Gonzalo Higuain\" class=\"slug\">Gonzalo<\/a> y leyenda de la liga estadounidense, <strong>arrancar\u00e1 su carrera como director t\u00e9cnico del Inter de Miami II, la reserva del club<\/strong>. El exfutbolista de 38 a\u00f1os se retir\u00f3 en 2021, y menos de dos a\u00f1os despu\u00e9s, regresar\u00e1 a las canchas, ahora desde un nuevo rol.<\/p>\n<\/div>\n<div class=\"custom-text \" readability=\"37\">\n<p>\u00ab<strong>Presentamos a nuestro nuevo director t\u00e9cnico: Federico Higua\u00edn<\/strong>\u00ab, anunci\u00f3 el equipo de Florida en sus redes sociales. El argentino fue promovido desde las categor\u00edas de formaci\u00f3n y a partir de 2023 dirigir\u00e1 al club que compite en la MLS NEXT, competencia similar al torneo de reservas de Argentina.<\/p>\n<\/div>\n<div class=\"custom-text \" readability=\"38\">\n<p>\u00ab<strong>Estamos muy contentos de ascender a Fede a este nuevo cargo; se lo gan\u00f3 con su incre\u00edble trabajo con el grupo la \u00faltima temporada<\/strong>\u201d, declar\u00f3 el Director de F\u00fatbol y Director Deportivo de la instituci\u00f3n, Chris Henderson. \u201cLa experiencia de Fede nos brinda una visi\u00f3n \u00fanica. Tenemos mucha confianza en su capacidad para liderar Inter Miami CF II y desarrollar a nuestros jugadores j\u00f3venes\u00bb, agreg\u00f3.<\/p>\n<\/div>\n<div class=\"sc-489cef11-0 jHGTKj\" readability=\"6.5\">\n<section readability=\"3\"><picture><img class=\"img\" src=\"http:\/\/hoycordobaweb.com\/wp-content\/uploads\/2023\/01\/el-nuevo-cargo-de-federico-higuain-en-el-inter-de-miami-2.jpg\" alt=\"River, el club argentino con m\u00e1s canteranos en Europa\" height=\"290\" width=\"290\" loading=\"lazy\"><\/picture>\n<p><span>Mir\u00e1 tambi\u00e9n<\/span><\/p>\n<hr>\n<h3>River, el club argentino con m\u00e1s canteranos en Europa<\/h3>\n<\/p>\n<\/section>\n<\/div>\n<div class=\"custom-text \" readability=\"37\">\n<p>Este ascenso se da debido a que los predecesores del argentino, <strong>Darren Powell y Javier Morales<\/strong>, fueron ascendidos a asistentes del primer equipo. Ellos estuvieron al mando de la cantera y de la sub 17 durante 2022, con quienes Federico trabaj\u00f3 de manera conjunta.<\/p>\n<\/div>\n<div class=\"sc-996041c8-0 kvfKM\"><img alt=\"Fede durante su \u00faltima temporada como en el Inter (AFP).\" src=\"http:\/\/hoycordobaweb.com\/wp-content\/uploads\/2023\/01\/el-nuevo-cargo-de-federico-higuain-en-el-inter-de-miami-3.jpg\" width=\"720\" height=\"0\" decoding=\"async\" data-nimg=\"future\" loading=\"lazy\"><span>Fede durante su \u00faltima temporada como en el Inter (AFP).<\/span><\/div>\n<div class=\"custom-text \" readability=\"38\">\n<p>\u00ab<strong>Estoy emocionado de asumir este nuevo rol y mi objetivo es continuar desarrollando a los j\u00f3venes profesionales y jugadores de la academia <\/strong>junto con un gran cuerpo t\u00e9cnico\u00bb, afirm\u00f3 el nuevo DT tras la confirmaci\u00f3n de su cargo. \u00ab<strong>Estoy muy agradecido con el club y con todos los jugadores por su confianza<\/strong>. Espero con ansias una emocionante segunda temporada de MLS NEXT Pro, en la que competiremos juntos como equipo\u00bb, continu\u00f3.<\/p>\n<\/div>\n<div class=\"sc-489cef11-0 jHGTKj\" readability=\"6\">\n<section readability=\"2\"><picture><img class=\"img\" src=\"http:\/\/hoycordobaweb.com\/wp-content\/uploads\/2023\/01\/el-nuevo-cargo-de-federico-higuain-en-el-inter-de-miami-4.jpg\" alt=\"El hijo de Beckham que firm\u00f3 con un club de la Premier\" height=\"290\" width=\"290\" loading=\"lazy\"><\/picture>\n<p><span>Mir\u00e1 tambi\u00e9n<\/span><\/p>\n<hr>\n<h3>El hijo de Beckham que firm\u00f3 con un club de la Premier<\/h3>\n<\/p>\n<\/section>\n<\/div>\n<p><h2><strong>\u00bfQui\u00e9n es Federico Higua\u00edn?<\/strong><\/h2>\n<\/p>\n<div class=\"custom-text \" readability=\"38\">\n<p><strong>Federico Higua\u00edn fue un destacado futbolista en la MLS<\/strong>, sobretodo durante su instancia en el <strong>Columbus Crew<\/strong>, donde jug\u00f3 entre 2012 y 2019. Durante su estancia en Ohio, disput\u00f3 210 encuentros, anotando 59 goles y dando 51 asistencias.<\/p>\n<\/div>\n<div class=\"sc-489cef11-0 jHGTKj\" readability=\"6\">\n<section readability=\"2\"><picture><img class=\"img\" src=\"http:\/\/hoycordobaweb.com\/wp-content\/uploads\/2023\/01\/el-nuevo-cargo-de-federico-higuain-en-el-inter-de-miami-5.jpg\" alt=\"Ger\u00f3nimo Rulli presentado en el Ajax como campe\u00f3n del mundo\" height=\"290\" width=\"290\" loading=\"lazy\"><\/picture>\n<p><span>Mir\u00e1 tambi\u00e9n<\/span><\/p>\n<hr>\n<h3>Ger\u00f3nimo Rulli presentado en el Ajax como campe\u00f3n del mundo<\/h3>\n<\/p>\n<\/section>\n<\/div>\n<div class=\"custom-text \" readability=\"38\">\n<p>Tras su gran paso por la franquicia, el porte\u00f1o se mud\u00f3 a la capital para desempe\u00f1arse como t\u00e9cnico-jugador del <strong>DC United<\/strong>. Sin embargo, no le fue muy bien, por lo que en 2020 lleg\u00f3 al <strong>Inter de Miami<\/strong>, donde jug\u00f3 sus \u00faltimas dos temporadas con su hermano Gonzalo antes de colgar los botines.<\/p>\n<\/div>\n<div class=\"sc-996041c8-0 kvfKM\"><img alt=\"Los hermanos se reunieron en el Inter de Miami.\" src=\"http:\/\/hoycordobaweb.com\/wp-content\/uploads\/2023\/01\/el-nuevo-cargo-de-federico-higuain-en-el-inter-de-miami-6.jpg\" width=\"720\" height=\"0\" decoding=\"async\" data-nimg=\"future\" loading=\"lazy\"><span>Los hermanos se reunieron en el Inter de Miami.<\/span><\/div>\n<div class=\"custom-text \" readability=\"37\">\n<p>Tras su retiro, el exmediocampista sigui\u00f3 ligado al club de Florida, desempe\u00f1\u00e1ndose en las categor\u00edas de formaci\u00f3n y trabajando ligado a la Academia del club. Tras un gran primer a\u00f1o, los dirigentes confiaron en \u00e9l para darle un cargo m\u00e1s importante. <strong>\u00bfC\u00f3mo le ir\u00e1 en este nuevo rol?<\/strong><\/p>\n<\/div>\n","protected":false},"excerpt":{"rendered":"<p>Un nuevo entrenador argentino llega a la MLS. Federico Higua\u00edn, hermano mayor de Gonzalo y leyenda de la liga estadounidense, arrancar\u00e1 su carrera como director t\u00e9cnico del Inter de Miami II, la reserva del club. El exfutbolista de 38 a\u00f1os se retir\u00f3 en 2021, y menos de dos a\u00f1os despu\u00e9s, regresar\u00e1 a las canchas, ahora [&hellip;]<\/p>\n","protected":false},"author":1,"featured_media":53778,"comment_status":"open","ping_status":"closed","sticky":false,"template":"","format":"standard","meta":[],"categories":[16],"tags":[],"_links":{"self":[{"href":"http:\/\/hoycordobaweb.com\/index.php\/wp-json\/wp\/v2\/posts\/53777"}],"collection":[{"href":"http:\/\/hoycordobaweb.com\/index.php\/wp-json\/wp\/v2\/posts"}],"about":[{"href":"http:\/\/hoycordobaweb.com\/index.php\/wp-json\/wp\/v2\/types\/post"}],"author":[{"embeddable":true,"href":"http:\/\/hoycordobaweb.com\/index.php\/wp-json\/wp\/v2\/users\/1"}],"replies":[{"embeddable":true,"href":"http:\/\/hoycordobaweb.com\/index.php\/wp-json\/wp\/v2\/comments?post=53777"}],"version-history":[{"count":0,"href":"http:\/\/hoycordobaweb.com\/index.php\/wp-json\/wp\/v2\/posts\/53777\/revisions"}],"wp:featuredmedia":[{"embeddable":true,"href":"http:\/\/hoycordobaweb.com\/index.php\/wp-json\/wp\/v2\/media\/53778"}],"wp:attachment":[{"href":"http:\/\/hoycordobaweb.com\/index.php\/wp-json\/wp\/v2\/media?parent=53777"}],"wp:term":[{"taxonomy":"category","embeddable":true,"href":"http:\/\/hoycordobaweb.com\/index.php\/wp-json\/wp\/v2\/categories?post=53777"},{"taxonomy":"post_tag","embeddable":true,"href":"http:\/\/hoycordobaweb.com\/index.php\/wp-json\/wp\/v2\/tags?post=53777"}],"curies":[{"name":"wp","href":"https:\/\/api.w.org\/{rel}","templated":true}]}}