{"id":53773,"date":"2023-01-07T01:23:57","date_gmt":"2023-01-07T01:23:57","guid":{"rendered":"https:\/\/www.ole.com.ar\/futbol-internacional\/luciano-cabral-ex-argentinos-jugara-en-coquimbo-unido_0_gpMZDOl2Y5.html"},"modified":"2023-01-07T01:23:57","modified_gmt":"2023-01-07T01:23:57","slug":"luciano-cabral-rompio-el-silencio-se-siente-miedo-dia-a-dia-estando-preso","status":"publish","type":"post","link":"http:\/\/hoycordobaweb.com\/index.php\/2023\/01\/07\/luciano-cabral-rompio-el-silencio-se-siente-miedo-dia-a-dia-estando-preso\/","title":{"rendered":"Luciano Cabral rompi\u00f3 el silencio: \u00abSe siente miedo d\u00eda a d\u00eda estando preso\u00bb"},"content":{"rendered":"<p><img src=\"http:\/\/hoycordobaweb.com\/wp-content\/uploads\/2023\/01\/luciano-cabral-rompio-el-silencio-se-siente-miedo-dia-a-dia-estando-preso.jpg\"><\/p>\n<div class=\"custom-text \" readability=\"43\">\n<p>Corr\u00eda el 4 de enero de 2017. El futbolista <strong>Luciano Cabral<\/strong>, en ese entonces en el Athletico Paranaense de Brasil, s<strong>e entregaba a la Justicia para declarar sobre el asesinato de Joan Villegas, ocurrido tres d\u00edas antes, quien muri\u00f3 por una fractura de cr\u00e1neo en medio de una pelea callejera<\/strong>. Su padre, Jos\u00e9 Cabral, confes\u00f3 ser el autor del crimen y fue condenado a 16 a\u00f1os de c\u00e1rcel y, pese a negar haber participado del hecho, <strong>el volante fue considerado \u201ccoautor del homicidio simple\u201d y recibi\u00f3 una pena de 9 a\u00f1os y medio<\/strong>.<\/p>\n<\/div>\n<div class=\"sc-489cef11-0 jHGTKj\" readability=\"6.5\">\n<section readability=\"3\"><picture><img class=\"img\" src=\"http:\/\/hoycordobaweb.com\/wp-content\/uploads\/2023\/01\/luciano-cabral-rompio-el-silencio-se-siente-miedo-dia-a-dia-estando-preso-2.jpg\" alt=\"El PSG sin Messi, Neymar ni Mbapp\u00e9 se pase\u00f3 en la Copa de Francia\" height=\"290\" width=\"290\" loading=\"lazy\"><\/picture>\n<p><span>Mir\u00e1 tambi\u00e9n<\/span><\/p>\n<hr>\n<h3>El PSG sin Messi, Neymar ni Mbapp\u00e9 se pase\u00f3 en la Copa de Francia<\/h3>\n<\/p>\n<\/section>\n<\/div>\n<div class=\"custom-text \" readability=\"34.722371967655\">\n<p>Cabral <strong>fue liberado por buena conducta al cumplir la mitad de su tiempo en la c\u00e1rcel y<\/strong> <strong>recibi\u00f3 la ayuda de<\/strong> <a href=\"https:\/\/www.ole.com.ar\/tema\/argentinos-juniors.html\" title=\"Argentinos Juniors\" alt=\"Argentinos Juniors\" class=\"slug\"><strong>Argentinos Juniors<\/strong><\/a>, que le permiti\u00f3 la chance de entrenarse en el predio del club, <strong>hasta que le lleg\u00f3 la oferta para volver al f\u00fatbol<\/strong>. Fue en <a href=\"https:\/\/www.ole.com.ar\/tema\/coquimbo-unido.html\" title=\"Coquimbo Unido\" alt=\"Coquimbo Unido\" class=\"slug\"><strong>Coquimbo Unido<\/strong><\/a> de Chile, donde <strong>ya tuvo su debut este jueves en la victoria 2 a 0 contra la U de Chile en un amistoso.<\/strong><\/p>\n<\/div>\n<div class=\"sc-996041c8-0 kvfKM\"><img alt=\"Coquimbo present\u00f3 a Cabral como refuerzo.\" src=\"http:\/\/hoycordobaweb.com\/wp-content\/uploads\/2023\/01\/luciano-cabral-rompio-el-silencio-se-siente-miedo-dia-a-dia-estando-preso-3.jpg\" width=\"720\" height=\"0\" decoding=\"async\" data-nimg=\"future\" loading=\"lazy\"><span>Coquimbo present\u00f3 a Cabral como refuerzo.<\/span><\/div>\n<div class=\"custom-text \" readability=\"37\">\n<p>El mediocampista rompi\u00f3 el silencio en una entrevista con DSports Radio, y coment\u00f3 lo que sinti\u00f3 volviendo a jugar luego de cinco a\u00f1os. \u00ab<strong>Cuando volv\u00ed a pisar una cancha sent\u00ed una alegr\u00eda y emoci\u00f3n inmensa. Estoy muy contento de retomar mi carrera. Estoy recuper\u00e1ndome d\u00eda a d\u00eda para tener el nivel de antes<\/strong>\u00ab, coment\u00f3.<\/p>\n<\/div>\n<div class=\"sc-489cef11-0 jHGTKj\" readability=\"6\">\n<section readability=\"2\"><picture><img class=\"img\" src=\"http:\/\/hoycordobaweb.com\/wp-content\/uploads\/2023\/01\/luciano-cabral-rompio-el-silencio-se-siente-miedo-dia-a-dia-estando-preso-4.jpg\" alt=\"Ojo Boca: \u00bfRossi puede despedirse contra el Rojo? \" height=\"290\" width=\"290\" loading=\"lazy\"><\/picture>\n<p><span>Mir\u00e1 tambi\u00e9n<\/span><\/p>\n<hr>\n<h3>Ojo Boca: \u00bfRossi puede despedirse contra el Rojo?<br \/>\n<\/h3>\n<\/p>\n<\/section>\n<\/div>\n<div class=\"custom-text \" readability=\"36\">\n<p>Adem\u00e1s, agradeci\u00f3 a los dirigentes del club chileno, donde firm\u00f3 contrato por dos temporadas: \u00ab<strong>Busqu\u00e9 mucho todo el tiempo que estuve adentro volver a jugar y competir. Buscaba esta segunda oportunidad que por suerte me dio Coquimbo<\/strong>\u00ab.<\/p>\n<\/div>\n<div class=\"sc-996041c8-0 kvfKM\"><img alt=\"Cabral debut\u00f3 tras cinco a\u00f1os sin jugar.\" src=\"http:\/\/hoycordobaweb.com\/wp-content\/uploads\/2023\/01\/luciano-cabral-rompio-el-silencio-se-siente-miedo-dia-a-dia-estando-preso-5.jpg\" width=\"720\" height=\"0\" decoding=\"async\" data-nimg=\"future\" loading=\"lazy\"><span>Cabral debut\u00f3 tras cinco a\u00f1os sin jugar.<\/span><\/div>\n<div class=\"custom-text \" readability=\"37\">\n<p>Tambi\u00e9n cont\u00f3 c\u00f3mo fueron sus d\u00edas como detenido en la prisi\u00f3n de la Unidad Penitenciaria de San Rafael, Mendoza. \u00ab<strong>Se siente miedo d\u00eda a d\u00eda estando preso. En algunos momentos me favoreci\u00f3 ser futbolista y en otros fue perjudicial con los internos. Al final entendieron que lo \u00fanico que quer\u00eda era salir lo m\u00e1s pronto posible<\/strong>\u00ab, explic\u00f3 Cabral.<\/p>\n<\/div>\n<div class=\"sc-996041c8-0 kvfKM\"><img alt=\"Luciano Cabral con la camiseta de Argentinos.\" src=\"http:\/\/hoycordobaweb.com\/wp-content\/uploads\/2023\/01\/luciano-cabral-rompio-el-silencio-se-siente-miedo-dia-a-dia-estando-preso-6.jpg\" width=\"720\" height=\"0\" decoding=\"async\" data-nimg=\"future\" loading=\"lazy\"><span>Luciano Cabral con la camiseta de Argentinos.<\/span><\/div>\n<div class=\"custom-text \" readability=\"38\">\n<p>Por \u00faltimo, agradeci\u00f3 al Bicho y cont\u00f3 su nueva visi\u00f3n de la vida: \u00ab<strong>Estoy agradecido a la gente de Argentinos que me ayud\u00f3 mucho<\/strong>. La vida me ha dado muchas experiencias. <strong>Hoy, disfruto del d\u00eda a d\u00eda. Disfruto de poder tener un trabajo<\/strong>. Antes no me gustaba correr o ir al gimnasio, hoy lo disfruto al m\u00e1ximo. Disfruto cada detalle\u00bb.<\/p>\n<\/div>\n<div class=\"sc-489cef11-0 jHGTKj\" readability=\"6.5\">\n<section readability=\"3\"><picture><img class=\"img\" src=\"http:\/\/hoycordobaweb.com\/wp-content\/uploads\/2023\/01\/luciano-cabral-rompio-el-silencio-se-siente-miedo-dia-a-dia-estando-preso-7.jpg\" alt=\"Con Lisandro y Garnacho, el United pas\u00f3 de ronda\" height=\"290\" width=\"290\" loading=\"lazy\"><\/picture>\n<p><span>Mir\u00e1 tambi\u00e9n<\/span><\/p>\n<hr>\n<h3>Con Lisandro y Garnacho, el United pas\u00f3 de ronda<\/h3>\n<\/p>\n<\/section>\n<\/div>\n<div class=\"sc-489cef11-0 jHGTKj\" readability=\"6\">\n<section readability=\"2\"><picture><img class=\"img\" src=\"http:\/\/hoycordobaweb.com\/wp-content\/uploads\/2023\/01\/luciano-cabral-rompio-el-silencio-se-siente-miedo-dia-a-dia-estando-preso-8.jpg\" alt=\"Debuta un nuevo argentino en UFC y ser\u00e1 el m\u00e1s joven de la historia\" height=\"290\" width=\"290\" loading=\"lazy\"><\/picture>\n<p><span>Mir\u00e1 tambi\u00e9n<\/span><\/p>\n<hr>\n<h3>Debuta un nuevo argentino en UFC y ser\u00e1 el m\u00e1s joven de la historia<\/h3>\n<\/p>\n<\/section>\n<\/div>\n","protected":false},"excerpt":{"rendered":"<p>Corr\u00eda el 4 de enero de 2017. El futbolista Luciano Cabral, en ese entonces en el Athletico Paranaense de Brasil, se entregaba a la Justicia para declarar sobre el asesinato de Joan Villegas, ocurrido tres d\u00edas antes, quien muri\u00f3 por una fractura de cr\u00e1neo en medio de una pelea callejera. Su padre, Jos\u00e9 Cabral, confes\u00f3 [&hellip;]<\/p>\n","protected":false},"author":1,"featured_media":53774,"comment_status":"open","ping_status":"closed","sticky":false,"template":"","format":"standard","meta":[],"categories":[16],"tags":[],"_links":{"self":[{"href":"http:\/\/hoycordobaweb.com\/index.php\/wp-json\/wp\/v2\/posts\/53773"}],"collection":[{"href":"http:\/\/hoycordobaweb.com\/index.php\/wp-json\/wp\/v2\/posts"}],"about":[{"href":"http:\/\/hoycordobaweb.com\/index.php\/wp-json\/wp\/v2\/types\/post"}],"author":[{"embeddable":true,"href":"http:\/\/hoycordobaweb.com\/index.php\/wp-json\/wp\/v2\/users\/1"}],"replies":[{"embeddable":true,"href":"http:\/\/hoycordobaweb.com\/index.php\/wp-json\/wp\/v2\/comments?post=53773"}],"version-history":[{"count":0,"href":"http:\/\/hoycordobaweb.com\/index.php\/wp-json\/wp\/v2\/posts\/53773\/revisions"}],"wp:featuredmedia":[{"embeddable":true,"href":"http:\/\/hoycordobaweb.com\/index.php\/wp-json\/wp\/v2\/media\/53774"}],"wp:attachment":[{"href":"http:\/\/hoycordobaweb.com\/index.php\/wp-json\/wp\/v2\/media?parent=53773"}],"wp:term":[{"taxonomy":"category","embeddable":true,"href":"http:\/\/hoycordobaweb.com\/index.php\/wp-json\/wp\/v2\/categories?post=53773"},{"taxonomy":"post_tag","embeddable":true,"href":"http:\/\/hoycordobaweb.com\/index.php\/wp-json\/wp\/v2\/tags?post=53773"}],"curies":[{"name":"wp","href":"https:\/\/api.w.org\/{rel}","templated":true}]}}