{"id":53757,"date":"2023-01-07T03:53:33","date_gmt":"2023-01-07T03:53:33","guid":{"rendered":"http:\/\/hoycordobaweb.com\/index.php\/2023\/01\/07\/rafael-santos-borre-river-plate-estaria-buscando-su-regreso-a-argentina-eltiempo-com\/"},"modified":"2023-01-07T03:53:33","modified_gmt":"2023-01-07T03:53:33","slug":"rafael-santos-borre-river-plate-estaria-buscando-su-regreso-a-argentina-eltiempo-com","status":"publish","type":"post","link":"http:\/\/hoycordobaweb.com\/index.php\/2023\/01\/07\/rafael-santos-borre-river-plate-estaria-buscando-su-regreso-a-argentina-eltiempo-com\/","title":{"rendered":"Rafael Santos Borr\u00e9: River Plate estar\u00eda buscando su regreso a <b>Argentina<\/b> &#8211; ELTIEMPO.COM"},"content":{"rendered":"<p>El delantero colombiano no est\u00e1 c\u00f3modo en el Eintracht Frankfurt. | <b>F\u00fatbol<\/b> Internacional | ElTiempo.com. <\/p>\n","protected":false},"excerpt":{"rendered":"<p>El delantero colombiano no est\u00e1 c\u00f3modo en el Eintracht Frankfurt. | F\u00fatbol Internacional | ElTiempo.com.<\/p>\n","protected":false},"author":1,"featured_media":0,"comment_status":"closed","ping_status":"closed","sticky":false,"template":"","format":"standard","meta":[],"categories":[22],"tags":[],"_links":{"self":[{"href":"http:\/\/hoycordobaweb.com\/index.php\/wp-json\/wp\/v2\/posts\/53757"}],"collection":[{"href":"http:\/\/hoycordobaweb.com\/index.php\/wp-json\/wp\/v2\/posts"}],"about":[{"href":"http:\/\/hoycordobaweb.com\/index.php\/wp-json\/wp\/v2\/types\/post"}],"author":[{"embeddable":true,"href":"http:\/\/hoycordobaweb.com\/index.php\/wp-json\/wp\/v2\/users\/1"}],"replies":[{"embeddable":true,"href":"http:\/\/hoycordobaweb.com\/index.php\/wp-json\/wp\/v2\/comments?post=53757"}],"version-history":[{"count":0,"href":"http:\/\/hoycordobaweb.com\/index.php\/wp-json\/wp\/v2\/posts\/53757\/revisions"}],"wp:attachment":[{"href":"http:\/\/hoycordobaweb.com\/index.php\/wp-json\/wp\/v2\/media?parent=53757"}],"wp:term":[{"taxonomy":"category","embeddable":true,"href":"http:\/\/hoycordobaweb.com\/index.php\/wp-json\/wp\/v2\/categories?post=53757"},{"taxonomy":"post_tag","embeddable":true,"href":"http:\/\/hoycordobaweb.com\/index.php\/wp-json\/wp\/v2\/tags?post=53757"}],"curies":[{"name":"wp","href":"https:\/\/api.w.org\/{rel}","templated":true}]}}