{"id":53756,"date":"2023-01-07T05:36:45","date_gmt":"2023-01-07T05:36:45","guid":{"rendered":"http:\/\/hoycordobaweb.com\/index.php\/2023\/01\/07\/jorge-recalde-jugara-en-newells-futbol-argentino-abc-color\/"},"modified":"2023-01-07T05:36:45","modified_gmt":"2023-01-07T05:36:45","slug":"jorge-recalde-jugara-en-newells-futbol-argentino-abc-color","status":"publish","type":"post","link":"http:\/\/hoycordobaweb.com\/index.php\/2023\/01\/07\/jorge-recalde-jugara-en-newells-futbol-argentino-abc-color\/","title":{"rendered":"Jorge Recalde jugar\u00e1 en Newell&#039;s &#8211; <b>F\u00fatbol Argentino<\/b> &#8211; ABC Color"},"content":{"rendered":"<p>A sus 30 a\u00f1os, Jorge Eduardo Recalde tendr\u00e1 la posibilidad de jugar fuera del pa\u00eds. El \u201cPollo\u201d, recientemente desvinculado de Olimpia,&nbsp;&#8230; <\/p>\n","protected":false},"excerpt":{"rendered":"<p>A sus 30 a\u00f1os, Jorge Eduardo Recalde tendr\u00e1 la posibilidad de jugar fuera del pa\u00eds. El \u201cPollo\u201d, recientemente desvinculado de Olimpia,&nbsp;&#8230;<\/p>\n","protected":false},"author":1,"featured_media":0,"comment_status":"closed","ping_status":"closed","sticky":false,"template":"","format":"standard","meta":[],"categories":[22],"tags":[],"_links":{"self":[{"href":"http:\/\/hoycordobaweb.com\/index.php\/wp-json\/wp\/v2\/posts\/53756"}],"collection":[{"href":"http:\/\/hoycordobaweb.com\/index.php\/wp-json\/wp\/v2\/posts"}],"about":[{"href":"http:\/\/hoycordobaweb.com\/index.php\/wp-json\/wp\/v2\/types\/post"}],"author":[{"embeddable":true,"href":"http:\/\/hoycordobaweb.com\/index.php\/wp-json\/wp\/v2\/users\/1"}],"replies":[{"embeddable":true,"href":"http:\/\/hoycordobaweb.com\/index.php\/wp-json\/wp\/v2\/comments?post=53756"}],"version-history":[{"count":0,"href":"http:\/\/hoycordobaweb.com\/index.php\/wp-json\/wp\/v2\/posts\/53756\/revisions"}],"wp:attachment":[{"href":"http:\/\/hoycordobaweb.com\/index.php\/wp-json\/wp\/v2\/media?parent=53756"}],"wp:term":[{"taxonomy":"category","embeddable":true,"href":"http:\/\/hoycordobaweb.com\/index.php\/wp-json\/wp\/v2\/categories?post=53756"},{"taxonomy":"post_tag","embeddable":true,"href":"http:\/\/hoycordobaweb.com\/index.php\/wp-json\/wp\/v2\/tags?post=53756"}],"curies":[{"name":"wp","href":"https:\/\/api.w.org\/{rel}","templated":true}]}}