{"id":53754,"date":"2023-01-06T09:24:00","date_gmt":"2023-01-06T09:24:00","guid":{"rendered":"https:\/\/fm-comunicar.com.ar\/contenido\/19917\/como-funcionaran-el-estacionamiento-tarifado-durante-los-dias-del-festival"},"modified":"2023-01-06T09:24:00","modified_gmt":"2023-01-06T09:24:00","slug":"como-funcionaran-el-estacionamiento-tarifado-durante-los-dias-del-festival","status":"publish","type":"post","link":"http:\/\/hoycordobaweb.com\/index.php\/2023\/01\/06\/como-funcionaran-el-estacionamiento-tarifado-durante-los-dias-del-festival\/","title":{"rendered":"C\u00f3mo funcionar\u00e1n el estacionamiento tarifado durante los d\u00edas del Festival"},"content":{"rendered":"<p>Las playas p\u00fablicas comenzar\u00e1n a cobrar desde las 18:00 y fueron asignadas a instituciones de la regi\u00f3n de manera gratuita. Todo lo recaudado ser\u00e1 para su beneficio. En el centro funcionar\u00e1 el sistema actual hasta la tarde y luego se cobra como playa festivalera.<img src=\"http:\/\/hoycordobaweb.com\/wp-content\/uploads\/2023\/01\/como-funcionaran-el-estacionamiento-tarifado-durante-los-dias-del-festival.jpg\"><\/p>\n","protected":false},"excerpt":{"rendered":"<p>Las playas p\u00fablicas comenzar\u00e1n a cobrar desde las 18:00 y fueron asignadas a instituciones de la regi\u00f3n de manera gratuita. Todo lo recaudado ser\u00e1 para su beneficio. En el centro funcionar\u00e1 el sistema actual hasta la tarde y luego se cobra como playa festivalera.<\/p>\n","protected":false},"author":1,"featured_media":53755,"comment_status":"closed","ping_status":"closed","sticky":false,"template":"","format":"standard","meta":[],"categories":[18],"tags":[],"_links":{"self":[{"href":"http:\/\/hoycordobaweb.com\/index.php\/wp-json\/wp\/v2\/posts\/53754"}],"collection":[{"href":"http:\/\/hoycordobaweb.com\/index.php\/wp-json\/wp\/v2\/posts"}],"about":[{"href":"http:\/\/hoycordobaweb.com\/index.php\/wp-json\/wp\/v2\/types\/post"}],"author":[{"embeddable":true,"href":"http:\/\/hoycordobaweb.com\/index.php\/wp-json\/wp\/v2\/users\/1"}],"replies":[{"embeddable":true,"href":"http:\/\/hoycordobaweb.com\/index.php\/wp-json\/wp\/v2\/comments?post=53754"}],"version-history":[{"count":0,"href":"http:\/\/hoycordobaweb.com\/index.php\/wp-json\/wp\/v2\/posts\/53754\/revisions"}],"wp:featuredmedia":[{"embeddable":true,"href":"http:\/\/hoycordobaweb.com\/index.php\/wp-json\/wp\/v2\/media\/53755"}],"wp:attachment":[{"href":"http:\/\/hoycordobaweb.com\/index.php\/wp-json\/wp\/v2\/media?parent=53754"}],"wp:term":[{"taxonomy":"category","embeddable":true,"href":"http:\/\/hoycordobaweb.com\/index.php\/wp-json\/wp\/v2\/categories?post=53754"},{"taxonomy":"post_tag","embeddable":true,"href":"http:\/\/hoycordobaweb.com\/index.php\/wp-json\/wp\/v2\/tags?post=53754"}],"curies":[{"name":"wp","href":"https:\/\/api.w.org\/{rel}","templated":true}]}}