{"id":53746,"date":"2023-01-06T20:39:00","date_gmt":"2023-01-06T20:39:00","guid":{"rendered":"http:\/\/hoycordobaweb.com\/index.php\/2023\/01\/06\/mascherano-oficializo-la-lista-del-sub-20-de-argentina-para-el-sudamericano\/"},"modified":"2023-01-06T20:39:00","modified_gmt":"2023-01-06T20:39:00","slug":"mascherano-oficializo-la-lista-del-sub-20-de-argentina-para-el-sudamericano","status":"publish","type":"post","link":"http:\/\/hoycordobaweb.com\/index.php\/2023\/01\/06\/mascherano-oficializo-la-lista-del-sub-20-de-argentina-para-el-sudamericano\/","title":{"rendered":"Mascherano oficializ\u00f3 la lista del Sub-20 de Argentina para el Sudamericano"},"content":{"rendered":"<p><img src=\"http:\/\/hoycordobaweb.com\/wp-content\/uploads\/2023\/01\/mascherano-oficializo-la-lista-del-sub-20-de-argentina-para-el-sudamericano.jpg\"><\/p>\n<figure class=\"mb-3\"><img loading=\"lazy\" src=\"http:\/\/hoycordobaweb.com\/wp-content\/uploads\/2023\/01\/mascherano-oficializo-la-lista-del-sub-20-de-argentina-para-el-sudamericano-2.jpg\" width=\"100%\" height=\"100%\" alt=\"Foto TW Argentina\"><figcaption> Foto: TW @Argentina <\/figcaption><\/figure>\n<p>El entrenador <strong>Javier Mascherano<\/strong> <strong>convoc\u00f3 este viernes a los futbolistas argentinos para el Sudamericano Sub-20 de Colombia<\/strong>, que se llevar\u00e1 adelante en Bogot\u00e1 y Cali, entre el 19 de enero y el 12 de febrero.<\/p>\n<p>Los nombres m\u00e1s sobresalientes son los de <strong>Nicol\u00e1s Paz<\/strong>, de Real Madrid de Espa\u00f1a, <strong>Facundo Buonanotte<\/strong>, de \u00faltima temporada en Rosario Central y ahora en Brighton de Inglaterra, ambos en la zona media; y de <strong>M\u00e1ximo Perrone<\/strong>, de V\u00e9lez y cerca de pasar al Manchester City de Inglaterra, tambi\u00e9n en esa l\u00ednea del campo.<\/p>\n<p>El grupo A est\u00e1 conformado por Argentina, Brasil, Colombia, Paraguay y Per\u00fa; mientras que el grupo B lo componen Bolivia, Chile, Ecuador, Uruguay y Venezuela.<\/p>\n<blockquote class=\"twitter-tweet\" readability=\"6.8125\">\n<p lang=\"es\" dir=\"ltr\"><a href=\"https:\/\/twitter.com\/hashtag\/Sub20?src=hash&amp;ref_src=twsrc%5Etfw\">#Sub20<\/a> Contin\u00faa la acci\u00f3n en el Predio de Ezeiza \ud83c\udfe1\ud83c\udde6\ud83c\uddf7<\/p>\n<p>\u2714 Tercera jornada de entrenamientos de la semana \ud83d\udc47<a href=\"https:\/\/t.co\/yqQt6BQ1AO\">https:\/\/t.co\/yqQt6BQ1AO<\/a><\/p>\n<p>\ud83d\udcaa \u00a1Seguimos preparando el Sudamericano! \ud83c\udf0e <a href=\"https:\/\/t.co\/Txl431abPh\">pic.twitter.com\/Txl431abPh<\/a><\/p>\n<p>\u2014 \ud83c\udde6\ud83c\uddf7 Selecci\u00f3n Argentina \u2b50\u2b50\u2b50 (@Argentina) <a href=\"https:\/\/twitter.com\/Argentina\/status\/1611001975117697026?ref_src=twsrc%5Etfw\">January 5, 2023<\/a><\/p><\/blockquote>\n<p><\/p>\n<h2 class>La lista completa<\/h2>\n<p>&nbsp;<strong>Arqueros:<\/strong> Federico Gomes Gerth (Tigre), Francisco G\u00f3mez (Racing) y Franco Herrera (Newell&#8217;s Old Boys).<\/p>\n<p><strong>Defensores<\/strong>: Valent\u00edn G\u00f3mez (V\u00e9lez), Brian Aguilar (Lan\u00fas), Francisco Marco (Defensa y Justicia), Juli\u00e1n Aude (Lan\u00fas), Lautaro Di Lollo (Boca), Nehuel G\u00e9nez (Boca), Ulises Ciccioli (Rosario Central) y Agust\u00edn Giay (San Lorenzo).<\/p>\n<p><strong>Mediocampistas<\/strong>: Maximiliano Gonz\u00e1lez (Lan\u00fas), M\u00e1ximo Perrone (V\u00e9lez), Axel Encinas (River), Gino Infantino (Rosario Central), Nicol\u00e1s Paz (Real Madrid de Espa\u00f1a) y Facundo Buonanotte (Brighton And Hove de Inglaterra).<\/p>\n<p><strong>Delanteros<\/strong>: Ignacio Maestro Puch (Atl\u00e9tico Tucum\u00e1n), Alejo V\u00e9liz (Rosario Central), Brian Aguirre (Newell&#8217;s Old Boys), Santiago Castro (V\u00e9lez), Nicol\u00e1s Vallejos (Independiente) y Juli\u00e1n Fern\u00e1ndez (V\u00e9lez).<\/p>\n","protected":false},"excerpt":{"rendered":"<p>Foto: TW @Argentina El entrenador Javier Mascherano convoc\u00f3 este viernes a los futbolistas argentinos para el Sudamericano Sub-20 de Colombia, que se llevar\u00e1 adelante en Bogot\u00e1 y Cali, entre el 19 de enero y el 12 de febrero. Los nombres m\u00e1s sobresalientes son los de Nicol\u00e1s Paz, de Real Madrid de Espa\u00f1a, Facundo Buonanotte, de [&hellip;]<\/p>\n","protected":false},"author":1,"featured_media":53747,"comment_status":"open","ping_status":"closed","sticky":false,"template":"","format":"standard","meta":[],"categories":[16],"tags":[],"_links":{"self":[{"href":"http:\/\/hoycordobaweb.com\/index.php\/wp-json\/wp\/v2\/posts\/53746"}],"collection":[{"href":"http:\/\/hoycordobaweb.com\/index.php\/wp-json\/wp\/v2\/posts"}],"about":[{"href":"http:\/\/hoycordobaweb.com\/index.php\/wp-json\/wp\/v2\/types\/post"}],"author":[{"embeddable":true,"href":"http:\/\/hoycordobaweb.com\/index.php\/wp-json\/wp\/v2\/users\/1"}],"replies":[{"embeddable":true,"href":"http:\/\/hoycordobaweb.com\/index.php\/wp-json\/wp\/v2\/comments?post=53746"}],"version-history":[{"count":0,"href":"http:\/\/hoycordobaweb.com\/index.php\/wp-json\/wp\/v2\/posts\/53746\/revisions"}],"wp:featuredmedia":[{"embeddable":true,"href":"http:\/\/hoycordobaweb.com\/index.php\/wp-json\/wp\/v2\/media\/53747"}],"wp:attachment":[{"href":"http:\/\/hoycordobaweb.com\/index.php\/wp-json\/wp\/v2\/media?parent=53746"}],"wp:term":[{"taxonomy":"category","embeddable":true,"href":"http:\/\/hoycordobaweb.com\/index.php\/wp-json\/wp\/v2\/categories?post=53746"},{"taxonomy":"post_tag","embeddable":true,"href":"http:\/\/hoycordobaweb.com\/index.php\/wp-json\/wp\/v2\/tags?post=53746"}],"curies":[{"name":"wp","href":"https:\/\/api.w.org\/{rel}","templated":true}]}}