{"id":53744,"date":"2023-01-06T11:41:00","date_gmt":"2023-01-06T11:41:00","guid":{"rendered":"http:\/\/hoycordobaweb.com\/index.php\/2023\/01\/06\/ya-rige-el-acceso-a-la-auh-para-ninos-ninas-y-adolescentes-sin-cuidados-parentales\/"},"modified":"2023-01-06T11:41:00","modified_gmt":"2023-01-06T11:41:00","slug":"ya-rige-el-acceso-a-la-auh-para-ninos-ninas-y-adolescentes-sin-cuidados-parentales","status":"publish","type":"post","link":"http:\/\/hoycordobaweb.com\/index.php\/2023\/01\/06\/ya-rige-el-acceso-a-la-auh-para-ninos-ninas-y-adolescentes-sin-cuidados-parentales\/","title":{"rendered":"Ya rige el acceso a la AUH para ni\u00f1os, ni\u00f1as y adolescentes sin cuidados parentales"},"content":{"rendered":"<p><img src=\"http:\/\/hoycordobaweb.com\/wp-content\/uploads\/2023\/01\/ya-rige-el-acceso-a-la-auh-para-ninos-ninas-y-adolescentes-sin-cuidados-parentales.jpg\"><\/p>\n<figure class=\"mb-3\"><img loading=\"lazy\" src=\"http:\/\/hoycordobaweb.com\/wp-content\/uploads\/2023\/01\/ya-rige-el-acceso-a-la-auh-para-ninos-ninas-y-adolescentes-sin-cuidados-parentales-2.jpg\" width=\"100%\" height=\"100%\" alt=\"La medida qued oficializada mediante la publicacin en el Boletn Oficial del Decreto 52023\"><figcaption> La medida qued\u00f3 oficializada mediante la publicaci\u00f3n en el Bolet\u00edn Oficial del Decreto 5\/2023. <\/figcaption><\/figure>\n<p>El <strong>Gobierno nacional<\/strong> oficializ\u00f3 este viernes el \u00ab<strong>efectivo acceso a los recursos de la seguridad social de todo ni\u00f1o, ni\u00f1a y adolescente<\/strong> respecto del cual se hubiera adoptado una medida de protecci\u00f3n excepcional y permanezca <strong>en dispositivos residenciales de cuidado, de gesti\u00f3n p\u00fablica o privada<\/strong>\u00ab, o en instituciones familiares.<\/p>\n<p>Este jueves el presidente Alberto Fern\u00e1ndez hab\u00eda hecho el anuncio de este beneficio en un acto que encabez\u00f3 en la ciudad de Mar del Plata.&nbsp;Ahora, la medida qued\u00f3 oficializada mediante la publicaci\u00f3n en la edici\u00f3n de este viernes del Bolet\u00edn Oficial del Decreto 5\/2023.<\/p>\n<p>La norma lleva la firma del jefe de Estado; del jefe de Gabinete, Juan Manzur; de la ministra de Desarrollo Social, Victoria Tolosa Paz; y de su par de Ambiente y Desarrollo Sostenible, Juan Cabandi\u00e9.<\/p>\n<p>\u00abDisp\u00f3nese el efectivo acceso a los recursos de la seguridad social de todo ni\u00f1o, toda ni\u00f1a y adolescente respecto del o de la cual se hubiera adoptado una medida de protecci\u00f3n excepcional y permanezca en dispositivos residenciales de cuidado, de gesti\u00f3n p\u00fablica o privada, o en dispositivos familiares de cuidado\u00bb, puntualiza el art\u00edculo primero del decreto.<\/p>\n<p>En el acto de presentaci\u00f3n de la medida, Alberto Fern\u00e1ndez hab\u00eda afirmado que \u00ablos ni\u00f1os y ni\u00f1as deben ser tratados como sujetos de derecho\u00bb.<\/p>\n<div class=\"video_repositive\"> <a class=\"video_sticky\" href=\"javascript:void();\" onclick=\"removeStuckVideo(true);\"><i class=\"far fa-window-close\"><\/i><\/a> <\/p>\n<div id=\"WkYvOo8mI6o\" class=\"video_telam\" readability=\"6\">\n<div class=\"feature_article_inner\" readability=\"32\">\n<p><h2 class=\"text-center\">\u00abLos ni\u00f1os y ni\u00f1as deben ser tratados como sujetos de derecho\u00bb<\/h2>\n<\/p><\/div>\n<p>VER VIDEO <i class=\"fas fa-play\"><\/i><\/p>\n<\/p><\/div><\/div>\n<h2 class>Los detalles de la norma<\/h2>\n<p>En el decreto se establece \u00ab<strong>el pago mensual de un monto equivalente al 100 % del valor general de la Asignaci\u00f3n Universal por Hijo\/a<\/strong> para Protecci\u00f3n Social para los ni\u00f1os, las ni\u00f1as y adolescentes hasta los 17 a\u00f1os de edad inclusive, o del 100 % de la Asignaci\u00f3n Universal por Hijo\/a con discapacidad, si cuentan con Certificado \u00danico de Discapacidad vigente, siempre que se hubiera adoptado una medida de protecci\u00f3n excepcional respecto de ellos y ellas, y permanezcan en dispositivos residenciales de cuidado, de gesti\u00f3n p\u00fablica o privada, o en dispositivos familiares de cuidado\u00bb.<\/p>\n<p>En tanto, la <strong>Administraci\u00f3n Nacional de la Seguridad Social (Anses)<\/strong> solicitar\u00e1 a las Entidades Financieras con las que tenga convenios de pagos vigentes, la apertura de una cuenta bancaria para el dep\u00f3sito de la prestaci\u00f3n y la Secretar\u00eda Nacional de la Ni\u00f1ez, Adolescencia y Familia del ministerio de Desarrollo Social suscribir\u00e1 convenios bilaterales con las 24 jurisdicciones del pa\u00eds, en los que establecer\u00e1 la modalidad de intercambio de informaci\u00f3n y el procedimiento administrativo correspondiente.<\/p>\n<p>En tanto, \u00abrecibida la solicitud prevista en el art\u00edculo anterior, la Anses suspender\u00e1 el pago de la asignaci\u00f3n a quien lo estaba efectuando\u00bb, a\u00f1ade el texto.<\/p>\n<figure class=\"mb-3\"><img loading=\"lazy\" src=\"http:\/\/hoycordobaweb.com\/wp-content\/uploads\/2023\/01\/ya-rige-el-acceso-a-la-auh-para-ninos-ninas-y-adolescentes-sin-cuidados-parentales-3.jpg\" width=\"100%\" height=\"100%\" alt=\"El beneficio alcanza a las y los menores que permanezcan en dispositivos residenciales de cuidado o en dispositivos familiares de cuidado\"><figcaption> El beneficio alcanza a las y los menores que permanezcan en \u00abdispositivos residenciales de cuidado, o en dispositivos familiares de cuidado\u00bb. <\/figcaption><\/figure>\n<p>En supuestos de ni\u00f1os y ni\u00f1as hasta los 12 a\u00f1os de edad inclusive, la cuenta bancaria estar\u00e1 a nombre de un referente designado o una referente designada por el \u00f3rgano administrativo competente local, que ser\u00e1 la \u00fanica persona habilitada para administrar y disponer de los fondos.<\/p>\n<p>A partir de los 13 a\u00f1os de edad, \u00absi el \u00f3rgano administrativo competente local considerase que el o la adolescente cuenta con el grado de madurez suficiente para percibir y administrar por s\u00ed mismo o por s\u00ed misma la asignaci\u00f3n correspondiente, se proceder\u00e1 a poner el pago a su nombre\u00bb y .\u00bbpreferentemente, la persona designada para la administraci\u00f3n y disposici\u00f3n de los fondos ser\u00e1 un referente afectivo o una referente afectiva del ni\u00f1o, de la ni\u00f1a o adolescente\u00bb.<\/p>\n<p>Por otra parte, \u00absi el o la adolescente se encontrase incluido o incluida en el Programa de Acompa\u00f1amiento para el Egreso de Adolescentes y J\u00f3venes sin Cuidados Parentales, seg\u00fan la Ley N\u00b0 27.364 y su Decreto Reglamentario N\u00b0 1050\/18, el o la referente para la apertura y administraci\u00f3n de la cuenta bancaria ser\u00e1 la misma persona que cumple la funci\u00f3n de acompa\u00f1ante en el marco del citado Programa\u00bb, aclara el decreto.<\/p>\n<figure class=\"mb-3\"><img loading=\"lazy\" src=\"http:\/\/hoycordobaweb.com\/wp-content\/uploads\/2023\/01\/ya-rige-el-acceso-a-la-auh-para-ninos-ninas-y-adolescentes-sin-cuidados-parentales-4.jpg\" width=\"100%\" height=\"100%\" alt=\"Los fondos debern sur aplicados preferentemente a la promocin del derecho a la educacin al juego al deporte y consumos culturales y recreativos\"><figcaption> Los fondos deber\u00e1n sur aplicados preferentemente \u00aba la promoci\u00f3n del derecho a la educaci\u00f3n, al juego, al deporte y consumos culturales y recreativos\u00bb. <\/figcaption><\/figure>\n<p>Adem\u00e1s, \u00abel referente designado como titular de la cuenta bancaria recibir\u00e1 el trato de quien act\u00faa en representaci\u00f3n del ni\u00f1o\u00bb y \u00abpodr\u00e1 ser nombrado o nombrada con independencia de su condici\u00f3n laboral o previsional\u00bb en tanto \u00abla condici\u00f3n de titular de la cuenta bancaria no tendr\u00e1 efectos de naturaleza tributaria\u00bb.<\/p>\n<p>Se establece tambi\u00e9n que \u00abel referente designado o la referente designada no podr\u00e1 ser representante de m\u00e1s de diez personas menores de edad\u00bb y \u00aben virtud del principio de autonom\u00eda progresiva, conforme la edad del ni\u00f1o, de la ni\u00f1a o adolescente y su grado de madurez, el referente designado o la referente designada deber\u00e1 tener en cuenta su opini\u00f3n con relaci\u00f3n al destino de los fondos\u00bb.<\/p>\n<p>Se aclara que, \u00aben ning\u00fan caso, los fondos contemplados en el art\u00edculo 2\u00b0 de la presente medida podr\u00e1n ser aplicados a rubros que, por imperio legal, deban ser afrontados por el dispositivo residencial o familiar de cuidado\u00bb y se se\u00f1ala que, \u00abpreferentemente, ser\u00e1n aplicados para la promoci\u00f3n del derecho a la educaci\u00f3n, al juego, al deporte, al arte, al acceso cultural, a la tecnolog\u00eda, a actividades y consumos culturales y recreativos\u00bb. <\/p>\n","protected":false},"excerpt":{"rendered":"<p>La medida qued\u00f3 oficializada mediante la publicaci\u00f3n en el Bolet\u00edn Oficial del Decreto 5\/2023. El Gobierno nacional oficializ\u00f3 este viernes el \u00abefectivo acceso a los recursos de la seguridad social de todo ni\u00f1o, ni\u00f1a y adolescente respecto del cual se hubiera adoptado una medida de protecci\u00f3n excepcional y permanezca en dispositivos residenciales de cuidado, de [&hellip;]<\/p>\n","protected":false},"author":1,"featured_media":53745,"comment_status":"open","ping_status":"closed","sticky":false,"template":"","format":"standard","meta":[],"categories":[19],"tags":[],"_links":{"self":[{"href":"http:\/\/hoycordobaweb.com\/index.php\/wp-json\/wp\/v2\/posts\/53744"}],"collection":[{"href":"http:\/\/hoycordobaweb.com\/index.php\/wp-json\/wp\/v2\/posts"}],"about":[{"href":"http:\/\/hoycordobaweb.com\/index.php\/wp-json\/wp\/v2\/types\/post"}],"author":[{"embeddable":true,"href":"http:\/\/hoycordobaweb.com\/index.php\/wp-json\/wp\/v2\/users\/1"}],"replies":[{"embeddable":true,"href":"http:\/\/hoycordobaweb.com\/index.php\/wp-json\/wp\/v2\/comments?post=53744"}],"version-history":[{"count":0,"href":"http:\/\/hoycordobaweb.com\/index.php\/wp-json\/wp\/v2\/posts\/53744\/revisions"}],"wp:featuredmedia":[{"embeddable":true,"href":"http:\/\/hoycordobaweb.com\/index.php\/wp-json\/wp\/v2\/media\/53745"}],"wp:attachment":[{"href":"http:\/\/hoycordobaweb.com\/index.php\/wp-json\/wp\/v2\/media?parent=53744"}],"wp:term":[{"taxonomy":"category","embeddable":true,"href":"http:\/\/hoycordobaweb.com\/index.php\/wp-json\/wp\/v2\/categories?post=53744"},{"taxonomy":"post_tag","embeddable":true,"href":"http:\/\/hoycordobaweb.com\/index.php\/wp-json\/wp\/v2\/tags?post=53744"}],"curies":[{"name":"wp","href":"https:\/\/api.w.org\/{rel}","templated":true}]}}