{"id":53742,"date":"2023-01-06T11:52:00","date_gmt":"2023-01-06T11:52:00","guid":{"rendered":"http:\/\/hoycordobaweb.com\/index.php\/2023\/01\/06\/fallecio-el-exdelantero-del-seleccionado-italiano-gianluca-vialli\/"},"modified":"2023-01-06T11:52:00","modified_gmt":"2023-01-06T11:52:00","slug":"fallecio-el-exdelantero-del-seleccionado-italiano-gianluca-vialli","status":"publish","type":"post","link":"http:\/\/hoycordobaweb.com\/index.php\/2023\/01\/06\/fallecio-el-exdelantero-del-seleccionado-italiano-gianluca-vialli\/","title":{"rendered":"Falleci\u00f3 el exdelantero del seleccionado italiano Gianluca Vialli"},"content":{"rendered":"<p><img src=\"http:\/\/hoycordobaweb.com\/wp-content\/uploads\/2023\/01\/fallecio-el-exdelantero-del-seleccionado-italiano-gianluca-vialli.jpg\"><\/p>\n<figure class=\"mb-3\"><img loading=\"lazy\" src=\"http:\/\/hoycordobaweb.com\/wp-content\/uploads\/2023\/01\/fallecio-el-exdelantero-del-seleccionado-italiano-gianluca-vialli-2.jpg\" width=\"100%\" height=\"100%\" alt=\"Vialli actu en el seleccionado italiano en 59 partidos\"><figcaption> Vialli actu\u00f3 en el seleccionado italiano en 59 partidos. <\/figcaption><\/figure>\n<p>El exfutbolista italiano Gianluca Vialli, quien <strong>se desempe\u00f1o en el seleccionado de su pa\u00eds y en clubes como Juventus e Inter, falleci\u00f3 este viernes a los 58 a\u00f1os de edad<\/strong>, en un hospital londinense, a causa de un c\u00e1ncer de p\u00e1ncreas que sufr\u00eda hace cinco a\u00f1os, seg\u00fan lo informaron medios de prensa europeos.<\/p>\n<p>El pasado 14 de diciembre, Vialli anunci\u00f3 en un comunicado que dejaba el cuerpo t\u00e9cnico del la seleccionado italiano para centrarse en superar la enfermedad, pero su estado se agrav\u00f3, se\u00f1al\u00f3 el diario La Gazzetta dello Sport.<\/p>\n<blockquote class=\"twitter-tweet\" readability=\"4.3150684931507\">\n<p lang=\"it\" dir=\"ltr\">Ciao Gianluca, non ti dimenticheremo mai \ud83d\udc99 <a href=\"https:\/\/t.co\/ZnAbs9qDUe\">pic.twitter.com\/ZnAbs9qDUe<\/a><\/p>\n<p>\u2014 Nazionale Italiana \u2b50\ufe0f\u2b50\ufe0f\u2b50\ufe0f\u2b50\ufe0f (@Azzurri) <a href=\"https:\/\/twitter.com\/Azzurri\/status\/1611300101305077762?ref_src=twsrc%5Etfw\">January 6, 2023<\/a><\/p><\/blockquote>\n<p><strong>Vialli, nacido el 9 de julio de 1964 en la ciudad de Cremona, se hab\u00eda casado con Cathyrn, en 2003, y ten\u00eda, dos hijas Olivia y Sofia.<\/strong><\/p>\n<p>Al futbolista que actu\u00f3 en el seleccionado italiano en 59 partidos marcando 16 goles entre 1985 y 1992, se le diagnostic\u00f3 la enfermedad en 2017. Entonces fue sometido a 17 meses de sesiones de quimioterapia y a una operaci\u00f3n, pero los tratamientos no acabaron con el c\u00e1ncer.<\/p>\n<figure class=\"mb-3\"><img loading=\"lazy\" src=\"http:\/\/hoycordobaweb.com\/wp-content\/uploads\/2023\/01\/fallecio-el-exdelantero-del-seleccionado-italiano-gianluca-vialli-3.jpg\" width=\"100%\" height=\"100%\" alt=\"Vialli fue un excepcional delantero autor de 259 goles en 673 partidos en sus clubes\"><figcaption> Vialli fue un excepcional delantero, autor de 259 goles en 673 partidos en sus clubes. <\/figcaption><\/figure>\n<p>En diciembre de 2021, confirm\u00f3 en una entrevista en The Times de Inglaterra que segu\u00eda luchando contra el c\u00e1ncer: \u00abEl hu\u00e9sped no deseado, como yo lo llamo, todav\u00eda est\u00e1 conmigo. En este momento estoy en modo de mantenimiento. El tumor todav\u00eda est\u00e1 all\u00ed. A veces se nota m\u00e1s, otras menos\u00bb.<\/p>\n<p>Vialli fue un excepcional delantero, autor de 259 goles en 673 partidos en sus clubes, habiendo tambi\u00e9n jugado en Cremonese, Sampdoria y Chelsea de Inglaterra.<\/p>\n<blockquote class><p>Vialli fue un excepcional delantero, autor de 259 goles en 673 partidos en sus clubes, habiendo tambi\u00e9n jugado en Cremonese, Sampdoria y Chelsea de Inglaterra<\/p><\/blockquote>\n<p><strong>El exfutbolista gan\u00f3 cuatro Copas de Italia, dos titulos de Seria A, dos Supercopas de Italia, una FA Cup, una Copa de Liga inglesa, dos Recopas de Europa, una Copa de la UEFA, una Champions y una Supercopa europea.<\/strong><\/p>\n<p>Tambi\u00e9n fue entrenador en Chelsea (entre 1998 y 2000, siendo tambi\u00e9n futbolista durante seis meses) con el que gan\u00f3 una Copa de la Liga, una FA Cup y un Charity Shield, y Watford (2001\/02).<\/p>\n<p>Desde 2019, trabajaba como jefe del seleccionado de Italia al lado de su amigo y entrenador Roberto Mancini: la imagen de ambos abraz\u00e1ndose entre l\u00e1grimas en Wembley, cuando Italia se coron\u00f3 campeona de Europa en 2021, ya es una leyenda.<\/p>\n<p><strong>Vialli jug\u00f3 dos mundiales, en M\u00e9xico 1986 y como local en 1990<\/strong>, cuando Italia fue tercera y qued\u00f3 eliminada al caer ante Argentina, liderada por Diego Maradona, en semifinales en definici\u00f3n con remates desde el punto penal en la ciudad de N\u00e1poles. <\/p>\n","protected":false},"excerpt":{"rendered":"<p>Vialli actu\u00f3 en el seleccionado italiano en 59 partidos. El exfutbolista italiano Gianluca Vialli, quien se desempe\u00f1o en el seleccionado de su pa\u00eds y en clubes como Juventus e Inter, falleci\u00f3 este viernes a los 58 a\u00f1os de edad, en un hospital londinense, a causa de un c\u00e1ncer de p\u00e1ncreas que sufr\u00eda hace cinco a\u00f1os, [&hellip;]<\/p>\n","protected":false},"author":1,"featured_media":53743,"comment_status":"open","ping_status":"closed","sticky":false,"template":"","format":"standard","meta":[],"categories":[19],"tags":[],"_links":{"self":[{"href":"http:\/\/hoycordobaweb.com\/index.php\/wp-json\/wp\/v2\/posts\/53742"}],"collection":[{"href":"http:\/\/hoycordobaweb.com\/index.php\/wp-json\/wp\/v2\/posts"}],"about":[{"href":"http:\/\/hoycordobaweb.com\/index.php\/wp-json\/wp\/v2\/types\/post"}],"author":[{"embeddable":true,"href":"http:\/\/hoycordobaweb.com\/index.php\/wp-json\/wp\/v2\/users\/1"}],"replies":[{"embeddable":true,"href":"http:\/\/hoycordobaweb.com\/index.php\/wp-json\/wp\/v2\/comments?post=53742"}],"version-history":[{"count":0,"href":"http:\/\/hoycordobaweb.com\/index.php\/wp-json\/wp\/v2\/posts\/53742\/revisions"}],"wp:featuredmedia":[{"embeddable":true,"href":"http:\/\/hoycordobaweb.com\/index.php\/wp-json\/wp\/v2\/media\/53743"}],"wp:attachment":[{"href":"http:\/\/hoycordobaweb.com\/index.php\/wp-json\/wp\/v2\/media?parent=53742"}],"wp:term":[{"taxonomy":"category","embeddable":true,"href":"http:\/\/hoycordobaweb.com\/index.php\/wp-json\/wp\/v2\/categories?post=53742"},{"taxonomy":"post_tag","embeddable":true,"href":"http:\/\/hoycordobaweb.com\/index.php\/wp-json\/wp\/v2\/tags?post=53742"}],"curies":[{"name":"wp","href":"https:\/\/api.w.org\/{rel}","templated":true}]}}