{"id":53722,"date":"2023-01-06T02:48:34","date_gmt":"2023-01-06T02:48:34","guid":{"rendered":"https:\/\/www.ole.com.ar\/colon\/rodriguez-colon-saralegui-situacion_0_C2x1Ci22AI.html"},"modified":"2023-01-06T02:48:34","modified_gmt":"2023-01-06T02:48:34","slug":"el-caso-pulga-rodriguez-en-colon-saralegui-y-una-denuncia-en-medio-del-conflicto-con-la-dirigencia","status":"publish","type":"post","link":"http:\/\/hoycordobaweb.com\/index.php\/2023\/01\/06\/el-caso-pulga-rodriguez-en-colon-saralegui-y-una-denuncia-en-medio-del-conflicto-con-la-dirigencia\/","title":{"rendered":"El caso Pulga Rodr\u00edguez en Col\u00f3n: Saralegui y una denuncia en medio del conflicto con la dirigencia"},"content":{"rendered":"<p><img src=\"http:\/\/hoycordobaweb.com\/wp-content\/uploads\/2023\/01\/el-caso-pulga-rodriguez-en-colon-saralegui-y-una-denuncia-en-medio-del-conflicto-con-la-dirigencia.jpg\"><\/p>\n<div class=\"custom-text \" readability=\"37\">\n<p>La relaci\u00f3n entre Col\u00f3n de Santa Fe y Pulga Rodr\u00edguez est\u00e1 rota. <strong>Porque el 10 quiere marcharse de la instituci\u00f3n y la dirigencia s\u00f3lo acepta la salida a cambio de dinero para sus arcas. <\/strong>En medio de un tira y afloje que a\u00fan no tiene soluci\u00f3n, <strong>el talentoso jugador se present\u00f3 este jueves a los entrenamientos del equipo santafesino, pero el DT Marcelo Saralegui no lo tiene en cuenta.<\/strong><\/p>\n<\/div>\n<div class=\"sc-489cef11-0 jHGTKj\" readability=\"6.5\">\n<section readability=\"3\"><picture><img class=\"img\" src=\"http:\/\/hoycordobaweb.com\/wp-content\/uploads\/2023\/01\/el-caso-pulga-rodriguez-en-colon-saralegui-y-una-denuncia-en-medio-del-conflicto-con-la-dirigencia-2.jpg\" alt=\"Enzo D\u00edaz, el defensor que busca River\" height=\"290\" width=\"290\" loading=\"lazy\"><\/picture>\n<p><span>Mir\u00e1 tambi\u00e9n<\/span><\/p>\n<hr>\n<h3>Enzo D\u00edaz, el defensor que busca River<\/h3>\n<\/p>\n<\/section>\n<\/div>\n<div class=\"custom-text \" readability=\"40\">\n<p>\u00abEn el comienzo de a\u00f1o dije que era un tema que trataba la directiva. Tiene contrato y no se resolvi\u00f3 su situaci\u00f3n a\u00fan. Se present\u00f3, porque justamente tiene contrato. L<strong>lega treinta y pico de d\u00edas despu\u00e9s. Por respeto a su persona, le coment\u00e9 que nosotros estamos partiendo a Uruguay y que quisiera que se regularice su situaci\u00f3n.<\/strong> Tanto para un lado como para el otro. Eso es lo que pude hablar. La directiva sigue trabajando en el tema y nosotros seguimos nuestro camino\u00bb, arranc\u00f3 Saralegui en conferencia de prensa, antes de viajar a Uruguay. <strong>All\u00ed, el Sabalero jugar\u00e1 un triangular amistoso.<\/strong><\/p>\n<\/div>\n<div class=\"sc-996041c8-0 kvfKM\"><img alt=\"Pulga Rodr\u00edguez (Prensa Col\u00f3n). \" src=\"http:\/\/hoycordobaweb.com\/wp-content\/uploads\/2023\/01\/el-caso-pulga-rodriguez-en-colon-saralegui-y-una-denuncia-en-medio-del-conflicto-con-la-dirigencia-3.jpg\" width=\"720\" height=\"0\" decoding=\"async\" data-nimg=\"future\" loading=\"lazy\"><span>Pulga Rodr\u00edguez (Prensa Col\u00f3n). <\/span><\/div>\n<div class=\"custom-text \" readability=\"38\">\n<p>Y con mayor contundencia sobre el asunto, el DT agreg\u00f3: <strong>\u00abEn estos momentos no est\u00e1 en mi cabeza. Porque no se present\u00f3 como sus otros compa\u00f1eros. En su momento manifest\u00f3 que no quer\u00eda seguir en el club y nadie me comunic\u00f3 otra cosa, por eso nosotros seguimos nuestro camino.<\/strong> Hay nombres que se est\u00e1n por concretar en el puesto de \u00e9l. Entonces no puedo ir para atr\u00e1s. Yo tengo que seguir. No lo puedo tener en cuenta, porque yo ya planifiqu\u00e9. No es bueno tener un jugador en conflicto y por eso queremos que se resuelva su situaci\u00f3n. Es un tema de respeto para el plantel. Del sacrificio y el trabajo de los otros jugadores que empezaron hace un mes. Necesito que resuelva primero su situaci\u00f3n personal\u00bb.<\/p>\n<\/div>\n<div class=\"sc-489cef11-0 jHGTKj\" readability=\"6\">\n<section readability=\"2\"><picture><img class=\"img\" src=\"http:\/\/hoycordobaweb.com\/wp-content\/uploads\/2023\/01\/el-caso-pulga-rodriguez-en-colon-saralegui-y-una-denuncia-en-medio-del-conflicto-con-la-dirigencia-4.jpg\" alt=\"Video: Palavecino abandon\u00f3 la pr\u00e1ctica con una molestia\" height=\"290\" width=\"290\" loading=\"lazy\"><\/picture>\n<p><span>Mir\u00e1 tambi\u00e9n<\/span><\/p>\n<hr>\n<h3>Video: Palavecino abandon\u00f3 la pr\u00e1ctica con una molestia<\/h3>\n<\/p>\n<\/section>\n<\/div>\n<div class=\"sc-996041c8-0 kvfKM\"><img alt=\"\u00bfC\u00f3mo terminar\u00e1 esta historia? \" src=\"http:\/\/hoycordobaweb.com\/wp-content\/uploads\/2023\/01\/el-caso-pulga-rodriguez-en-colon-saralegui-y-una-denuncia-en-medio-del-conflicto-con-la-dirigencia-5.jpg\" width=\"720\" height=\"0\" decoding=\"async\" data-nimg=\"future\" loading=\"lazy\"><span>\u00bfC\u00f3mo terminar\u00e1 esta historia? <\/span><\/div>\n<div class=\"custom-text \" readability=\"38\">\n<p>Rodr\u00edguez se present\u00f3 poco m\u00e1s de un mes despu\u00e9s de lo que le correspond\u00eda. Todo en medio de la tensa situaci\u00f3n con la dirigencia de Col\u00f3n. <strong>La intenci\u00f3n del jugador, de 38 a\u00f1os, es rescindir para poder marcharse a A. Tucum\u00e1n.<\/strong> Obviamente, no viaj\u00f3 a suelo charr\u00faa para los amistosos que deber\u00e1 afrontar el elenco de Saralegui.<strong> \u00bfC\u00f3mo continuar\u00e1 esta novela?<\/strong><\/p>\n<\/div>\n<div class=\"sc-489cef11-0 jHGTKj\" readability=\"6.5\">\n<section readability=\"3\"><picture><img class=\"img\" src=\"http:\/\/hoycordobaweb.com\/wp-content\/uploads\/2023\/01\/el-caso-pulga-rodriguez-en-colon-saralegui-y-una-denuncia-en-medio-del-conflicto-con-la-dirigencia-6.jpg\" alt=\"Tagliafico en su Twitch: la confianza que ten\u00edan, los nervios contra Francia y m\u00e1s\" height=\"290\" width=\"290\" loading=\"lazy\"><\/picture>\n<p><span>Mir\u00e1 tambi\u00e9n<\/span><\/p>\n<hr>\n<h3>Tagliafico en su Twitch: la confianza que ten\u00edan, los nervios contra Francia y m\u00e1s<\/h3>\n<\/p>\n<\/section>\n<\/div>\n<p><h2><strong>UNA DENUNCIA DE PARTE DEL ENCARGADO <\/strong>DE SEGURIDAD<\/h2>\n<\/p>\n<div class=\"custom-text \" readability=\"40\">\n<p>Seg\u00fan public\u00f3 Diario Uno de Santa Fe, el hecho ocurri\u00f3 en la ma\u00f1ana de este jueves, cuando Rodr\u00edguez se sum\u00f3 a los entrenamientos en medio de su conflicto. Al parecer, seg\u00fan la denuncia hecha por el encargado de seguridad del plantel de Col\u00f3n, <strong>el futbolista le exigi\u00f3 que le firmara una carta documento como prueba de estar cumpliendo con sus obligaciones laborales. <\/strong>Y \u00e9ste le respondi\u00f3 de manera negativa, contest\u00e1ndole que no le correspond\u00eda hacerlo.<\/p>\n<\/div>\n<div class=\"sc-996041c8-0 kvfKM\"><img alt=\"La denuncia\" src=\"http:\/\/hoycordobaweb.com\/wp-content\/uploads\/2023\/01\/el-caso-pulga-rodriguez-en-colon-saralegui-y-una-denuncia-en-medio-del-conflicto-con-la-dirigencia-7.jpg\" width=\"720\" height=\"0\" decoding=\"async\" data-nimg=\"future\" loading=\"lazy\"><span>La denuncia<\/span><\/div>\n<div class=\"custom-text \" readability=\"39\">\n<p>Acto siguiente, seg\u00fan relata el citado medio, <strong>Rodr\u00edguez se molest\u00f3 y comenz\u00f3 a correr alrededor de la cancha y pas\u00f3 por donde estaba el mencionado encargado.<\/strong> \u00abVos sos de los traidores del club, en menos de 10 d\u00edas vas a tener que pedirme perd\u00f3n. Cuidate en lo laboral y sobre todo ten\u00e9 cuidado en lo personal\u201d, habr\u00eda amenazado el 10. L<strong>a denuncia est\u00e1 radicada en la Subcomisar\u00eda 15 de Santo Tom\u00e9.<\/strong><\/p>\n<\/div>\n<div class=\"sc-996041c8-0 kvfKM\"><img alt=\"La denuncia a Pulga Rodr\u00edguez.\" src=\"http:\/\/hoycordobaweb.com\/wp-content\/uploads\/2023\/01\/el-caso-pulga-rodriguez-en-colon-saralegui-y-una-denuncia-en-medio-del-conflicto-con-la-dirigencia-8.jpg\" width=\"720\" height=\"0\" decoding=\"async\" data-nimg=\"future\" loading=\"lazy\"><span>La denuncia a Pulga Rodr\u00edguez.<\/span><\/div>\n","protected":false},"excerpt":{"rendered":"<p>La relaci\u00f3n entre Col\u00f3n de Santa Fe y Pulga Rodr\u00edguez est\u00e1 rota. Porque el 10 quiere marcharse de la instituci\u00f3n y la dirigencia s\u00f3lo acepta la salida a cambio de dinero para sus arcas. En medio de un tira y afloje que a\u00fan no tiene soluci\u00f3n, el talentoso jugador se present\u00f3 este jueves a los [&hellip;]<\/p>\n","protected":false},"author":1,"featured_media":53723,"comment_status":"open","ping_status":"closed","sticky":false,"template":"","format":"standard","meta":[],"categories":[16],"tags":[],"_links":{"self":[{"href":"http:\/\/hoycordobaweb.com\/index.php\/wp-json\/wp\/v2\/posts\/53722"}],"collection":[{"href":"http:\/\/hoycordobaweb.com\/index.php\/wp-json\/wp\/v2\/posts"}],"about":[{"href":"http:\/\/hoycordobaweb.com\/index.php\/wp-json\/wp\/v2\/types\/post"}],"author":[{"embeddable":true,"href":"http:\/\/hoycordobaweb.com\/index.php\/wp-json\/wp\/v2\/users\/1"}],"replies":[{"embeddable":true,"href":"http:\/\/hoycordobaweb.com\/index.php\/wp-json\/wp\/v2\/comments?post=53722"}],"version-history":[{"count":0,"href":"http:\/\/hoycordobaweb.com\/index.php\/wp-json\/wp\/v2\/posts\/53722\/revisions"}],"wp:featuredmedia":[{"embeddable":true,"href":"http:\/\/hoycordobaweb.com\/index.php\/wp-json\/wp\/v2\/media\/53723"}],"wp:attachment":[{"href":"http:\/\/hoycordobaweb.com\/index.php\/wp-json\/wp\/v2\/media?parent=53722"}],"wp:term":[{"taxonomy":"category","embeddable":true,"href":"http:\/\/hoycordobaweb.com\/index.php\/wp-json\/wp\/v2\/categories?post=53722"},{"taxonomy":"post_tag","embeddable":true,"href":"http:\/\/hoycordobaweb.com\/index.php\/wp-json\/wp\/v2\/tags?post=53722"}],"curies":[{"name":"wp","href":"https:\/\/api.w.org\/{rel}","templated":true}]}}