{"id":53714,"date":"2023-01-05T17:04:45","date_gmt":"2023-01-05T17:04:45","guid":{"rendered":"https:\/\/ladecimaweb.com\/?p=15619"},"modified":"2023-01-05T17:04:45","modified_gmt":"2023-01-05T17:04:45","slug":"alberto-fernandez-anuncio-la-extension-de-la-auh-para-ninos-sin-cuidados-parentales","status":"publish","type":"post","link":"http:\/\/hoycordobaweb.com\/index.php\/2023\/01\/05\/alberto-fernandez-anuncio-la-extension-de-la-auh-para-ninos-sin-cuidados-parentales\/","title":{"rendered":"Alberto Fern\u00e1ndez anunci\u00f3 la extensi\u00f3n de la AUH para ni\u00f1os sin cuidados parentales"},"content":{"rendered":"<div class=\"boldgrid-section\">\n<div class=\"container\">\n<div class=\"row\">\n<div class=\"col-md-12 col-xs-12 col-sm-12\">\n<p class=\"\"><em>(T\u00e9lam)<\/em> El presidente Alberto Fern\u00e1ndez pidi\u00f3 este mediod\u00eda perseguir la &#8220;utop\u00eda de la igualdad social&#8221;, sostuvo que hoy Argentina es un pa\u00eds &#8220;en el que los \u00fanicos privilegiados son los jueces\u201d y afirm\u00f3 que, siguiendo el ejemplo de Eva Per\u00f3n, su gobierno trabaja para hacer un pa\u00eds &#8220;donde los ni\u00f1os y las ni\u00f1as sean tratados como sujetos de derecho&#8221;.<\/p>\n<p class=\"\">Junto al ministro de Obras P\u00fablicas, Gabriel Katopodis; a la ministra de Desarrollo Social, Victoria Tolosa Paz y a la titular de Anses, Fernanda Raverta, <strong>el jefe de Estado anunci\u00f3 hoy la puesta en marcha de la Asignaci\u00f3n Universal por Hijo (AUH) para ni\u00f1os y ni\u00f1as sin cuidados parentales<\/strong> y la recuperaci\u00f3n edilicia del Instituto Saturnino Unzu\u00e9 de Mar del Plata.<\/p>\n<p class=\"\">&#8220;Evita vivi\u00f3 en un pa\u00eds en el que los \u00fanicos privilegiados eran los ni\u00f1os, hoy estamos en un pa\u00eds en el que los \u00fanicos privilegiados son los jueces. Pero vamos a ser un pa\u00eds donde los privilegiados sean los ni\u00f1os y las ni\u00f1as para que sean sujetos de derecho&#8221;, explic\u00f3 Fern\u00e1ndez.<\/p>\n<p>La actividad se realiz\u00f3 en los jardines del ex Palacio Unzu\u00e9, edificio marplatense que fue convertido en un espacio para las ni\u00f1eces que fue recuperado parcialmente durante el gobierno de N\u00e9stor Kirchner y que, seg\u00fan las palabras del Jefe de Estado, &#8220;estuvo abandonado a la buena de Dios&#8221; durante la administraci\u00f3n de Mauricio Macri.<\/p>\n<p class=\"\"><strong>Fern\u00e1ndez coment\u00f3 que la medida adoptada har\u00e1 posible que cerca de &#8220;9 mil chiquitos y chiquitas&#8221; que est\u00e1n alojados en instituciones de cuidado perciban la AUH m\u00e1s all\u00e1 de su situaci\u00f3n parental.<\/strong><\/p>\n<p class=\"\">&#8220;Lo que estamos haciendo, tiene una sola palabra, estamos haciendo justicia. Si alguien piensa que estamos gastando plata, miren, soy feliz de gastar la plata en la justicia social, no hay nada m\u00e1s lindo que gastar la plata en darle igualdad a los argentinos y argentinas&#8221;, dijo el Presidente en uno de los fragmentos m\u00e1s aplaudidos de su intervenci\u00f3n.<\/p>\n<p>Fern\u00e1ndez reiter\u00f3 que aunque &#8220;algunos dicen que en pol\u00edtica todo es lo mismo&#8221;, hay diferencias entre los modelos en pugna: &#8220;Algunos piensan que as\u00ed es la vida. Alguno se anim\u00f3 a decir que pobres hay en todos lados, que tenemos que acostumbrarnos. Nada m\u00e1s indecente que animarse a convivir con la pobreza. La pobreza es, para aquel que abraz\u00f3 la pol\u00edtica, un permanente reclamo al alma para terminar con la injusticia&#8221;.<\/p>\n<div class=\"ubm_banner\"><a href=\"https:\/\/www.cba.gov.ar\" target=\"_blank\" rel=\"dofollow noopener noreferrer\"><img src=\"http:\/\/hoycordobaweb.com\/wp-content\/uploads\/2023\/01\/alberto-fernandez-anuncio-la-extension-de-la-auh-para-ninos-sin-cuidados-parentales.gif\" alt=\"\"><\/a><\/div>\n<\/div>\n<\/div>\n<\/div>\n<\/div>\n<p>La entrada <a rel=\"nofollow\" href=\"https:\/\/ladecimaweb.com\/alberto-fernandez-anuncio-la-extension-de-la-auh-para-ninos-sin-cuidados-parentales\/\">Alberto Fern\u00e1ndez anunci\u00f3 la extensi\u00f3n de la AUH para ni\u00f1os sin cuidados parentales<\/a> se public\u00f3 primero en <a rel=\"nofollow\" href=\"https:\/\/ladecimaweb.com\">LaDecima<\/a>.<\/p>\n","protected":false},"excerpt":{"rendered":"<p>(T\u00e9lam) El presidente Alberto Fern\u00e1ndez pidi\u00f3 este mediod\u00eda perseguir la &#8220;utop\u00eda de la igualdad social&#8221;, sostuvo que hoy Argentina es un pa\u00eds &#8220;en el que los \u00fanicos privilegiados son los jueces\u201d y afirm\u00f3 que, siguiendo el ejemplo de Eva Per\u00f3n, su gobierno trabaja para hacer un pa\u00eds &#8220;donde los ni\u00f1os y las ni\u00f1as sean tratados [&hellip;]<\/p>\n","protected":false},"author":1,"featured_media":53715,"comment_status":"closed","ping_status":"closed","sticky":false,"template":"","format":"standard","meta":[],"categories":[19],"tags":[],"_links":{"self":[{"href":"http:\/\/hoycordobaweb.com\/index.php\/wp-json\/wp\/v2\/posts\/53714"}],"collection":[{"href":"http:\/\/hoycordobaweb.com\/index.php\/wp-json\/wp\/v2\/posts"}],"about":[{"href":"http:\/\/hoycordobaweb.com\/index.php\/wp-json\/wp\/v2\/types\/post"}],"author":[{"embeddable":true,"href":"http:\/\/hoycordobaweb.com\/index.php\/wp-json\/wp\/v2\/users\/1"}],"replies":[{"embeddable":true,"href":"http:\/\/hoycordobaweb.com\/index.php\/wp-json\/wp\/v2\/comments?post=53714"}],"version-history":[{"count":0,"href":"http:\/\/hoycordobaweb.com\/index.php\/wp-json\/wp\/v2\/posts\/53714\/revisions"}],"wp:featuredmedia":[{"embeddable":true,"href":"http:\/\/hoycordobaweb.com\/index.php\/wp-json\/wp\/v2\/media\/53715"}],"wp:attachment":[{"href":"http:\/\/hoycordobaweb.com\/index.php\/wp-json\/wp\/v2\/media?parent=53714"}],"wp:term":[{"taxonomy":"category","embeddable":true,"href":"http:\/\/hoycordobaweb.com\/index.php\/wp-json\/wp\/v2\/categories?post=53714"},{"taxonomy":"post_tag","embeddable":true,"href":"http:\/\/hoycordobaweb.com\/index.php\/wp-json\/wp\/v2\/tags?post=53714"}],"curies":[{"name":"wp","href":"https:\/\/api.w.org\/{rel}","templated":true}]}}