{"id":53668,"date":"2023-01-05T02:12:52","date_gmt":"2023-01-05T02:12:52","guid":{"rendered":"https:\/\/www.ole.com.ar\/boca-juniors\/desgarro-nicolas-figal-baja-boca-juniors-lesion-final-racing_0_Zvwl3bn9zR.html"},"modified":"2023-01-05T02:12:52","modified_gmt":"2023-01-05T02:12:52","slug":"se-desgarro-figal-y-se-perderia-la-final-con-racing","status":"publish","type":"post","link":"http:\/\/hoycordobaweb.com\/index.php\/2023\/01\/05\/se-desgarro-figal-y-se-perderia-la-final-con-racing\/","title":{"rendered":"Se desgarr\u00f3 Figal y se perder\u00eda la final con Racing"},"content":{"rendered":"<p><img src=\"http:\/\/hoycordobaweb.com\/wp-content\/uploads\/2023\/01\/se-desgarro-figal-y-se-perderia-la-final-con-racing.jpg\"><\/p>\n<div><img src=\"http:\/\/hoycordobaweb.com\/wp-content\/uploads\/2023\/01\/se-desgarro-figal-y-se-perderia-la-final-con-racing.jpg\" class=\"ff-og-image-inserted\"><\/div>\n<div readability=\"37.854671280277\">\n<p><strong>La noticia no pod\u00eda ser m\u00e1s inoportuna y m\u00e1s problem\u00e1tica para el momento que vive <\/strong><a href=\"https:\/\/www.ole.com.ar\/tema\/boca-juniors.html\" title=\"Boca Juniors\" alt=\"Boca Juniors\" class=\"slug\"><strong>Boca<\/strong><\/a>. Durante la pr\u00e1ctica de este martes en el Centro de Entrenamiento de Ezeiza, <a href=\"https:\/\/www.ole.com.ar\/tema\/nicolas-figal.html\" title=\"Nicolas Figal\" alt=\"Nicolas Figal\" class=\"slug\"><strong>Nicol\u00e1s Figal<\/strong><\/a><strong> sufri\u00f3 una lesi\u00f3n muscular que le impedir\u00e1 jugar los amistosos programados<\/strong> para el pr\u00f3ximo s\u00e1bado ante <a href=\"https:\/\/www.ole.com.ar\/tema\/club-atletico-independiente.html\" title=\"Club Atl\u00e9tico Independiente\" alt=\"Club Atl\u00e9tico Independiente\" class=\"slug\">Independiente<\/a> y el viernes 13 de enero frente a Everton de Chile, ambos partidos a disputarse en San Juan, sino que <strong>su presencia est\u00e1 seriamente comprometida en el primer encuentro oficial del a\u00f1o, en el cl\u00e1sico con Racing en Abu Dhabi por la Supercopa Argentina<\/strong>, el 20 de este mes.<\/p>\n<\/div>\n<div readability=\"40.386934673367\">\n<p><strong>Es una baja muy sensible para <\/strong><a href=\"https:\/\/www.ole.com.ar\/tema\/hugo-ibarra.html\" title=\"Hugo Ibarra\" alt=\"Hugo Ibarra\" class=\"slug\"><strong>Hugo Ibarra<\/strong><\/a><strong>, que viene insistiendo por lo bajo para que la dirigencia refuerce la defensa central<\/strong>, no s\u00f3lo por la ya conocida baja por lesi\u00f3n de <a href=\"https:\/\/www.ole.com.ar\/tema\/marcos-rojo.html\" title=\"Marcos Rojo\" alt=\"Marcos Rojo\" class=\"slug\">Marcos Rojo<\/a>, sino por la repentina salida del club de <a href=\"https:\/\/www.ole.com.ar\/tema\/carlos-zambrano.html\" title=\"Carlos Zambrano\" alt=\"Carlos Zambrano\" class=\"slug\">Carlos Zambrano<\/a> luego de una fuerte discusi\u00f3n con el entrenador que motiv\u00f3 su rescisi\u00f3n de contrato (ten\u00eda v\u00ednculo vigente hasta mediados de 2023). As\u00ed las cosas, Boca pierde al marcador central m\u00e1s confiable, de mayor rendimiento en la \u00faltima parte del a\u00f1o, y que, de no mediar alguna incorporaci\u00f3n de \u00faltimo momento, la final contra Racing con <a href=\"https:\/\/www.ole.com.ar\/tema\/facundo-roncaglia.html\" title=\"Facundo Roncaglia\" alt=\"Facundo Roncaglia\" class=\"slug\">Facundo Roncaglia<\/a> (de modesto rendimiento en su regreso al club), <a href=\"https:\/\/www.ole.com.ar\/tema\/nicolas-valentini.html\" title=\"Nicol\u00e1s Valentini\" alt=\"Nicol\u00e1s Valentini\" class=\"slug\">Nicol\u00e1s Valentini<\/a> (el CT lo tiene muy bien considerado luego de regresar de su pr\u00e9stamo en Aldosivi) y <a href=\"https:\/\/www.ole.com.ar\/tema\/gabriel-aranda.html\" title=\"Gabriel Aranda\" alt=\"Gabriel Aranda\" class=\"slug\">Gabriel Aranda<\/a> (un chico de las Inferiores que poco a poco se fue asentando en la Primera, aunque a\u00fan sin la experiencia suficiente). Tambi\u00e9n cuenta con la posibilidad de que <a href=\"https:\/\/www.ole.com.ar\/tema\/agustin-sandez.html\" title=\"Agust\u00edn Sandez\" alt=\"Agust\u00edn Sandez\" class=\"slug\">Agust\u00edn S\u00e1ndez<\/a> pueda ocupar el puesto de segundo zaguero.<\/p>\n<\/div>\n<div readability=\"40.188911704312\">\n<p>Hasta el momento, <strong>el club no inform\u00f3 public\u00f3 un parte m\u00e9dico oficial, por lo que se desconoce la zona de la lesi\u00f3n y el grado de la misma<\/strong>. Por lo pronto, el jugador comenzar\u00e1 a ser tratado, mientras Ibarra intentar\u00e1 que la dirigencia acelere por <a href=\"https:\/\/www.ole.com.ar\/boca-juniors\/presidente-huracan-garzon-interes-boca-lucas-merolla_0_2QeaiyApVa.html\">Lucas Merolla<\/a>, el defensor de <a href=\"https:\/\/www.ole.com.ar\/tema\/huracan.html\" target=\"_blank\" title=\"Hurac\u00e1n\" alt=\"Hurac\u00e1n\" class=\"slug\" rel=\"noopener noreferrer\">Hurac\u00e1n<\/a> por el que Boca inici\u00f3 gestiones hace un tiempo, aceler\u00f3 en las \u00faltimas horas a trav\u00e9s del agente del jugador, pero que deber\u00e1 mejorar la oferta econ\u00f3mica al Globo para cerrar la operaci\u00f3n.<\/p>\n<\/div>\n","protected":false},"excerpt":{"rendered":"<p>La noticia no pod\u00eda ser m\u00e1s inoportuna y m\u00e1s problem\u00e1tica para el momento que vive Boca. Durante la pr\u00e1ctica de este martes en el Centro de Entrenamiento de Ezeiza, Nicol\u00e1s Figal sufri\u00f3 una lesi\u00f3n muscular que le impedir\u00e1 jugar los amistosos programados para el pr\u00f3ximo s\u00e1bado ante Independiente y el viernes 13 de enero frente [&hellip;]<\/p>\n","protected":false},"author":1,"featured_media":53669,"comment_status":"open","ping_status":"closed","sticky":false,"template":"","format":"standard","meta":[],"categories":[16],"tags":[],"_links":{"self":[{"href":"http:\/\/hoycordobaweb.com\/index.php\/wp-json\/wp\/v2\/posts\/53668"}],"collection":[{"href":"http:\/\/hoycordobaweb.com\/index.php\/wp-json\/wp\/v2\/posts"}],"about":[{"href":"http:\/\/hoycordobaweb.com\/index.php\/wp-json\/wp\/v2\/types\/post"}],"author":[{"embeddable":true,"href":"http:\/\/hoycordobaweb.com\/index.php\/wp-json\/wp\/v2\/users\/1"}],"replies":[{"embeddable":true,"href":"http:\/\/hoycordobaweb.com\/index.php\/wp-json\/wp\/v2\/comments?post=53668"}],"version-history":[{"count":0,"href":"http:\/\/hoycordobaweb.com\/index.php\/wp-json\/wp\/v2\/posts\/53668\/revisions"}],"wp:featuredmedia":[{"embeddable":true,"href":"http:\/\/hoycordobaweb.com\/index.php\/wp-json\/wp\/v2\/media\/53669"}],"wp:attachment":[{"href":"http:\/\/hoycordobaweb.com\/index.php\/wp-json\/wp\/v2\/media?parent=53668"}],"wp:term":[{"taxonomy":"category","embeddable":true,"href":"http:\/\/hoycordobaweb.com\/index.php\/wp-json\/wp\/v2\/categories?post=53668"},{"taxonomy":"post_tag","embeddable":true,"href":"http:\/\/hoycordobaweb.com\/index.php\/wp-json\/wp\/v2\/tags?post=53668"}],"curies":[{"name":"wp","href":"https:\/\/api.w.org\/{rel}","templated":true}]}}