{"id":53645,"date":"2023-01-05T02:45:00","date_gmt":"2023-01-05T02:45:00","guid":{"rendered":"http:\/\/hoycordobaweb.com\/index.php\/2023\/01\/05\/boca-y-una-preocupacion-central-figal-se-lesiono-y-ya-casi-no-tiene-zagueros-disponibles\/"},"modified":"2023-01-05T02:45:00","modified_gmt":"2023-01-05T02:45:00","slug":"boca-y-una-preocupacion-central-figal-se-lesiono-y-ya-casi-no-tiene-zagueros-disponibles","status":"publish","type":"post","link":"http:\/\/hoycordobaweb.com\/index.php\/2023\/01\/05\/boca-y-una-preocupacion-central-figal-se-lesiono-y-ya-casi-no-tiene-zagueros-disponibles\/","title":{"rendered":"Boca y una preocupaci\u00f3n central: Figal se lesion\u00f3 y ya casi no tiene zagueros disponibles"},"content":{"rendered":"<p><img src=\"http:\/\/hoycordobaweb.com\/wp-content\/uploads\/2023\/01\/boca-y-una-preocupacion-central-figal-se-lesiono-y-ya-casi-no-tiene-zagueros-disponibles.jpg\"><\/p>\n<figure class=\"mb-3\"><img loading=\"lazy\" src=\"http:\/\/hoycordobaweb.com\/wp-content\/uploads\/2023\/01\/boca-y-una-preocupacion-central-figal-se-lesiono-y-ya-casi-no-tiene-zagueros-disponibles-2.jpg\" width=\"100%\" height=\"100%\" alt=\"Figal en principio es baja para el amistoso del sbado en San Juan ante Independiente\"><figcaption> Figal en principio es baja para el amistoso del s\u00e1bado en San Juan ante Independiente. <\/figcaption><\/figure>\n<p>Nicol\u00e1s Figal tuvo una lesi\u00f3n muscular en el entrenamiento vespertino de este mi\u00e9rcoles que llev\u00f3 adelante Boca en su predio de Ezeiza y ser\u00e1 otra baja en la zaga central que deja sin opciones al entrenador Hugo Ibarra inicialmente para el amistoso del pr\u00f3ximo s\u00e1bado ante Independiente, en San Juan.<\/p>\n<p>La lesi\u00f3n ser\u00e1 precisada este jueves a primera hora cuando el departamento m\u00e9dico boquense eleve el parte m\u00e9dico oficial.<\/p>\n<p>Por lo tanto <strong>Boca deber\u00e1 viajar el pr\u00f3ximo viernes hacia San Juan solamente con dos marcadores centrales disponibles como Facundo Roncaglia y Nicol\u00e1s Valentini<\/strong>,<strong> que volvi\u00f3 del pr\u00e9stamo en el descendido Aldosivi,<\/strong> de Mar del Plata.<\/p>\n<p>Es que adem\u00e1s <strong>se suman las bajas en ese puesto de Gabriel Aranda, que tiene una sobrecarga muscular; el peruano Carlos Zambrano, que rescindi\u00f3 su contrato, y Marcos Rojo, que se recupera de una intervenci\u00f3n de ligamentos cruzados y reci\u00e9n estar\u00e1 en condiciones de volver para mediados de a\u00f1o.<\/strong><\/p>\n<p>Una alternativa como segundo marcador central puede ser la inclusi\u00f3n del lateral izquierdo Agust\u00edn S\u00e1ndez (en las \u00faltimas horas lleg\u00f3 una oferta de Getafe, de Espa\u00f1a, por el juvenil de 18 a\u00f1os Valent\u00edn Barco, que juega tambi\u00e9n en esa posici\u00f3n).<\/p>\n<h2 class> Los otros puestos <\/h2>\n<p>Claro que como recordatorio para las bajas en defensa cabe la advertencia que entre el jueves y el viernes representantes de Flamengo vendr\u00e1n a firmar un precontrato con el arquero Agust\u00edn Rossi, que podr\u00eda irse ahora a cambio de alguna suma de dinero o bien en junio, gratis.<\/p>\n<p>De acuerdo a lo observado en la pr\u00e1ctica de este mi\u00e9rcoles,<strong> el arquero titular que se perfila para el partido amistoso con Independiente es Javier Garc\u00eda por encima de Sergio Romero<\/strong>, que aun no debut\u00f3 con el buzo auriazul. <\/p>\n","protected":false},"excerpt":{"rendered":"<p>Figal en principio es baja para el amistoso del s\u00e1bado en San Juan ante Independiente. Nicol\u00e1s Figal tuvo una lesi\u00f3n muscular en el entrenamiento vespertino de este mi\u00e9rcoles que llev\u00f3 adelante Boca en su predio de Ezeiza y ser\u00e1 otra baja en la zaga central que deja sin opciones al entrenador Hugo Ibarra inicialmente para [&hellip;]<\/p>\n","protected":false},"author":1,"featured_media":53646,"comment_status":"open","ping_status":"closed","sticky":false,"template":"","format":"standard","meta":[],"categories":[16],"tags":[],"_links":{"self":[{"href":"http:\/\/hoycordobaweb.com\/index.php\/wp-json\/wp\/v2\/posts\/53645"}],"collection":[{"href":"http:\/\/hoycordobaweb.com\/index.php\/wp-json\/wp\/v2\/posts"}],"about":[{"href":"http:\/\/hoycordobaweb.com\/index.php\/wp-json\/wp\/v2\/types\/post"}],"author":[{"embeddable":true,"href":"http:\/\/hoycordobaweb.com\/index.php\/wp-json\/wp\/v2\/users\/1"}],"replies":[{"embeddable":true,"href":"http:\/\/hoycordobaweb.com\/index.php\/wp-json\/wp\/v2\/comments?post=53645"}],"version-history":[{"count":0,"href":"http:\/\/hoycordobaweb.com\/index.php\/wp-json\/wp\/v2\/posts\/53645\/revisions"}],"wp:featuredmedia":[{"embeddable":true,"href":"http:\/\/hoycordobaweb.com\/index.php\/wp-json\/wp\/v2\/media\/53646"}],"wp:attachment":[{"href":"http:\/\/hoycordobaweb.com\/index.php\/wp-json\/wp\/v2\/media?parent=53645"}],"wp:term":[{"taxonomy":"category","embeddable":true,"href":"http:\/\/hoycordobaweb.com\/index.php\/wp-json\/wp\/v2\/categories?post=53645"},{"taxonomy":"post_tag","embeddable":true,"href":"http:\/\/hoycordobaweb.com\/index.php\/wp-json\/wp\/v2\/tags?post=53645"}],"curies":[{"name":"wp","href":"https:\/\/api.w.org\/{rel}","templated":true}]}}