{"id":53643,"date":"2023-01-04T11:27:00","date_gmt":"2023-01-04T11:27:00","guid":{"rendered":"http:\/\/hoycordobaweb.com\/index.php\/2023\/01\/04\/djokovic-podria-perderse-dos-torneos-en-estados-unidos-en-marzo-por-no-vacunarse\/"},"modified":"2023-01-04T11:27:00","modified_gmt":"2023-01-04T11:27:00","slug":"djokovic-podria-perderse-dos-torneos-en-estados-unidos-en-marzo-por-no-vacunarse","status":"publish","type":"post","link":"http:\/\/hoycordobaweb.com\/index.php\/2023\/01\/04\/djokovic-podria-perderse-dos-torneos-en-estados-unidos-en-marzo-por-no-vacunarse\/","title":{"rendered":"Djokovic podr\u00eda perderse dos torneos en Estados Unidos en marzo por no vacunarse"},"content":{"rendered":"<p><img src=\"http:\/\/hoycordobaweb.com\/wp-content\/uploads\/2023\/01\/djokovic-podria-perderse-dos-torneos-en-estados-unidos-en-marzo-por-no-vacunarse.jpg\"><\/p>\n<figure class=\"mb-3\"><img loading=\"lazy\" src=\"http:\/\/hoycordobaweb.com\/wp-content\/uploads\/2023\/01\/djokovic-podria-perderse-dos-torneos-en-estados-unidos-en-marzo-por-no-vacunarse-2.jpg\" width=\"100%\" height=\"100%\" alt=\"Djokovic perdera puntos importantes en su carrera por el nmero uno Foto AFP\"><figcaption> Djokovic perder\u00eda puntos importantes en su carrera por el n\u00famero uno. Foto AFP. <\/figcaption><\/figure>\n<p>El serbio Novak Djokovic, quinto en el escalaf\u00f3n mundial de la ATP, no jugar\u00eda en marzo pr\u00f3ximo tres torneos en los Estados Unidos debido a que ese pa\u00eds acaba de anunciar que prorroga la prohibici\u00f3n de entrada a los no vacunados hasta el pr\u00f3ximo 10 de abril.<\/p>\n<p>La noticia cambiar\u00eda los planes del exn\u00famero uno del mundo, quien <strong>en su momento decidi\u00f3 no vacunarse contra el Covid-19<\/strong>, consign\u00f3 Mundo Deportivo.<\/p>\n<p>Eso significa que Djokovic no podr\u00eda jugar, nuevamente, los Masters 1000 de Indian Wells y Miami, programados para el mes de marzo, y el serbio perder\u00eda la opci\u00f3n de sumar 2.000 valiosos puntos en su lucha con los espa\u00f1oles Carlos Alcaraz y Rafa Nadal por el trono del tenis mundial.<\/p>\n<p>En este inicio de 2023, todo parec\u00eda volver a la normalidad para Djokovic ya que, tras ser deportado hace un a\u00f1o de Australia por su negativa a vacunarse, <strong>esta vez ingres\u00f3 al pa\u00eds oce\u00e1nico sin problemas para disputar el torneo de Adelaida y el Open de Australia.<\/strong><\/p>\n","protected":false},"excerpt":{"rendered":"<p>Djokovic perder\u00eda puntos importantes en su carrera por el n\u00famero uno. Foto AFP. El serbio Novak Djokovic, quinto en el escalaf\u00f3n mundial de la ATP, no jugar\u00eda en marzo pr\u00f3ximo tres torneos en los Estados Unidos debido a que ese pa\u00eds acaba de anunciar que prorroga la prohibici\u00f3n de entrada a los no vacunados hasta [&hellip;]<\/p>\n","protected":false},"author":1,"featured_media":53644,"comment_status":"open","ping_status":"closed","sticky":false,"template":"","format":"standard","meta":[],"categories":[19],"tags":[],"_links":{"self":[{"href":"http:\/\/hoycordobaweb.com\/index.php\/wp-json\/wp\/v2\/posts\/53643"}],"collection":[{"href":"http:\/\/hoycordobaweb.com\/index.php\/wp-json\/wp\/v2\/posts"}],"about":[{"href":"http:\/\/hoycordobaweb.com\/index.php\/wp-json\/wp\/v2\/types\/post"}],"author":[{"embeddable":true,"href":"http:\/\/hoycordobaweb.com\/index.php\/wp-json\/wp\/v2\/users\/1"}],"replies":[{"embeddable":true,"href":"http:\/\/hoycordobaweb.com\/index.php\/wp-json\/wp\/v2\/comments?post=53643"}],"version-history":[{"count":0,"href":"http:\/\/hoycordobaweb.com\/index.php\/wp-json\/wp\/v2\/posts\/53643\/revisions"}],"wp:featuredmedia":[{"embeddable":true,"href":"http:\/\/hoycordobaweb.com\/index.php\/wp-json\/wp\/v2\/media\/53644"}],"wp:attachment":[{"href":"http:\/\/hoycordobaweb.com\/index.php\/wp-json\/wp\/v2\/media?parent=53643"}],"wp:term":[{"taxonomy":"category","embeddable":true,"href":"http:\/\/hoycordobaweb.com\/index.php\/wp-json\/wp\/v2\/categories?post=53643"},{"taxonomy":"post_tag","embeddable":true,"href":"http:\/\/hoycordobaweb.com\/index.php\/wp-json\/wp\/v2\/tags?post=53643"}],"curies":[{"name":"wp","href":"https:\/\/api.w.org\/{rel}","templated":true}]}}