{"id":53613,"date":"2023-01-03T21:41:30","date_gmt":"2023-01-03T21:41:30","guid":{"rendered":"https:\/\/ladecimaweb.com\/?p=15599"},"modified":"2023-01-03T21:41:30","modified_gmt":"2023-01-03T21:41:30","slug":"prision-preventiva-a-dos-sujetos-por-estafas-a-una-empresa-de-venta-de-electrodomesticos","status":"publish","type":"post","link":"http:\/\/hoycordobaweb.com\/index.php\/2023\/01\/03\/prision-preventiva-a-dos-sujetos-por-estafas-a-una-empresa-de-venta-de-electrodomesticos\/","title":{"rendered":"Prisi\u00f3n preventiva a dos sujetos por estafas a una empresa de venta de electrodom\u00e9sticos"},"content":{"rendered":"<div class=\"boldgrid-section\">\n<div class=\"container\">\n<div class=\"row\">\n<div class=\"col-md-12 col-xs-12 col-sm-12\">\n<p class=\"\"><span>La Fiscal\u00eda de Instrucci\u00f3n de 27\u00b0 nominaci\u00f3n perteneciente a la Unidad de Investigaci\u00f3n de Casos Complejos, a cargo de Valeria Rissi, orden\u00f3 la prisi\u00f3n preventiva de dos sujetos por considerarlos supuestos autores Encubrimiento y Estafa reiterada en el marco de la investigaci\u00f3n originada en denuncias presentadas por la firma Musimundo. <\/span><\/p>\n<p class=\"\"><span>Los hechos que se les atribuyen habr\u00edan sucedido en distintas sucursales de la empresa, a trav\u00e9s de la gesti\u00f3n de cuentas corrientes y compra de bienes, o retiro de dinero por parte de personas que invocaban falsas identidades. <\/span><\/p>\n<p class=\"\"><span>La investigaci\u00f3n logr\u00f3 determinar que uno de los acusados tambi\u00e9n recept\u00f3, al menos, un documento nacional de identidad que hab\u00eda sido robado a su verdadero titular. <\/span><\/p>\n<p class=\"\"><span>Resta que se practiquen medidas sobre m\u00e1s de 80 documentos que fueron secuestrados del domicilio de uno de los involucrados. <\/span><\/p>\n<p class=\"\"><span>Con relaci\u00f3n a las estafas, se encuentra acreditado que los involucrados simularon identidades de personas que tuvieran capacidad crediticia con la finalidad de comprar u obtener dinero en efectivo utilizando documentos nacionales de identidad ajenos.<\/span><\/p>\n<p class=\"\">\n<div class=\"ubm_banner\"><a href=\"https:\/\/www.cba.gov.ar\" target=\"_blank\" rel=\"dofollow noopener noreferrer\"><img src=\"http:\/\/hoycordobaweb.com\/wp-content\/uploads\/2023\/01\/prision-preventiva-a-dos-sujetos-por-estafas-a-una-empresa-de-venta-de-electrodomesticos.gif\" alt=\"\"><\/a><\/div>\n<\/div>\n<\/div>\n<\/div>\n<\/div>\n<p>La entrada <a rel=\"nofollow\" href=\"https:\/\/ladecimaweb.com\/prision-preventiva-a-dos-sujetos-por-estafas-a-una-empresa-de-venta-de-electrodomesticos\/\">Prisi\u00f3n preventiva a dos sujetos por estafas a una empresa de venta de electrodom\u00e9sticos<\/a> se public\u00f3 primero en <a rel=\"nofollow\" href=\"https:\/\/ladecimaweb.com\">LaDecima<\/a>.<\/p>\n","protected":false},"excerpt":{"rendered":"<p>La Fiscal\u00eda de Instrucci\u00f3n de 27\u00b0 nominaci\u00f3n perteneciente a la Unidad de Investigaci\u00f3n de Casos Complejos, a cargo de Valeria Rissi, orden\u00f3 la prisi\u00f3n preventiva de dos sujetos por considerarlos supuestos autores Encubrimiento y Estafa reiterada en el marco de la investigaci\u00f3n originada en denuncias presentadas por la firma Musimundo. Los hechos que se les [&hellip;]<\/p>\n","protected":false},"author":1,"featured_media":53614,"comment_status":"closed","ping_status":"closed","sticky":false,"template":"","format":"standard","meta":[],"categories":[19],"tags":[],"_links":{"self":[{"href":"http:\/\/hoycordobaweb.com\/index.php\/wp-json\/wp\/v2\/posts\/53613"}],"collection":[{"href":"http:\/\/hoycordobaweb.com\/index.php\/wp-json\/wp\/v2\/posts"}],"about":[{"href":"http:\/\/hoycordobaweb.com\/index.php\/wp-json\/wp\/v2\/types\/post"}],"author":[{"embeddable":true,"href":"http:\/\/hoycordobaweb.com\/index.php\/wp-json\/wp\/v2\/users\/1"}],"replies":[{"embeddable":true,"href":"http:\/\/hoycordobaweb.com\/index.php\/wp-json\/wp\/v2\/comments?post=53613"}],"version-history":[{"count":0,"href":"http:\/\/hoycordobaweb.com\/index.php\/wp-json\/wp\/v2\/posts\/53613\/revisions"}],"wp:featuredmedia":[{"embeddable":true,"href":"http:\/\/hoycordobaweb.com\/index.php\/wp-json\/wp\/v2\/media\/53614"}],"wp:attachment":[{"href":"http:\/\/hoycordobaweb.com\/index.php\/wp-json\/wp\/v2\/media?parent=53613"}],"wp:term":[{"taxonomy":"category","embeddable":true,"href":"http:\/\/hoycordobaweb.com\/index.php\/wp-json\/wp\/v2\/categories?post=53613"},{"taxonomy":"post_tag","embeddable":true,"href":"http:\/\/hoycordobaweb.com\/index.php\/wp-json\/wp\/v2\/tags?post=53613"}],"curies":[{"name":"wp","href":"https:\/\/api.w.org\/{rel}","templated":true}]}}