{"id":53576,"date":"2023-01-03T00:57:36","date_gmt":"2023-01-03T00:57:36","guid":{"rendered":"https:\/\/www.ole.com.ar\/futbol-internacional\/francia\/leo-messi-volvio-a-paris-psg-francia_0_qgBBkVI2V8.html"},"modified":"2023-01-03T00:57:36","modified_gmt":"2023-01-03T00:57:36","slug":"la-vuelta-de-messi-a-paris","status":"publish","type":"post","link":"http:\/\/hoycordobaweb.com\/index.php\/2023\/01\/03\/la-vuelta-de-messi-a-paris\/","title":{"rendered":"La vuelta de Messi a Par\u00eds"},"content":{"rendered":"<p><img src=\"http:\/\/hoycordobaweb.com\/wp-content\/uploads\/2023\/01\/la-vuelta-de-messi-a-paris.jpg\"><\/p>\n<div class=\"custom-text \" readability=\"35.88161209068\">\n<p>El silencio es salud. Ser\u00eda lo aconsejable para los que vivieron durante a\u00f1os regocij\u00e1ndose con las ca\u00eddas de <a href=\"https:\/\/www.ole.com.ar\/tema\/lionel-messi.html\" title=\"Lionel Messi\" alt=\"Lionel Messi\" class=\"slug\"><strong>Lionel Messi<\/strong><\/a>. Silencio. Reconocimiento. Y hasta admiraci\u00f3n. Porque a los 35 a\u00f1os, ese jugador que no solo marc\u00f3 una era dentro del f\u00fatbol sino que dej\u00f3 una huella indeleble para los millones de fan\u00e1ticos que adoran ver rodar la pelota, <strong>se reinvent\u00f3 con un Mundial inolvidable.<\/strong><\/p>\n<\/div>\n<div class=\"custom-text \" readability=\"38\">\n<p>Y entre los miles de debates posibles, la Pulga siempre tuvo un team que le cuestion\u00f3 hasta c\u00f3mo se ataba los cordones de los botines. Eso cambi\u00f3.<strong> Y ahora ser\u00e1 Par\u00eds, la ciudad emblema de Europa, la que recibir\u00e1 al rey de reyes. Un rey inobjetable. \u00danico.<\/strong> Porque dif\u00edcilmente los anti puedan plantarse a discutir sobre este fen\u00f3meno gal\u00e1ctico que ya es patrimonio del f\u00fatbol mundial.<\/p>\n<\/div>\n<div class=\"sc-996041c8-0 kvfKM\"><img alt=\"Leo, a punto de salir rumbo a Par\u00eds. (JUAN JOSE GARCIA)\" src=\"http:\/\/hoycordobaweb.com\/wp-content\/uploads\/2023\/01\/la-vuelta-de-messi-a-paris-2.jpg\" width=\"720\" height=\"0\" decoding=\"async\" data-nimg=\"future\" loading=\"lazy\"><span>Leo, a punto de salir rumbo a Par\u00eds. (JUAN JOSE GARCIA)<\/span><\/div>\n<div class=\"sc-489cef11-0 jHGTKj\" readability=\"7\">\n<section readability=\"4\"><picture><img class=\"img\" src=\"http:\/\/hoycordobaweb.com\/wp-content\/uploads\/2023\/01\/la-vuelta-de-messi-a-paris-3.jpg\" alt=\"El emir de Qatar, que le dio la copa a Messi, lleg\u00f3 a Argentina \u00a1en yate! \" height=\"290\" width=\"290\" loading=\"lazy\"><\/picture>\n<p><span>Mir\u00e1 tambi\u00e9n<\/span><\/p>\n<hr>\n<h3>El emir de Qatar, que le dio la copa a Messi, lleg\u00f3 a Argentina \u00a1en yate! <\/h3>\n<\/section>\n<\/div>\n<div class=\"custom-text \" readability=\"42.037691401649\">\n<p><strong>Leo se sumar\u00e1 a los entrenamientos en el <\/strong><a href=\"https:\/\/www.ole.com.ar\/tema\/paris-saint-germain.html\" title=\"Paris Saint Germain\" alt=\"Paris Saint Germain\" class=\"slug\"><strong>Paris Saint-Germain<\/strong><\/a><strong> con un nuevo objetivo en la mira: ganar la Champions. Y, como se vio en Qatar, si el rosarino est\u00e1 encendido, todo es posible en la vi\u00f1a del se\u00f1or. <\/strong>Pareciera que esa imagen de un Messi destrozado emocionalmente porque debi\u00f3 irse del Barcelona por la ventana (pasar\u00e1n los a\u00f1os, lustros y d\u00e9cadas y ser\u00e1 inentendible lo que sucedi\u00f3 con el mejor jugador que tuvo el Barsa y el que lo llen\u00f3 de t\u00edtulos y gloria, ellos sabr\u00e1n&#8230;) fue una pesadilla o algo que nunca ocurri\u00f3. Pero fue real. Tanto como esa dif\u00edcil adaptaci\u00f3n a un f\u00fatbol franc\u00e9s de mucha fricci\u00f3n, muy f\u00edsico y mas duro de lo aparente. Fueron tiempos de chaparrones, altibajos y cientos de cr\u00edticas. De pronto, Messi tuvo que vivir en carne propia la parte cruel del f\u00fatbol: silbidos de sus propios hinchas.<\/p>\n<\/div>\n<div class=\"sc-996041c8-0 kvfKM\"><img alt=\"En el PSG lo esperan con los brazos abiertos. (JUAN JOSE GARCIA)\" src=\"http:\/\/hoycordobaweb.com\/wp-content\/uploads\/2023\/01\/la-vuelta-de-messi-a-paris-4.jpg\" width=\"720\" height=\"0\" decoding=\"async\" data-nimg=\"future\" loading=\"lazy\"><span>En el PSG lo esperan con los brazos abiertos. (JUAN JOSE GARCIA)<\/span><\/div>\n<div class=\"sc-489cef11-0 jHGTKj\" readability=\"6.5\">\n<section readability=\"3\"><picture><img class=\"img\" src=\"http:\/\/hoycordobaweb.com\/wp-content\/uploads\/2023\/01\/la-vuelta-de-messi-a-paris-5.jpg\" alt=\"Sin PSG, \u00bfqu\u00e9 equipos siguen invictos en Europa?\" height=\"290\" width=\"290\" loading=\"lazy\"><\/picture>\n<p><span>Mir\u00e1 tambi\u00e9n<\/span><\/p>\n<hr>\n<h3>Sin PSG, \u00bfqu\u00e9 equipos siguen invictos en Europa?<\/h3>\n<\/section>\n<\/div>\n<div class=\"custom-text \" readability=\"42\">\n<p>Por eso este regreso a Par\u00eds ser\u00e1 una novedad. Y un desaf\u00edo. Leo siempre mostr\u00f3 profesionalismo y firmeza para surfear los tormentos. Si se banc\u00f3 que los mismos hinchas argentinos le buscaran cualquier tipo de manchita, si cantaba o no el himno, si puteaba o no a un rival, si hablaba en lunfardo o en castizo, \u00bfc\u00f3mo no iba a soportar los dardos franceses? Se la banc\u00f3. <strong>Hizo una pretemporada tremenda y, hasta que cort\u00f3 la Ligue 1 por el Mundial de Qatar, fue determinante en el PSG: recobr\u00f3 esa magia que se le ve\u00eda todos los fines de semana en el f\u00fatbol espa\u00f1ol, se hizo manija del PSG con goles y asistencias. Se fue a buscar la Copa del Mundo dejando al equipo invicto y l\u00edder del campeonato.<\/strong><\/p>\n<\/div>\n<div class=\"custom-text \" readability=\"39\">\n<p><strong>Y, luego de un descanso merecido, de las Fiestas en Rosario con su familia y amigos, con ese enchufe que busca a\u00f1o tras a\u00f1o para recargar energ\u00eda en su lugar de su pertenencia y recobrar sus costumbres<\/strong>, este martes estar\u00e1 bajo las \u00f3rdenes del t\u00e9cnico Christophe Galtier. Aunque ya no deber\u00e1 demostrar nada: esta vez le tocar\u00eda recibir&#8230;<\/p>\n<\/div>\n<div class=\"sc-996041c8-0 kvfKM\"><img alt=\"No se ver\u00e1 con Kylian durante unos d\u00edas. (EFE\/ Alberto Estevez)\" src=\"http:\/\/hoycordobaweb.com\/wp-content\/uploads\/2023\/01\/la-vuelta-de-messi-a-paris-6.jpg\" width=\"720\" height=\"0\" decoding=\"async\" data-nimg=\"future\" loading=\"lazy\"><span>No se ver\u00e1 con Kylian durante unos d\u00edas. (EFE\/ Alberto Estevez)<\/span><\/div>\n<div class=\"sc-489cef11-0 jHGTKj\" readability=\"6\">\n<section readability=\"2\"><picture><img class=\"img\" src=\"http:\/\/hoycordobaweb.com\/wp-content\/uploads\/2023\/01\/la-vuelta-de-messi-a-paris-7.jpg\" alt=\"As\u00ed fue la llegada de Cristiano a Arabia Saudita\" height=\"290\" width=\"290\" loading=\"lazy\"><\/picture>\n<p><span>Mir\u00e1 tambi\u00e9n<\/span><\/p>\n<hr>\n<h3>As\u00ed fue la llegada de Cristiano a Arabia Saudita<\/h3>\n<\/section>\n<\/div>\n<div class=\"custom-text \" readability=\"42\">\n<p><strong>Por lo pronto, no se cruzar\u00e1 con Mbapp\u00e9. <\/strong>No hubo mucha qu\u00edmica en la final, pero tampoco antes. S\u00ed mantuvieron una relaci\u00f3n de respeto. Sin embargo, ser\u00e1 todo un tema para el entrenador administrar los egos. Messi lleg\u00f3 al PSG y trat\u00f3 de hacerse invisible, no reclam\u00f3 nada, se enoj\u00f3 cuando lo sacaron como se enoja siempre y acept\u00f3 cada decisi\u00f3n del club en silencio. <strong>Ahora aterriza con la capa y la corona de Rey del Mundo tras demostrar que Francia y Kylian eran terrenales y que, pese a lo que dice su DNI, un maduro con calidad puede derrotar a la trepidante estrellita del f\u00f3bal.<\/strong><\/p>\n<\/div>\n<div class=\"custom-text \" readability=\"39\">\n<p>Por supuesto que nadie sabe el term\u00f3metro de la tribuna, qu\u00e9 dolor o bronca guardar\u00e1n los franceses y si reconocer\u00e1n como corresponde que Messi fue el mejor en Qatar, a nivel individual y tambi\u00e9n colectivo. <strong>\u201cEstaremos muy contentos de darle la bienvenida. Respecto del recibimiento en el estadio, no tengo dudas de que ser\u00e1 bueno por parte de nuestros hinchas\u201d<\/strong>, dijo Galtier.<\/p>\n<\/div>\n<div class=\"sc-996041c8-0 kvfKM\"><img alt=\"Viene de alcanzar la gloria en Qatar. (Fernando de la Orden)\" src=\"http:\/\/hoycordobaweb.com\/wp-content\/uploads\/2023\/01\/la-vuelta-de-messi-a-paris-8.jpg\" width=\"720\" height=\"0\" decoding=\"async\" data-nimg=\"future\" loading=\"lazy\"><span>Viene de alcanzar la gloria en Qatar. (Fernando de la Orden)<\/span><\/div>\n<div class=\"sc-489cef11-0 jHGTKj\" readability=\"6\">\n<section readability=\"2\"><picture><img class=\"img\" src=\"http:\/\/hoycordobaweb.com\/wp-content\/uploads\/2023\/01\/la-vuelta-de-messi-a-paris-9.jpg\" alt=\"Antonela sali\u00f3 a bancar a Shakira en un posteo que parece ser para Piqu\u00e9\" height=\"290\" width=\"290\" loading=\"lazy\"><\/picture>\n<p><span>Mir\u00e1 tambi\u00e9n<\/span><\/p>\n<hr>\n<h3>Antonela sali\u00f3 a bancar a Shakira en un posteo que parece ser para Piqu\u00e9<\/h3>\n<\/section>\n<\/div>\n<div class=\"custom-text \" readability=\"43\">\n<p><strong>La Pulga lleg\u00f3 a Qatar con una lista de r\u00e9cords posibles y los rompi\u00f3 a todos.<\/strong> Se plant\u00f3 ante la primera derrota con una frase para estampar en remeras: \u201cQue la gente conf\u00ede, este grupo no los va a dejar tirados\u201d. Y, claro, en cada partido dej\u00f3 un gol, una asistencia, una gambeta y hasta una irreverencia inesperada como el \u201c\u00bfQu\u00e9 mir\u00e1s, bobo? And\u00e1 pa\u2019 all\u00e1\u201d. Ese, el que moviliz\u00f3 a millones, llega a Par\u00eds.<\/p>\n<\/div>\n<div class=\"custom-text \" readability=\"37\">\n<p>Antes de irse de Rosario, sus vecinos del Barrio Kentucky le regalaron un cuaderno con mensajes de agradecimiento. Una Copa Am\u00e9rica ganada en el Maracan\u00e1 y la esperada Copa del Mundo le dan un blindaje que no necesitaba, porque siempre fue el rey. Par\u00eds lo recibe. Campe\u00f3n. Feliz.Y no es para menos: es su vuelta ol\u00edmpica.<\/p>\n<\/div>\n<div class=\"sc-489cef11-0 jHGTKj\" readability=\"6\">\n<section readability=\"2\"><picture><img class=\"img\" src=\"http:\/\/hoycordobaweb.com\/wp-content\/uploads\/2023\/01\/la-vuelta-de-messi-a-paris-10.jpg\" alt=\"El regalo especial que recibi\u00f3 Messi antes de viajar a Par\u00eds \" height=\"290\" width=\"290\" loading=\"lazy\"><\/picture>\n<p><span>Mir\u00e1 tambi\u00e9n<\/span><\/p>\n<hr>\n<h3>El regalo especial que recibi\u00f3 Messi antes de viajar a Par\u00eds <\/h3>\n<\/section>\n<\/div>\n<div class=\"sc-489cef11-0 jHGTKj\" readability=\"6\">\n<section readability=\"2\"><picture><img class=\"img\" src=\"http:\/\/hoycordobaweb.com\/wp-content\/uploads\/2023\/01\/la-vuelta-de-messi-a-paris-11.jpg\" alt=\"La reacci\u00f3n de Messi al recibimiento que le hizo el Brighton a Mac Allister \" height=\"290\" width=\"290\" loading=\"lazy\"><\/picture>\n<p><span>Mir\u00e1 tambi\u00e9n<\/span><\/p>\n<hr>\n<h3>La reacci\u00f3n de Messi al recibimiento que le hizo el Brighton a Mac Allister <\/h3>\n<\/section>\n<\/div>\n","protected":false},"excerpt":{"rendered":"<p>El silencio es salud. Ser\u00eda lo aconsejable para los que vivieron durante a\u00f1os regocij\u00e1ndose con las ca\u00eddas de Lionel Messi. Silencio. Reconocimiento. Y hasta admiraci\u00f3n. Porque a los 35 a\u00f1os, ese jugador que no solo marc\u00f3 una era dentro del f\u00fatbol sino que dej\u00f3 una huella indeleble para los millones de fan\u00e1ticos que adoran ver [&hellip;]<\/p>\n","protected":false},"author":1,"featured_media":53577,"comment_status":"open","ping_status":"closed","sticky":false,"template":"","format":"standard","meta":[],"categories":[16],"tags":[],"_links":{"self":[{"href":"http:\/\/hoycordobaweb.com\/index.php\/wp-json\/wp\/v2\/posts\/53576"}],"collection":[{"href":"http:\/\/hoycordobaweb.com\/index.php\/wp-json\/wp\/v2\/posts"}],"about":[{"href":"http:\/\/hoycordobaweb.com\/index.php\/wp-json\/wp\/v2\/types\/post"}],"author":[{"embeddable":true,"href":"http:\/\/hoycordobaweb.com\/index.php\/wp-json\/wp\/v2\/users\/1"}],"replies":[{"embeddable":true,"href":"http:\/\/hoycordobaweb.com\/index.php\/wp-json\/wp\/v2\/comments?post=53576"}],"version-history":[{"count":0,"href":"http:\/\/hoycordobaweb.com\/index.php\/wp-json\/wp\/v2\/posts\/53576\/revisions"}],"wp:featuredmedia":[{"embeddable":true,"href":"http:\/\/hoycordobaweb.com\/index.php\/wp-json\/wp\/v2\/media\/53577"}],"wp:attachment":[{"href":"http:\/\/hoycordobaweb.com\/index.php\/wp-json\/wp\/v2\/media?parent=53576"}],"wp:term":[{"taxonomy":"category","embeddable":true,"href":"http:\/\/hoycordobaweb.com\/index.php\/wp-json\/wp\/v2\/categories?post=53576"},{"taxonomy":"post_tag","embeddable":true,"href":"http:\/\/hoycordobaweb.com\/index.php\/wp-json\/wp\/v2\/tags?post=53576"}],"curies":[{"name":"wp","href":"https:\/\/api.w.org\/{rel}","templated":true}]}}