{"id":53507,"date":"2023-01-02T05:57:23","date_gmt":"2023-01-02T05:57:23","guid":{"rendered":"http:\/\/hoycordobaweb.com\/index.php\/2023\/01\/02\/fifa-anuncia-un-ano-2023-repleto-de-accion-prensa-latina\/"},"modified":"2023-01-02T05:57:23","modified_gmt":"2023-01-02T05:57:23","slug":"fifa-anuncia-un-ano-2023-repleto-de-accion-prensa-latina","status":"publish","type":"post","link":"http:\/\/hoycordobaweb.com\/index.php\/2023\/01\/02\/fifa-anuncia-un-ano-2023-repleto-de-accion-prensa-latina\/","title":{"rendered":"FIFA anuncia un a\u00f1o 2023 repleto de acci\u00f3n &#8211; Prensa Latina"},"content":{"rendered":"<p>&#8230; 1 ene (Prensa Latina) La Federaci\u00f3n Internacional de <b>F\u00fatbol<\/b> (FIFA) &#8230; recordar la magn\u00edfica coronaci\u00f3n de <b>Argentina<\/b> en el Mundial de Qatar,&nbsp;&#8230; <\/p>\n","protected":false},"excerpt":{"rendered":"<p>&#8230; 1 ene (Prensa Latina) La Federaci\u00f3n Internacional de F\u00fatbol (FIFA) &#8230; recordar la magn\u00edfica coronaci\u00f3n de Argentina en el Mundial de Qatar,&nbsp;&#8230;<\/p>\n","protected":false},"author":1,"featured_media":0,"comment_status":"closed","ping_status":"closed","sticky":false,"template":"","format":"standard","meta":[],"categories":[22],"tags":[],"_links":{"self":[{"href":"http:\/\/hoycordobaweb.com\/index.php\/wp-json\/wp\/v2\/posts\/53507"}],"collection":[{"href":"http:\/\/hoycordobaweb.com\/index.php\/wp-json\/wp\/v2\/posts"}],"about":[{"href":"http:\/\/hoycordobaweb.com\/index.php\/wp-json\/wp\/v2\/types\/post"}],"author":[{"embeddable":true,"href":"http:\/\/hoycordobaweb.com\/index.php\/wp-json\/wp\/v2\/users\/1"}],"replies":[{"embeddable":true,"href":"http:\/\/hoycordobaweb.com\/index.php\/wp-json\/wp\/v2\/comments?post=53507"}],"version-history":[{"count":0,"href":"http:\/\/hoycordobaweb.com\/index.php\/wp-json\/wp\/v2\/posts\/53507\/revisions"}],"wp:attachment":[{"href":"http:\/\/hoycordobaweb.com\/index.php\/wp-json\/wp\/v2\/media?parent=53507"}],"wp:term":[{"taxonomy":"category","embeddable":true,"href":"http:\/\/hoycordobaweb.com\/index.php\/wp-json\/wp\/v2\/categories?post=53507"},{"taxonomy":"post_tag","embeddable":true,"href":"http:\/\/hoycordobaweb.com\/index.php\/wp-json\/wp\/v2\/tags?post=53507"}],"curies":[{"name":"wp","href":"https:\/\/api.w.org\/{rel}","templated":true}]}}