{"id":53482,"date":"2022-12-31T20:40:24","date_gmt":"2022-12-31T20:40:24","guid":{"rendered":"https:\/\/www.ole.com.ar\/ecuador\/internacional\/vinicius-jr-denuncia-racismo-valladolid-laliga-responde_0_DKlwLY5EqD.html"},"modified":"2022-12-31T20:40:24","modified_gmt":"2022-12-31T20:40:24","slug":"vinicius-vs-la-liga-denuncio-racismo-y-le-respondieron","status":"publish","type":"post","link":"http:\/\/hoycordobaweb.com\/index.php\/2022\/12\/31\/vinicius-vs-la-liga-denuncio-racismo-y-le-respondieron\/","title":{"rendered":"Vinicius vs. La Liga: denunci\u00f3 racismo y le respondieron"},"content":{"rendered":"<p><img src=\"http:\/\/hoycordobaweb.com\/wp-content\/uploads\/2023\/01\/vinicius-vs-la-liga-denuncio-racismo-y-le-respondieron.jpg\"><\/p>\n<div class=\"custom-text \" readability=\"35.141342756184\">\n<p>Con la vuelta del f\u00fatbol en Espa\u00f1a, volvieron todos los condimentos: los buenos y los malos. Porque as\u00ed como el <a href=\"https:\/\/www.ole.com.ar\/tema\/real-madrid.html\" title=\"Real Madrid\" alt=\"Real Madrid\" class=\"slug\">Real Madrid<\/a> se reencontr\u00f3 con el triunfo (<a href=\"https:\/\/www.ole.com.ar\/ecuador\/internacional\/gonzalo-plata-real-valladolid-titular-ante-real-madrid_0_TgT3oExLyN.html\" target=\"_blank\" rel=\"noopener noreferrer\"><strong>2-0 al Valladolid<\/strong><\/a>), uno de sus futbolistas estrella, <strong>Vinicius Jr<\/strong>., <strong>denunci\u00f3 actos racistas<\/strong> contra su persona. S\u00ed, otra vez.<\/p>\n<\/div>\n<div class=\"sc-489cef11-0 jHGTKj\" readability=\"6\">\n<section readability=\"2\"><picture><img class=\"img\" src=\"http:\/\/hoycordobaweb.com\/wp-content\/uploads\/2023\/01\/vinicius-vs-la-liga-denuncio-racismo-y-le-respondieron-2.jpg\" alt=\"Investigan a Dani Alves por presunta agresi\u00f3n sexual\" height=\"290\" width=\"290\" loading=\"lazy\"><\/picture>\n<p><span>Mir\u00e1 tambi\u00e9n<\/span><\/p>\n<hr>\n<h3>Investigan a Dani Alves por presunta agresi\u00f3n sexual<\/h3>\n<\/p>\n<\/section>\n<\/div>\n<div class=\"sc-489cef11-0 jHGTKj\" readability=\"6\">\n<section readability=\"2\"><picture><img class=\"img\" src=\"http:\/\/hoycordobaweb.com\/wp-content\/uploads\/2023\/01\/vinicius-vs-la-liga-denuncio-racismo-y-le-respondieron-3.jpg\" alt=\"Arsenal arrollador: goleada al Brighton y l\u00edder c\u00f3modo\" height=\"290\" width=\"290\" loading=\"lazy\"><\/picture>\n<p><span>Mir\u00e1 tambi\u00e9n<\/span><\/p>\n<hr>\n<h3>Arsenal arrollador: goleada al Brighton y l\u00edder c\u00f3modo<\/h3>\n<\/p>\n<\/section>\n<\/div>\n<div class=\"sc-489cef11-0 jHGTKj\" readability=\"6\">\n<section readability=\"2\"><picture><img class=\"img\" src=\"http:\/\/hoycordobaweb.com\/wp-content\/uploads\/2023\/01\/vinicius-vs-la-liga-denuncio-racismo-y-le-respondieron-4.jpg\" alt=\"Oficial: Luis Su\u00e1rez fue presentado en Gremio\" height=\"290\" width=\"290\" loading=\"lazy\"><\/picture>\n<p><span>Mir\u00e1 tambi\u00e9n<\/span><\/p>\n<hr>\n<h3>Oficial: Luis Su\u00e1rez fue presentado en Gremio<\/h3>\n<\/p>\n<\/section>\n<\/div>\n<div class=\"custom-text \" readability=\"39\">\n<p><strong>El brasile\u00f1o volvi\u00f3 a sufrir esta agresi\u00f3n verbal, <\/strong>seg\u00fan \u00e9l mismo afirm\u00f3, cuando se marchaba del campo Jos\u00e9 Zorrilla -el \u00e1rbitro lo hizo salir por el sector opuesto a los bancos- tras ser sustituido por Carlos Ancelotti. <strong>\u201cLos racistas siguen yendo a los estadios y viendo al mejor club del mundo de cerca y LaLiga sigue sin hacer nada&#8230;\u201d, dispar\u00f3 en redes sociales. <\/strong>Y ampli\u00f3: \u201cSeguir\u00e9 con la cabeza alta y celebrando mis victorias y las del Real Madrid. Al final, la culpa es m\u00eda\u201d.<\/p>\n<\/div>\n<div class=\"sc-996041c8-0 kvfKM\"><img alt=\"Vinicius celebra uno de los goles de Benzema contra el Valladolid (AFP).\" src=\"http:\/\/hoycordobaweb.com\/wp-content\/uploads\/2023\/01\/vinicius-vs-la-liga-denuncio-racismo-y-le-respondieron-5.jpg\" width=\"720\" height=\"0\" decoding=\"async\" data-nimg=\"future\" loading=\"lazy\"><span>Vinicius celebra uno de los goles de Benzema contra el Valladolid (AFP).<\/span><\/div>\n<div class=\"sc-489cef11-0 jHGTKj\" readability=\"6\">\n<section readability=\"2\"><picture><img class=\"img\" src=\"http:\/\/hoycordobaweb.com\/wp-content\/uploads\/2023\/01\/vinicius-vs-la-liga-denuncio-racismo-y-le-respondieron-6.jpg\" alt=\"As\u00ed gana el Madrid: atajad\u00f3n de Courtois y doblete de Benzema\" height=\"290\" width=\"290\" loading=\"lazy\"><\/picture>\n<p><span>Mir\u00e1 tambi\u00e9n<\/span><\/p>\n<hr>\n<h3>As\u00ed gana el Madrid: atajad\u00f3n de Courtois y doblete de Benzema<\/h3>\n<\/p>\n<\/section>\n<\/div>\n<div class=\"custom-text \" readability=\"32.730769230769\">\n<p>Estas quejas de Vinicius no son nuevas. <strong>El jugador del Real Madrid <\/strong><a href=\"https:\/\/www.ole.com.ar\/fuera-de-juego\/vinicius-jr-descargo-redes-racismo_0_qoElXvVQ0S.html\"><strong>abander\u00f3 una cruzada contra el racismo <\/strong><\/a><strong>en los campos de f\u00fatbol despu\u00e9s de que fuera v\u00edctima de ellos en la primera parte del campeonato. <\/strong>Los principales futbolistas brasile\u00f1os le apoyaron, con mensajes en favor suyo y en su manera de celebrar los goles bailando. Ese clima de reivindicaci\u00f3n sigui\u00f3 durante el <a href=\"https:\/\/www.ole.com.ar\/tema\/mundial-qatar-2022.html\" target=\"_blank\" title=\"Mundial Qatar 2022\" alt=\"Mundial Qatar 2022\" class=\"slug\" rel=\"noopener noreferrer\">Mundial Qatar 2022<\/a>, donde los jugadores brasile\u00f1os celebraron de manera muy efusiva y coreogr\u00e1fica sus goles.<\/p>\n<\/div>\n<p><h2><strong>El video de la denuncia<\/strong><\/h2>\n<\/p>\n<div class=\"sc-88287e78-0 hmcJvF\">\n<div class=\"sc-88287e78-1 idaaCN videoText\" id=\"contentTitleundefineduEbpGwCK\"><svg fill=\"#ffffff\"><symbol id=\"play\" viewBox=\"0 0 512 512\"><path d=\"M512 256C512 397.4 397.4 512 256 512C114.6 512 0 397.4 0 256C0 114.6 114.6 0 256 0C397.4 0 512 114.6 512 256zM176 168V344C176 352.7 180.7 360.7 188.3 364.9C195.8 369.2 205.1 369 212.5 364.5L356.5 276.5C363.6 272.1 368 264.4 368 256C368 247.6 363.6 239.9 356.5 235.5L212.5 147.5C205.1 142.1 195.8 142.8 188.3 147.1C180.7 151.3 176 159.3 176 168V168z\" \/><\/symbol><use xlink:href=\"#play\" \/><\/svg><\/p>\n<div class=\"right\">\n<p>Vinicius<!-- --> &#8211; <span>31-12-2022<\/span><\/p>\n<h2 class=\"title-vid\">Vinicius Jr. denunci\u00f3 racismo en La Liga<\/h2>\n<\/div>\n<\/div>\n<p><span class=\"back\" id=\"spanBackundefineduEbpGwCK\"><\/span><\/div>\n<div class=\"sc-489cef11-0 jHGTKj\" readability=\"6\">\n<section readability=\"2\"><picture><img class=\"img\" src=\"http:\/\/hoycordobaweb.com\/wp-content\/uploads\/2023\/01\/vinicius-vs-la-liga-denuncio-racismo-y-le-respondieron-7.jpg\" alt=\"Haaland intratable: cerr\u00f3 el a\u00f1o con m\u00e1s goles que partidos\" height=\"290\" width=\"290\" loading=\"lazy\"><\/picture>\n<p><span>Mir\u00e1 tambi\u00e9n<\/span><\/p>\n<hr>\n<h3>Haaland intratable: cerr\u00f3 el a\u00f1o con m\u00e1s goles que partidos<\/h3>\n<\/p>\n<\/section>\n<\/div>\n<div class=\"custom-text \" readability=\"39.655172413793\">\n<p><strong>\u00abBaila, Vini\u00bb, escribi\u00f3 en su momento Neymar.<\/strong> Incluso, el punta del Merengue subi\u00f3 una imagen en la que se lo ve festejando con baile en la selecci\u00f3n con el propio Ney y <strong>Paquet\u00e1 y escribi\u00f3: \u00abSiempre\u00bb. <\/strong>El m\u00edtico <a href=\"https:\/\/www.ole.com.ar\/tema\/pele.html\" title=\"Pel\u00e9\" alt=\"Pel\u00e9\" class=\"slug\">Pel\u00e9<\/a> fue otro que se hab\u00eda sumado con un mensaje de apoyo para Vini.<strong> \u00abEl f\u00fatbol es alegr\u00eda. Un baile. Una verdadera fiesta. A pesar de que el racismo todav\u00eda existe, no permitiremos que eso nos impida continuar sonriendo. <\/strong>Continuaremos combatiendo el racismo de esta forma: luchando por nuestro derecho de ser felices\u00bb, escribi\u00f3 O Rei en sus redes sociales.<\/p>\n<\/div>\n<div class=\"sc-489cef11-0 jHGTKj\" readability=\"6\">\n<section readability=\"2\"><picture><img class=\"img\" src=\"http:\/\/hoycordobaweb.com\/wp-content\/uploads\/2023\/01\/vinicius-vs-la-liga-denuncio-racismo-y-le-respondieron-8.jpg\" alt=\"Cuando Ronaldo critic\u00f3 a Xavi por jugar en una liga menor\" height=\"290\" width=\"290\" loading=\"lazy\"><\/picture>\n<p><span>Mir\u00e1 tambi\u00e9n<\/span><\/p>\n<hr>\n<h3>Cuando Ronaldo critic\u00f3 a Xavi por jugar en una liga menor<\/h3>\n<\/p>\n<\/section>\n<\/div>\n<p><h2><strong>La respuesta de La Liga<\/strong><\/h2>\n<\/p>\n<div class=\"custom-text \" readability=\"47\">\n<p>En su posteo, el delantero a<strong>punt\u00f3 contra la organizaci\u00f3n del torneo, que sali\u00f3 a responderle con un comunucado<\/strong>: \u201cLaLiga, ante los comentarios del jugador del Real Madrid \u2018Vinicius Jr\u2019, declara que <strong>ning\u00fan discurso de odio tiene cabida en LaLiga. Se est\u00e1 investigando el partido de anoche y se trabajar\u00e1 con clubes, RFEF y autoridades competentes para identificar y perseguir a cualquier culpable. <\/strong>Son m\u00faltiples las acciones de los \u00faltimos a\u00f1os, proyectos de formaci\u00f3n y prevenci\u00f3n y denuncias interpuestas; ante la justicia y Comisi\u00f3n Estatal contra la Violencia, el Racismo, la Xenofobia y la Intolerancia en el Deporte, entre otras. LaLiga de la mano de los clubes, lleva a\u00f1os luchando y liderando la batalla contra la violencia, el racismo, la xenofobia y la intolerancia en el deporte\u201d.<\/p>\n<\/div>\n<div class=\"sc-489cef11-0 jHGTKj\" readability=\"6\">\n<section readability=\"2\"><picture><img class=\"img\" src=\"http:\/\/hoycordobaweb.com\/wp-content\/uploads\/2023\/01\/vinicius-vs-la-liga-denuncio-racismo-y-le-respondieron-9.jpg\" alt=\"Video: el sentido y especial homenaje de Antony a Pel\u00e9\" height=\"290\" width=\"290\" loading=\"lazy\"><\/picture>\n<p><span>Mir\u00e1 tambi\u00e9n<\/span><\/p>\n<hr>\n<h3>Video: el sentido y especial homenaje de Antony a Pel\u00e9<\/h3>\n<\/p>\n<\/section>\n<\/div>\n<div class=\"sc-489cef11-0 jHGTKj\" readability=\"6\">\n<section readability=\"2\"><picture><img class=\"img\" src=\"http:\/\/hoycordobaweb.com\/wp-content\/uploads\/2023\/01\/vinicius-vs-la-liga-denuncio-racismo-y-le-respondieron-10.jpg\" alt=\"Del gesto solidario al cl\u00e1sico picante de Barcelona\" height=\"290\" width=\"290\" loading=\"lazy\"><\/picture>\n<p><span>Mir\u00e1 tambi\u00e9n<\/span><\/p>\n<hr>\n<h3>Del gesto solidario al cl\u00e1sico picante de Barcelona<\/h3>\n<\/p>\n<\/section>\n<\/div>\n<div class=\"custom-text \" readability=\"38.688524590164\">\n<p>Pero adem\u00e1s de la nota oficial, el presidente de LaLiga, el presidente <a href=\"https:\/\/www.ole.com.ar\/tema\/javier-tebas.html\" title=\"Javier Tebas\" alt=\"Javier Tebas\" class=\"slug\"><strong>Javier Tebas<\/strong><\/a>, respondi\u00f3 a las palabras del delantero del Real Madrid a trav\u00e9s de su cuenta de Twitter.<strong> A Tebas no le ha gustado nada que Vinicius se\u00f1alara a LaLiga, a su juicio, por su falta de acci\u00f3n;<\/strong> y le insta a informarse para seguir trabajando todos juntos contra la lacra del racismo.<\/p>\n<\/div>\n<div class=\"custom-embedhtml\" readability=\"6.9794721407625\">\n<blockquote class=\"twitter-tweet\" readability=\"8.2111436950147\">\n<p lang=\"es\" dir=\"ltr\">En <a href=\"https:\/\/twitter.com\/LaLiga?ref_src=twsrc%5Etfw\">@laliga<\/a> llevamos a\u00f1os luchando contra el RACISMO. <a href=\"https:\/\/twitter.com\/vinijr?ref_src=twsrc%5Etfw\">@vinijr<\/a> es muy desafortunado,injusto y no es cierto publicar que \u00ab<a href=\"https:\/\/twitter.com\/LaLiga?ref_src=twsrc%5Etfw\">@laliga<\/a> no hace nada contra el racismo, inf\u00f3rmate mejor.Estamos a tu disposici\u00f3n para que TODOS JUNTOS, vayamos en la misma direcci\u00f3n.\ud83d\udc47<a href=\"https:\/\/t.co\/60US2Gyk1h\">https:\/\/t.co\/60US2Gyk1h<\/a><\/p>\n<p>\u2014 Javier Tebas Medrano (@Tebasjavier) <a href=\"https:\/\/twitter.com\/Tebasjavier\/status\/1609221990287806464?ref_src=twsrc%5Etfw\">December 31, 2022<\/a><\/p><\/blockquote><\/div>\n<div class=\"custom-text \" readability=\"38\">\n<p>El mensaje de Tebas: \u00abEn La Liga llevamos a\u00f1os luchando contra el RACISMO<strong>. Vinicius jr. es muy desafortunado,injusto y no es cierto publicar que \u201cLaLiga no hace nada contra el racismo\u201d, inf\u00f3rmate mejor. Estamos a tu disposici\u00f3n para que TODOS JUNTOS, vayamos en la misma direcci\u00f3n\u201d. <\/strong>Continuar\u00e1&#8230;<\/p>\n<\/div>\n<div class=\"sc-489cef11-0 jHGTKj\" readability=\"6\">\n<section readability=\"2\"><picture><img class=\"img\" src=\"http:\/\/hoycordobaweb.com\/wp-content\/uploads\/2023\/01\/vinicius-vs-la-liga-denuncio-racismo-y-le-respondieron-11.jpg\" alt=\"Overmars delicado: sufri\u00f3 un derrame cerebral\" height=\"290\" width=\"290\" loading=\"lazy\"><\/picture>\n<p><span>Mir\u00e1 tambi\u00e9n<\/span><\/p>\n<hr>\n<h3>Overmars delicado: sufri\u00f3 un derrame cerebral<\/h3>\n<\/p>\n<\/section>\n<\/div>\n<div class=\"sc-489cef11-0 jHGTKj\" readability=\"6\">\n<section readability=\"2\"><picture><img class=\"img\" src=\"http:\/\/hoycordobaweb.com\/wp-content\/uploads\/2023\/01\/vinicius-vs-la-liga-denuncio-racismo-y-le-respondieron-12.jpg\" alt=\"Francia: \u00bfDeschamps se va luego de perder la final del mundo?\" height=\"290\" width=\"290\" loading=\"lazy\"><\/picture>\n<p><span>Mir\u00e1 tambi\u00e9n<\/span><\/p>\n<hr>\n<h3>Francia: \u00bfDeschamps se va luego de perder la final del mundo?<\/h3>\n<\/p>\n<\/section>\n<\/div>\n<div class=\"sc-489cef11-0 jHGTKj\" readability=\"6\">\n<section readability=\"2\"><picture><img class=\"img\" src=\"http:\/\/hoycordobaweb.com\/wp-content\/uploads\/2023\/01\/vinicius-vs-la-liga-denuncio-racismo-y-le-respondieron-13.jpg\" alt=\"Ins\u00f3lito: un defensor se hizo dos goles en contra \u00a1en siete minutos!\" height=\"290\" width=\"290\" loading=\"lazy\"><\/picture>\n<p><span>Mir\u00e1 tambi\u00e9n<\/span><\/p>\n<hr>\n<h3>Ins\u00f3lito: un defensor se hizo dos goles en contra \u00a1en siete minutos!<\/h3>\n<\/p>\n<\/section>\n<\/div>\n","protected":false},"excerpt":{"rendered":"<p>Con la vuelta del f\u00fatbol en Espa\u00f1a, volvieron todos los condimentos: los buenos y los malos. Porque as\u00ed como el Real Madrid se reencontr\u00f3 con el triunfo (2-0 al Valladolid), uno de sus futbolistas estrella, Vinicius Jr., denunci\u00f3 actos racistas contra su persona. S\u00ed, otra vez. Mir\u00e1 tambi\u00e9n Investigan a Dani Alves por presunta agresi\u00f3n [&hellip;]<\/p>\n","protected":false},"author":1,"featured_media":53483,"comment_status":"open","ping_status":"closed","sticky":false,"template":"","format":"standard","meta":[],"categories":[16],"tags":[],"_links":{"self":[{"href":"http:\/\/hoycordobaweb.com\/index.php\/wp-json\/wp\/v2\/posts\/53482"}],"collection":[{"href":"http:\/\/hoycordobaweb.com\/index.php\/wp-json\/wp\/v2\/posts"}],"about":[{"href":"http:\/\/hoycordobaweb.com\/index.php\/wp-json\/wp\/v2\/types\/post"}],"author":[{"embeddable":true,"href":"http:\/\/hoycordobaweb.com\/index.php\/wp-json\/wp\/v2\/users\/1"}],"replies":[{"embeddable":true,"href":"http:\/\/hoycordobaweb.com\/index.php\/wp-json\/wp\/v2\/comments?post=53482"}],"version-history":[{"count":0,"href":"http:\/\/hoycordobaweb.com\/index.php\/wp-json\/wp\/v2\/posts\/53482\/revisions"}],"wp:featuredmedia":[{"embeddable":true,"href":"http:\/\/hoycordobaweb.com\/index.php\/wp-json\/wp\/v2\/media\/53483"}],"wp:attachment":[{"href":"http:\/\/hoycordobaweb.com\/index.php\/wp-json\/wp\/v2\/media?parent=53482"}],"wp:term":[{"taxonomy":"category","embeddable":true,"href":"http:\/\/hoycordobaweb.com\/index.php\/wp-json\/wp\/v2\/categories?post=53482"},{"taxonomy":"post_tag","embeddable":true,"href":"http:\/\/hoycordobaweb.com\/index.php\/wp-json\/wp\/v2\/tags?post=53482"}],"curies":[{"name":"wp","href":"https:\/\/api.w.org\/{rel}","templated":true}]}}