{"id":53480,"date":"2022-12-31T20:53:42","date_gmt":"2022-12-31T20:53:42","guid":{"rendered":"https:\/\/www.ole.com.ar\/seleccion\/scaloneta-regreso-europa_0_7nxy0qYMjI.html"},"modified":"2022-12-31T20:53:42","modified_gmt":"2022-12-31T20:53:42","slug":"el-1x1-de-la-scaloneta-los-que-ya-volvieron-y-la-agenda-de-los-regresos","status":"publish","type":"post","link":"http:\/\/hoycordobaweb.com\/index.php\/2022\/12\/31\/el-1x1-de-la-scaloneta-los-que-ya-volvieron-y-la-agenda-de-los-regresos\/","title":{"rendered":"El 1&#215;1 de la Scaloneta: los que ya volvieron y la agenda de los regresos"},"content":{"rendered":"<p><img src=\"http:\/\/hoycordobaweb.com\/wp-content\/uploads\/2023\/01\/el-1x1-de-la-scaloneta-los-que-ya-volvieron-y-la-agenda-de-los-regresos.jpg\"><\/p>\n<div class=\"custom-text \" readability=\"32.048780487805\">\n<p>Es dif\u00edcil dejar atr\u00e1s la Copa del Mundo de Qatar, con toda la algarab\u00eda que signific\u00f3 para la <a href=\"https:\/\/www.ole.com.ar\/tema\/seleccion-argentina.html\" target=\"_blank\" rel=\"noopener noreferrer\">Selecci\u00f3n Argentina<\/a>. Pero el f\u00fatbol sigui\u00f3 despu\u00e9s de la consagraci\u00f3n de <a href=\"https:\/\/www.ole.com.ar\/maradona\" target=\"_blank\" rel=\"noopener noreferrer\">Diego Maradona<\/a> en el Azteca y tambi\u00e9n lo har\u00e1 luego de la coronaci\u00f3n de <a href=\"https:\/\/www.ole.com.ar\/messi\" target=\"_blank\" rel=\"noopener noreferrer\">Lionel Mess<\/a>i en el Estadio Lusail. Algunos de los 26 campeones del mundo tuvieron acci\u00f3n este fin de semana y otros lo har\u00e1n m\u00e1s adelante. \u00bfC\u00f3mo les fue?<\/p>\n<\/div>\n<div class=\"sc-996041c8-0 kvfKM\"><img alt=\"El momento de la consagraci\u00f3n. (FTP DelaOrden)\" src=\"http:\/\/hoycordobaweb.com\/wp-content\/uploads\/2023\/01\/el-1x1-de-la-scaloneta-los-que-ya-volvieron-y-la-agenda-de-los-regresos-2.jpg\" width=\"720\" height=\"0\" decoding=\"async\" data-nimg=\"future\" loading=\"lazy\"><span>El momento de la consagraci\u00f3n. (FTP DelaOrden)<\/span><\/div>\n<p><h2>Acu\u00f1a, el primero en pisar el c\u00e9sped<\/h2>\n<\/p>\n<div class=\"custom-text \" readability=\"41\">\n<p><strong>\u00abS\u00f3lo tenemos a Acu\u00f1a, que va a tener que jugar porque nos obliga el tema num\u00e9rico. Si no, tampoco estar\u00eda\u00bb<\/strong>, hab\u00eda declarado Jorge Sampaoli, quien prescindi\u00f3 de Gonzalo Montiel y Alejandro G\u00f3mez, pero que s\u00ed utiliz\u00f3 al lateral izquierdo para visitar Bala\u00eddos, en el empate 1-1 ante el Celta de Vigo.<\/p>\n<\/div>\n<div class=\"custom-text \" readability=\"37\">\n<p><strong>Como siempre se movi\u00f3 por izquierda en una defensa con l\u00ednea de tres\/cinco con \u00e9l libre para soltarse y pasar al ataque<\/strong>. Empezaron abajo en el marcador, pero el Huevo fue clave para la igualdad final. En una jugada que parec\u00eda perdida contra el lateral, se sac\u00f3 de encima a dos marcas y sorprendi\u00f3 con un tremendo derechazo desde lejos que Marches\u00edn pudo tirar al c\u00f3rner con lo justo. Fue un retorno agridulce.<\/p>\n<\/div>\n<div class=\"sc-996041c8-0 kvfKM\"><img alt=\"Acu\u00f1a, importante en el Sevilla en su vuelta post Selecci\u00f3n\" src=\"http:\/\/hoycordobaweb.com\/wp-content\/uploads\/2023\/01\/el-1x1-de-la-scaloneta-los-que-ya-volvieron-y-la-agenda-de-los-regresos-3.jpg\" width=\"720\" height=\"0\" decoding=\"async\" data-nimg=\"future\" loading=\"lazy\"><span>Acu\u00f1a, importante en el Sevilla en su vuelta post Selecci\u00f3n<\/span><\/div>\n<div class=\"sc-489cef11-0 jHGTKj\" readability=\"6\">\n<section readability=\"2\"><picture><img class=\"img\" src=\"http:\/\/hoycordobaweb.com\/wp-content\/uploads\/2023\/01\/el-1x1-de-la-scaloneta-los-que-ya-volvieron-y-la-agenda-de-los-regresos-4.jpg\" alt=\"Investigan a Dani Alves por presunta agresi\u00f3n sexual\" height=\"290\" width=\"290\" loading=\"lazy\"><\/picture>\n<p><span>Mir\u00e1 tambi\u00e9n<\/span><\/p>\n<hr>\n<h3>Investigan a Dani Alves por presunta agresi\u00f3n sexual<\/h3>\n<\/p>\n<\/section>\n<\/div>\n<p><h2>Foyth, el primero en convertir<\/h2>\n<\/p>\n<div class=\"custom-text \" readability=\"39\">\n<p>El Submarino Amarillo recib\u00eda al Valencia, por la 15\u00aa fecha de La Liga. <strong>En la previa, tanto Juan Foyth como Ger\u00f3nimo Rulli fueron homenajeados por 23.000 hinchas presentes en La Cer\u00e1mica<\/strong>. Pero en los 90&#8242; estuvo la felicidad mayor: a los 43&#8242; ST, el lateral gan\u00f3 en el \u00e1rea y sentenci\u00f3 la victoria 2-1 de los de Quique Seti\u00e9n, que sue\u00f1an con los puestos de Champions.<\/p>\n<\/div>\n<div class=\"custom-text \" readability=\"43\">\n<p>Con el 1-1 que no se romp\u00eda, Dani Parejo ejecut\u00f3 un tiro de esquina desde la izquierda y Foyth, con mucha intuici\u00f3n, corri\u00f3 al segundo palo para llegar en soledad, saltar y ganarle la disputa al arquero. As\u00ed, con el festejo ag\u00f3nico a 2&#8242; del final, <strong>el ex Pincha no solamente le dio la victoria al Villarreal sino que, tambi\u00e9n, se convirti\u00f3 en el primer campe\u00f3n del mundo en volver a convertir.<\/strong><\/p>\n<\/div>\n<div class=\"sc-88287e78-0 hmcJvF\">\n<div class=\"sc-88287e78-1 idaaCN videoText\" id=\"contentTitleundefinedSFlDYk4z\"><svg fill=\"#ffffff\"><symbol id=\"play\" viewBox=\"0 0 512 512\"><path d=\"M512 256C512 397.4 397.4 512 256 512C114.6 512 0 397.4 0 256C0 114.6 114.6 0 256 0C397.4 0 512 114.6 512 256zM176 168V344C176 352.7 180.7 360.7 188.3 364.9C195.8 369.2 205.1 369 212.5 364.5L356.5 276.5C363.6 272.1 368 264.4 368 256C368 247.6 363.6 239.9 356.5 235.5L212.5 147.5C205.1 142.1 195.8 142.8 188.3 147.1C180.7 151.3 176 159.3 176 168V168z\" \/><\/symbol><use xlink:href=\"#play\" \/><\/svg><\/p>\n<div class=\"right\">\n<p>Villarreal<!-- --> &#8211; <span>31-12-2022<\/span><\/p>\n<h2 class=\"title-vid\">Villarreal homenaje\u00f3 a sus campeones del mundo: Foyth y Rulli <\/h2>\n<\/div>\n<\/div>\n<p><span class=\"back\" id=\"spanBackundefinedSFlDYk4z\"><\/span><\/div>\n<div class=\"sc-88287e78-0 hmcJvF\">\n<div class=\"sc-88287e78-1 idaaCN videoText\" id=\"contentTitleundefinedFBb2nZ1G\"><svg fill=\"#ffffff\"><symbol id=\"play\" viewBox=\"0 0 512 512\"><path d=\"M512 256C512 397.4 397.4 512 256 512C114.6 512 0 397.4 0 256C0 114.6 114.6 0 256 0C397.4 0 512 114.6 512 256zM176 168V344C176 352.7 180.7 360.7 188.3 364.9C195.8 369.2 205.1 369 212.5 364.5L356.5 276.5C363.6 272.1 368 264.4 368 256C368 247.6 363.6 239.9 356.5 235.5L212.5 147.5C205.1 142.1 195.8 142.8 188.3 147.1C180.7 151.3 176 159.3 176 168V168z\" \/><\/symbol><use xlink:href=\"#play\" \/><\/svg><\/p>\n<div class=\"right\">\n<p>Juan Foyth<!-- --> &#8211; <span>31-12-2022<\/span><\/p>\n<h2 class=\"title-vid\">El gol de Foyth para darle la victoria a Villarreal<\/h2>\n<\/div>\n<\/div>\n<p><span class=\"back\" id=\"spanBackundefinedFBb2nZ1G\"><\/span><\/div>\n<div class=\"sc-489cef11-0 jHGTKj\" readability=\"6\">\n<section readability=\"2\"><picture><img class=\"img\" src=\"http:\/\/hoycordobaweb.com\/wp-content\/uploads\/2023\/01\/el-1x1-de-la-scaloneta-los-que-ya-volvieron-y-la-agenda-de-los-regresos-5.jpg\" alt=\"El paso a paso de River antes de volar a Miami para completar la pretemporada\" height=\"290\" width=\"290\" loading=\"lazy\"><\/picture>\n<p><span>Mir\u00e1 tambi\u00e9n<\/span><\/p>\n<hr>\n<h3>El paso a paso de River antes de volar a Miami para completar la pretemporada<\/h3>\n<\/p>\n<\/section>\n<\/div>\n<p><h2>Juli\u00e1n, ovacionado en el Etihad<\/h2>\n<\/p>\n<div class=\"custom-text \" readability=\"38\">\n<p>Si bien ya lo hab\u00edan llenado de elogios y aplausos sus propios compa\u00f1eros de equipo, este s\u00e1bado el Etihad Stadium de Manchester vibr\u00f3 y se emocion\u00f3 con el arribo de la Ara\u00f1a. <strong>En su regreso tras el Mundial de Qatar, Juli\u00e1n \u00c1lvarez fue ovacionado cuando el equipo ingres\u00f3 al campo de juego<\/strong>. Con la medalla colgada en su pecho, el delantero de 22 levant\u00f3 los brazos y recibi\u00f3 el cari\u00f1o de los Ciudadanos.<\/p>\n<\/div>\n<div class=\"custom-text \" readability=\"39\">\n<p>Sin embargo, para Pep Guardiola no fue del todo gratificante la vuelta a la competencia. Con gol de Haaland, el City empat\u00f3 1-1 ante el Everton y le dio la chance de alejarse al Arsenal, el l\u00edder de la Premier. <strong>Juli\u00e1n tuvo su ingreso a los 42&#8242; ST y tuvo pocas intervenciones: toc\u00f3 siete pelotas y dio cuatro pases, pero nunca pudo estar de frente al arco para siquiera rematar. <\/strong><\/p>\n<\/div>\n<div class=\"sc-88287e78-0 hmcJvF\">\n<div class=\"sc-88287e78-1 idaaCN videoText\" id=\"contentTitleundefinedrSQic6fz\" readability=\"56\"><svg fill=\"#ffffff\"><symbol id=\"play\" viewBox=\"0 0 512 512\"><path d=\"M512 256C512 397.4 397.4 512 256 512C114.6 512 0 397.4 0 256C0 114.6 114.6 0 256 0C397.4 0 512 114.6 512 256zM176 168V344C176 352.7 180.7 360.7 188.3 364.9C195.8 369.2 205.1 369 212.5 364.5L356.5 276.5C363.6 272.1 368 264.4 368 256C368 247.6 363.6 239.9 356.5 235.5L212.5 147.5C205.1 142.1 195.8 142.8 188.3 147.1C180.7 151.3 176 159.3 176 168V168z\" \/><\/symbol><use xlink:href=\"#play\" \/><\/svg><\/p>\n<div class=\"right\" readability=\"7\">\n<p>Internacional<!-- --> &#8211; <span>31-12-2022<\/span><\/p>\n<h2 class=\"title-vid\">El recibimiento del Etihad Stadium para Juli\u00e1n \u00c1lvarez<\/h2>\n<\/div>\n<\/div>\n<p><span class=\"back\" id=\"spanBackundefinedrSQic6fz\"><\/span><\/div>\n<div class=\"sc-489cef11-0 jHGTKj\" readability=\"6\">\n<section readability=\"2\"><picture><img class=\"img\" src=\"http:\/\/hoycordobaweb.com\/wp-content\/uploads\/2023\/01\/el-1x1-de-la-scaloneta-los-que-ya-volvieron-y-la-agenda-de-los-regresos-6.jpg\" alt=\"Todos los campeones argentinos de 2022\" height=\"290\" width=\"290\" loading=\"lazy\"><\/picture>\n<p><span>Mir\u00e1 tambi\u00e9n<\/span><\/p>\n<hr>\n<h3>Todos los campeones argentinos de 2022<\/h3>\n<\/p>\n<\/section>\n<\/div>\n<p><h2>Enzo y Otamendi fueron recibidos con un 0-3<\/h2>\n<\/p>\n<div class=\"custom-text \" readability=\"37\">\n<p>Enzo Fern\u00e1ndez y Nicol\u00e1s Otamendi fueron de lo m\u00e1s destacado de la Scaloneta en el Mundial. <strong>Sin embargo, el volante y el zaguero argentino recibieron flor de cachetazo en su retorno a la Primeira Liga<\/strong>. Roger Schmidt no se guard\u00f3 nada y el Benfica se present\u00f3 al Estadio Municipal de Braga con lo mejor, pero el Sporting fue letal y se termin\u00f3 llevando una tremenda victoria 3-0<\/p>\n<\/div>\n<div class=\"custom-text \" readability=\"41\">\n<p>En el inicio, parec\u00eda que el Glorioso lo pasaba por arriba: controlaba la pelota y, con paciencia, comenzaba a acercarse al arco rival. Pero el Sporting se mantuvo firme en el repliegue, cerrando los caminos internos y fue letal de cara al arco de Odisseas<strong>. Mientras que Otamendi fue de lo mejor de una l\u00ednea defensiva flojita, Enzo manej\u00f3 la pelota, aunque muy lejos de las zonas de peligro.<\/strong><\/p>\n<\/div>\n<div class=\"sc-996041c8-0 kvfKM\"><img alt=\"Enzo no tuvo su mejor noche en Braga. (EFE)\" src=\"http:\/\/hoycordobaweb.com\/wp-content\/uploads\/2023\/01\/el-1x1-de-la-scaloneta-los-que-ya-volvieron-y-la-agenda-de-los-regresos-7.jpg\" width=\"720\" height=\"0\" decoding=\"async\" data-nimg=\"future\" loading=\"lazy\"><span>Enzo no tuvo su mejor noche en Braga. (EFE)<\/span><\/div>\n<div class=\"sc-489cef11-0 jHGTKj\" readability=\"6\">\n<section readability=\"2\"><picture><img class=\"img\" src=\"http:\/\/hoycordobaweb.com\/wp-content\/uploads\/2023\/01\/el-1x1-de-la-scaloneta-los-que-ya-volvieron-y-la-agenda-de-los-regresos-8.jpg\" alt=\"Para agendar: los eventos deportivos m\u00e1s destacados de 2023\" height=\"290\" width=\"290\" loading=\"lazy\"><\/picture>\n<p><span>Mir\u00e1 tambi\u00e9n<\/span><\/p>\n<hr>\n<h3>Para agendar: los eventos deportivos m\u00e1s destacados de 2023<\/h3>\n<\/p>\n<\/section>\n<\/div>\n<p><h2>Lluvia de aplausos en Espa\u00f1a, entre el Betis y el Aleti<\/h2>\n<\/p>\n<div class=\"custom-text \" readability=\"39\">\n<p>En el Benito Villamar\u00edn, el Betis igual\u00f3 0-0 con el Bilbao. Y, en la previa, <strong>Guido Rodr\u00edguez y Germ\u00e1n Pezzella recibieron el reconocimiento de sus hinchas<\/strong>. Con ropa de entrenamiento (ya que Pellegrini decidi\u00f3 no utilizarlos) y con la medalla en el pecho, los futbolistas argentinos salieron al campo de juego en medio de una ola de aplausos.<\/p>\n<\/div>\n<div class=\"custom-text \" readability=\"42\">\n<p>Por otro lado, en el Wanda Metropolitano, <strong>el Atl\u00e9tico Madrid le rindi\u00f3 homenaje a Rodrigo De Paul, Nahuel Molina y \u00c1ngel Correa.<\/strong> Con el reconocimiento de los hinchas, y tambi\u00e9n de sus compa\u00f1eros, los tres salieron al campo con la medalla en el pello.<strong> Los dos primeros estaban de civil, ya que el Cholo Simeone decidi\u00f3 prescindir de ellos en el 2-0 ante el Elche.<\/strong> El \u00fanico que estuvo disponible fue el ex San Lorenzo, aunque se qued\u00f3 en el banco de suplentes.<\/p>\n<\/div>\n<div class=\"sc-88287e78-0 hmcJvF\">\n<div class=\"sc-88287e78-1 idaaCN videoText\" id=\"contentTitleundefined4VZawIQB\" readability=\"56\"><svg fill=\"#ffffff\"><symbol id=\"play\" viewBox=\"0 0 512 512\"><path d=\"M512 256C512 397.4 397.4 512 256 512C114.6 512 0 397.4 0 256C0 114.6 114.6 0 256 0C397.4 0 512 114.6 512 256zM176 168V344C176 352.7 180.7 360.7 188.3 364.9C195.8 369.2 205.1 369 212.5 364.5L356.5 276.5C363.6 272.1 368 264.4 368 256C368 247.6 363.6 239.9 356.5 235.5L212.5 147.5C205.1 142.1 195.8 142.8 188.3 147.1C180.7 151.3 176 159.3 176 168V168z\" \/><\/symbol><use xlink:href=\"#play\" \/><\/svg><\/p>\n<div class=\"right\" readability=\"7\">\n<p>Germ\u00e1n Pezzella<!-- --> &#8211; <span>31-12-2022<\/span><\/p>\n<h2 class=\"title-vid\">El Betis ovacion\u00f3 a Guido Rodr\u00edguez y Pezzella post Mundial<\/h2>\n<\/div>\n<\/div>\n<p><span class=\"back\" id=\"spanBackundefined4VZawIQB\"><\/span><\/div>\n<div class=\"sc-88287e78-0 hmcJvF\">\n<div class=\"sc-88287e78-1 idaaCN videoText\" id=\"contentTitleundefined5EdnBHGc\" readability=\"56\"><svg fill=\"#ffffff\"><symbol id=\"play\" viewBox=\"0 0 512 512\"><path d=\"M512 256C512 397.4 397.4 512 256 512C114.6 512 0 397.4 0 256C0 114.6 114.6 0 256 0C397.4 0 512 114.6 512 256zM176 168V344C176 352.7 180.7 360.7 188.3 364.9C195.8 369.2 205.1 369 212.5 364.5L356.5 276.5C363.6 272.1 368 264.4 368 256C368 247.6 363.6 239.9 356.5 235.5L212.5 147.5C205.1 142.1 195.8 142.8 188.3 147.1C180.7 151.3 176 159.3 176 168V168z\" \/><\/symbol><use xlink:href=\"#play\" \/><\/svg><\/p>\n<div class=\"right\" readability=\"7\">\n<p>Atl\u00e9tico Madrid<!-- --> &#8211; <span>31-12-2022<\/span><\/p>\n<h2 class=\"title-vid\">At. Madrid recibi\u00f3 a los campeones<\/h2>\n<\/div>\n<\/div>\n<p><span class=\"back\" id=\"spanBackundefined5EdnBHGc\"><\/span><\/div>\n<p><h2>Los pr\u00f3ximos regresos<\/h2>\n<\/p>\n<div class=\"custom-text \" readability=\"33\">\n<p><strong>-Domingo 1\/1<\/strong>: El Tottenham de <strong>Cuti Romero<\/strong> recibe al Aston Villa de<strong> Dibu Mart\u00ednez<\/strong>, desde las 11.<\/p>\n<\/div>\n<div class=\"custom-text \" readability=\"36\">\n<p><strong>-Martes 3\/1<\/strong>: El Brighton de<strong> Alexis Mac Allister<\/strong> visita al Everton, a partir de las 16.45. Adem\u00e1s, el Manchester United de <strong>Lisandro Mart\u00ednez<\/strong> se mide con el Bournemouth, a las 17.<\/p>\n<\/div>\n<div class=\"custom-text \" readability=\"43\">\n<p><strong>-Mi\u00e9rcoles 4\/1<\/strong>: En Italia, la Roma de <strong>Paulo Dybala<\/strong> enfrenta al Bologna (12.30), la Juventus de <strong>Leandro Paredes<\/strong> y <strong>\u00c1ngel Di Mar\u00eda<\/strong> visita al Cremonese (14.30) y el Inter de <strong>Lautaro Mart\u00ednez<\/strong> se mide ante el Napoli (16.45). Y, en Espa\u00f1a, el Sevilla juega con Linares (15), con la posible vuelta de <strong>Papu G\u00f3mez <\/strong>y <strong>Gonzalo Montiel. <\/strong>Adem\u00e1s, tambi\u00e9n podr\u00eda darse el regreso de <strong>Rodrigo De Paul <\/strong>y <strong>Nahuel Molina<\/strong>, en la visita del Aleti al Real Oviedo, por la Copa del Rey (16).<\/p>\n<\/div>\n<div class=\"custom-text \" readability=\"36\">\n<p><strong>-Jueves 5\/1<\/strong>: El Betis ya volvi\u00f3 a competir, pero<strong> Guido Rodr\u00edguez<\/strong> y <strong>Germ\u00e1n Pezzella <\/strong>podr\u00edan volver a hacerlo ante el Ibiza Islas Pitiusas, a partir de las 12, por la Copa del Rey.<\/p>\n<\/div>\n<div class=\"custom-text \" readability=\"37\">\n<p><strong>-Viernes 6\/1<\/strong>: El PSG, ya con <strong>Lionel Messi <\/strong>en sus filas, enfrenta al Chateauroux, a las 17, por la Copa de Francia.<\/p>\n<\/div>\n<div class=\"custom-text \" readability=\"36\">\n<p><strong>-S\u00e1bado 7\/1<\/strong>: El regreso de Nicol\u00e1s <strong>Tagliafico<\/strong>, tras la consagraci\u00f3n mundialista y su casamiento, podr\u00eda darse en el duelo copera ante el Metz, desde las 11.30.<\/p>\n<\/div>\n","protected":false},"excerpt":{"rendered":"<p>Es dif\u00edcil dejar atr\u00e1s la Copa del Mundo de Qatar, con toda la algarab\u00eda que signific\u00f3 para la Selecci\u00f3n Argentina. Pero el f\u00fatbol sigui\u00f3 despu\u00e9s de la consagraci\u00f3n de Diego Maradona en el Azteca y tambi\u00e9n lo har\u00e1 luego de la coronaci\u00f3n de Lionel Messi en el Estadio Lusail. Algunos de los 26 campeones del [&hellip;]<\/p>\n","protected":false},"author":1,"featured_media":53481,"comment_status":"open","ping_status":"closed","sticky":false,"template":"","format":"standard","meta":[],"categories":[16],"tags":[],"_links":{"self":[{"href":"http:\/\/hoycordobaweb.com\/index.php\/wp-json\/wp\/v2\/posts\/53480"}],"collection":[{"href":"http:\/\/hoycordobaweb.com\/index.php\/wp-json\/wp\/v2\/posts"}],"about":[{"href":"http:\/\/hoycordobaweb.com\/index.php\/wp-json\/wp\/v2\/types\/post"}],"author":[{"embeddable":true,"href":"http:\/\/hoycordobaweb.com\/index.php\/wp-json\/wp\/v2\/users\/1"}],"replies":[{"embeddable":true,"href":"http:\/\/hoycordobaweb.com\/index.php\/wp-json\/wp\/v2\/comments?post=53480"}],"version-history":[{"count":0,"href":"http:\/\/hoycordobaweb.com\/index.php\/wp-json\/wp\/v2\/posts\/53480\/revisions"}],"wp:featuredmedia":[{"embeddable":true,"href":"http:\/\/hoycordobaweb.com\/index.php\/wp-json\/wp\/v2\/media\/53481"}],"wp:attachment":[{"href":"http:\/\/hoycordobaweb.com\/index.php\/wp-json\/wp\/v2\/media?parent=53480"}],"wp:term":[{"taxonomy":"category","embeddable":true,"href":"http:\/\/hoycordobaweb.com\/index.php\/wp-json\/wp\/v2\/categories?post=53480"},{"taxonomy":"post_tag","embeddable":true,"href":"http:\/\/hoycordobaweb.com\/index.php\/wp-json\/wp\/v2\/tags?post=53480"}],"curies":[{"name":"wp","href":"https:\/\/api.w.org\/{rel}","templated":true}]}}