{"id":53396,"date":"2022-12-30T10:53:00","date_gmt":"2022-12-30T10:53:00","guid":{"rendered":"http:\/\/hoycordobaweb.com\/index.php\/2022\/12\/30\/lito-vitale-celebrara-el-ano-nuevo-en-una-emision-especial-de-anfitrion\/"},"modified":"2022-12-30T10:53:00","modified_gmt":"2022-12-30T10:53:00","slug":"lito-vitale-celebrara-el-ano-nuevo-en-una-emision-especial-de-anfitrion","status":"publish","type":"post","link":"http:\/\/hoycordobaweb.com\/index.php\/2022\/12\/30\/lito-vitale-celebrara-el-ano-nuevo-en-una-emision-especial-de-anfitrion\/","title":{"rendered":"Lito Vitale celebrar\u00e1 el A\u00f1o Nuevo en una emisi\u00f3n especial de &#8216;Anfitri\u00f3n&#8217;"},"content":{"rendered":"<p><img src=\"http:\/\/hoycordobaweb.com\/wp-content\/uploads\/2022\/12\/lito-vitale-celebrara-el-ano-nuevo-en-una-emision-especial-de-anfitrion.jpg\"><\/p>\n<figure class=\"mb-3\"><img loading=\"lazy\" src=\"http:\/\/hoycordobaweb.com\/wp-content\/uploads\/2022\/12\/lito-vitale-celebrara-el-ano-nuevo-en-una-emision-especial-de-anfitrion-2.jpg\" width=\"100%\" height=\"100%\" alt=\"Este sbado a las 23 por la TV Pblica\"><figcaption> Este s\u00e1bado, a las 23, por la TV P\u00fablica. <\/figcaption><\/figure>\n<p>Le\u00f3n Gieco, Diego Frenkel, Karamelo Santo y Ligia Piro ser\u00e1n algunos de los artistas que participar\u00e1n ma\u00f1ana s\u00e1bado a las 23 de la emisi\u00f3n especial del ciclo \u00abAnfitri\u00f3n\u00bb que Lito Vitale conduce por la pantalla de la Televisi\u00f3n P\u00fablica.<\/p>\n<p>El programa, en el que Vitale ofici\u00f3 de anfitri\u00f3n de m\u00fasicos y artistas de distintos estilos para que interpreten sus temas cl\u00e1sicos desde su casa, en el marco de charlas y encuentros cordiales, cerrar\u00e1 el 2022 con destacados temas de su repertorio musical.<\/p>\n<blockquote class=\"twitter-tweet\" readability=\"6.7847411444142\">\n<p lang=\"es\" dir=\"ltr\"><a href=\"https:\/\/twitter.com\/hashtag\/Anfitri%C3%B3n?src=hash&amp;ref_src=twsrc%5Etfw\">#Anfitri\u00f3n<\/a> <\/p>\n<p>Emisi\u00f3n Especial<br \/>S\u00c1BADO 23.00 | <a href=\"https:\/\/t.co\/7ICTP3eKAj\">https:\/\/t.co\/7ICTP3eKAj<\/a><a href=\"https:\/\/twitter.com\/LitoVitale?ref_src=twsrc%5Etfw\">@LitoVitale<\/a> celebra el <a href=\"https:\/\/twitter.com\/hashtag\/A%C3%B1oNuevo?src=hash&amp;ref_src=twsrc%5Etfw\">#A\u00f1oNuevo<\/a> con <a href=\"https:\/\/twitter.com\/kari_prince?ref_src=twsrc%5Etfw\">@kari_prince<\/a>, <a href=\"https:\/\/twitter.com\/Marianfariasg?ref_src=twsrc%5Etfw\">@Marianfariasg<\/a>, <a href=\"https:\/\/twitter.com\/GiecoLeon?ref_src=twsrc%5Etfw\">@GiecoLeon<\/a>, <a href=\"https:\/\/twitter.com\/antoniobirabent?ref_src=twsrc%5Etfw\">@antoniobirabent<\/a>, <a href=\"https:\/\/twitter.com\/CLAUDIAPUYO?ref_src=twsrc%5Etfw\">@CLAUDIAPUYO<\/a>, <a href=\"https:\/\/twitter.com\/CarabajalPeteco?ref_src=twsrc%5Etfw\">@CarabajalPeteco<\/a>, Luis Salinas, Bersuit y Ligia Piro, entre otros artistas<a href=\"https:\/\/t.co\/kxCCZaUjC6\">https:\/\/t.co\/kxCCZaUjC6<\/a> <a href=\"https:\/\/t.co\/hcUSLxsaSv\">pic.twitter.com\/hcUSLxsaSv<\/a><\/p>\n<p>\u2014 Televisi\u00f3n P\u00fablica: Prensa (@PrensaTVP) <a href=\"https:\/\/twitter.com\/PrensaTVP\/status\/1608568037917196288?ref_src=twsrc%5Etfw\">December 29, 2022<\/a><\/p><\/blockquote>\n<p>En esta ocasi\u00f3n, para recibir el 2023, a partir de las 23 se podr\u00e1n ver fragmentos de la visita de la China Rold\u00e1n, Rayos L\u00e1ser, Roberto Catarineu, Mari\u00e1n Far\u00edas G\u00f3mez y Viviana Scaliza, Karina; Le\u00f3n Gieco, Antonio Birabent y Diego Frenkel.<\/p>\n<p>Tambi\u00e9n ser\u00e1n parte del compilado especial de A\u00f1o Nuevo Claudia Puy\u00f3, An Espil, Luis Salinas, Bersuit, Karamelo Santo, Dar\u00edo Volont\u00e9, Ligia Piro y Ricardo Soul\u00e9, entre otros. <\/p>\n","protected":false},"excerpt":{"rendered":"<p>Este s\u00e1bado, a las 23, por la TV P\u00fablica. Le\u00f3n Gieco, Diego Frenkel, Karamelo Santo y Ligia Piro ser\u00e1n algunos de los artistas que participar\u00e1n ma\u00f1ana s\u00e1bado a las 23 de la emisi\u00f3n especial del ciclo \u00abAnfitri\u00f3n\u00bb que Lito Vitale conduce por la pantalla de la Televisi\u00f3n P\u00fablica. El programa, en el que Vitale ofici\u00f3 [&hellip;]<\/p>\n","protected":false},"author":1,"featured_media":53397,"comment_status":"open","ping_status":"closed","sticky":false,"template":"","format":"standard","meta":[],"categories":[19],"tags":[],"_links":{"self":[{"href":"http:\/\/hoycordobaweb.com\/index.php\/wp-json\/wp\/v2\/posts\/53396"}],"collection":[{"href":"http:\/\/hoycordobaweb.com\/index.php\/wp-json\/wp\/v2\/posts"}],"about":[{"href":"http:\/\/hoycordobaweb.com\/index.php\/wp-json\/wp\/v2\/types\/post"}],"author":[{"embeddable":true,"href":"http:\/\/hoycordobaweb.com\/index.php\/wp-json\/wp\/v2\/users\/1"}],"replies":[{"embeddable":true,"href":"http:\/\/hoycordobaweb.com\/index.php\/wp-json\/wp\/v2\/comments?post=53396"}],"version-history":[{"count":0,"href":"http:\/\/hoycordobaweb.com\/index.php\/wp-json\/wp\/v2\/posts\/53396\/revisions"}],"wp:featuredmedia":[{"embeddable":true,"href":"http:\/\/hoycordobaweb.com\/index.php\/wp-json\/wp\/v2\/media\/53397"}],"wp:attachment":[{"href":"http:\/\/hoycordobaweb.com\/index.php\/wp-json\/wp\/v2\/media?parent=53396"}],"wp:term":[{"taxonomy":"category","embeddable":true,"href":"http:\/\/hoycordobaweb.com\/index.php\/wp-json\/wp\/v2\/categories?post=53396"},{"taxonomy":"post_tag","embeddable":true,"href":"http:\/\/hoycordobaweb.com\/index.php\/wp-json\/wp\/v2\/tags?post=53396"}],"curies":[{"name":"wp","href":"https:\/\/api.w.org\/{rel}","templated":true}]}}