{"id":53386,"date":"2022-12-30T07:34:46","date_gmt":"2022-12-30T07:34:46","guid":{"rendered":"https:\/\/www.mujerhoy.com\/moda\/novias\/look-emily-in-paris-vestido-novia-boda-civil-hm-zapatos-comodos-20221230083405-nt.html"},"modified":"2022-12-30T07:34:46","modified_gmt":"2022-12-30T07:34:46","slug":"el-look-de-novia-de-emily-in-paris-perfecto-para-una-boda-civil-que-tenemos-en-version-low-cost-zapatos-incluidos","status":"publish","type":"post","link":"http:\/\/hoycordobaweb.com\/index.php\/2022\/12\/30\/el-look-de-novia-de-emily-in-paris-perfecto-para-una-boda-civil-que-tenemos-en-version-low-cost-zapatos-incluidos\/","title":{"rendered":"El look de novia de Emily in Paris perfecto para una boda civil que tenemos en versi\u00f3n low cost (zapatos incluidos)"},"content":{"rendered":"<p><!-- AUTHOR --><\/p>\n<div class=\"voc-author-timesocial \"><!-- AUTHOR --><\/p>\n<div class=\"voc-author-timesocial__signature\"><!-- IMAGE AUTHOR --><picture class=\"voc-image-signature\"><img class=\"voc-image-signature__img\" src=\"http:\/\/hoycordobaweb.com\/wp-content\/uploads\/2022\/12\/el-look-de-novia-de-emily-in-paris-perfecto-para-una-boda-civil-que-tenemos-en-version-low-cost-zapatos-incluidos.jpg\" alt=\"Raquel Rodr\u00edguez\"><\/picture><!-- INFO AUTHOR --><\/div>\n<\/div>\n<p><!-- COMPONENTS --><\/p>\n<p class=\"voc-paragraph\"><strong>Emily in Paris<\/strong> es una serie que no ha triunfado por su argumento, sino que han sido su guion repleto de clich\u00e9s, su est\u00e9tica estravagante y, sobre todo, los looks de los protagonistas lo que han fraguado su \u00e9xito. Estos \u00faltimos han tenido tantas malas cr\u00edsticas como buenas y no han pasado nada desapercibidos. Y en su \u00faltima temporada (sin spoilers) se ha colado un <a data-voc-vtm-id=\"in-text-traffic\" href=\"https:\/\/www.mujerhoy.com\/moda\/novias\/edurne-vestido-novia-viral-tendencia-bodas-2023-20221219161322-nt.html\" title=\"www.mujerhoy.com\">look de novia <\/a>que nos parece de lo m\u00e1s interesante.\n<\/p>\n<p class=\"voc-paragraph\">Y no, querida lectora, este estilismo del que te queremos hablar hoy no viene de la mano de Lily Collins, la protagonista de la serie, sino de su compa\u00f1era de reparto <strong>Camille Razat<\/strong>. La francesa est\u00e1 arrasando con su estilo tanto dentro como fuera de los cap\u00edtulos y este \u00faltimo look ya es uno de nuestros favoritos.\n<\/p>\n<p class=\"voc-paragraph\">Y es que, Camille tiene ese saber hacer franc\u00e9s que tanto gusta. Consigue el estilo parisino m\u00e1s imitado de todos con el uso de prendas de lo m\u00e1s originales y sofisticadas, pero siendo siempre de lo m\u00e1s adecuada y manteniendo la elegancia.\n<\/p>\n<p class=\"voc-paragraph\">Y aunque la mayor\u00eda de los estilismos que luce en la serie est\u00e1n formados por prendas de lujo imposibles de conseguir, solo hay que poner bien el ojo para darse cuenta de que la estilista de la producci\u00f3n tambi\u00e9n ha recurrido a firmas low cost como Zara y H&amp;M.\n<\/p>\n<p class=\"voc-paragraph\">Una prueba de que es m\u00e1s f\u00e1cil de lo que piensas imitar el estilo de la actriz francesa que tanto est\u00e1 gustando en las redes sociales. Y un buen ejemplo de ello es tambi\u00e9n el outfit que lleva en el \u00faltimo cap\u00edtulo de la reci\u00e9n estrenada temporada. Prometemos no hacer spoilers.\n<\/p>\n<div class=\"voc-detail__cmp\">\n<div class=\"voc-article-container\">\n<article class=\"voc-article voc-article--cmp-photo-text\" readability=\"26\">\n<div class=\"voc-img-container\" readability=\"7\"><picture>\n<div class=\"voc-horizontal voc-img-icon-link\"><img class=\"lazy\" loading=\"lazy\" data-original=\"\/\/static3.mujerhoy.com\/www\/multimedia\/202212\/30\/media\/cortadas\/vestido-jacquemus-blanco-camille-kpmD--624x624@MujerHoy.jpg\" alt=\"Camille con un vestido blanco de Jacquemus.\"><\/div>\n<\/picture>\n<p class=\"figure-caption \"> Camille con un vestido blanco de Jacquemus. <span class=\"voc-photo-author\"><\/span><\/p>\n<\/div>\n<\/article>\n<\/div>\n<\/div>\n<p class=\"voc-paragraph\">En \u00e9l, Camille deja a un lado las prendas diferentes, los dise\u00f1os originales y el estilo m\u00e1s imposible y menos real, para dar paso a un look que demuestra que el menos es m\u00e1s y que en la sencillez reside la elegancia. Y se trata de un outfit protagonizado por un vestido blanco.\n<\/p>\n<p class=\"voc-paragraph\">Es un bonito dise\u00f1o que firma Jacquemus y que tiene un especial dise\u00f1o corto con escote of-shoulder, manga larga y corte drapeado. Un dise\u00f1o de lo m\u00e1s favorecedor que le sentaba de lujo y que ha hecho que este sea uno de nuestros loks favoritos de la serie.\n<\/p>\n<div class=\"voc-detail__cmp\">\n<div class=\"voc-article-container\">\n<article class=\"voc-article voc-article--cmp-photo-text\" readability=\"26\">\n<div class=\"voc-img-container\" readability=\"7\"><picture>\n<div class=\"voc-horizontal voc-img-icon-link\"><img class=\"lazy\" loading=\"lazy\" data-original=\"\/\/static2.mujerhoy.com\/www\/multimedia\/202212\/30\/media\/cortadas\/looks-emily-in-paris-outfits-kpmD--624x624@MujerHoy.PNG\" alt=\"Camille lleva unos zapatos de Miu Miu.\"><\/div>\n<\/picture>\n<p class=\"figure-caption \"> Camille lleva unos zapatos de Miu Miu. <span class=\"voc-photo-author\"><\/span><\/p>\n<\/div>\n<\/article>\n<\/div>\n<\/div>\n<p class=\"voc-paragraph\">Elpersonaje de Emily in Paris puso la nota diferente y especial al look con los zapatos. Y lejos de a\u00f1adir un taconazo imposiblem reucrri\u00f3 al calzado que est\u00e1 triunfando en los \u00faltimos meses: unos Mary Jane. Un modelo bicolor que a\u00f1ad\u00eda ese toque sesentero y que son ideales.\n<\/p>\n<p class=\"voc-paragraph\">Se trata de unos zapatos de Miu Miu en color blanco y con puntera a contraste en color negro, que est\u00e1n caracterizado por un dise\u00f1o det ac\u00f3n grueso y hebilla joya que recorre el empeine. Y s\u00ed, tanto el vestido como los zapatos alcanzan precios estratosf\u00e9ricos.\n<\/p>\n<div class=\"voc-detail-photo-zoom\"><picture data-toggle=\"modal\" data-target=\"#photoZoomModal-637\" target=\"modal\">\n<div class=\"voc-img-icon-link\"><img loading=\"lazy\" data-original=\"\/\/static3.mujerhoy.com\/www\/multimedia\/202212\/30\/media\/cortadas\/vestido-blanco-hym-kpmD--460x637@MujerHoy.png\" class=\"lazy\" alt=\"Un vestido blanco de H&amp;M.\"><noscript><img src=\"http:\/\/hoycordobaweb.com\/wp-content\/uploads\/2022\/12\/el-look-de-novia-de-emily-in-paris-perfecto-para-una-boda-civil-que-tenemos-en-version-low-cost-zapatos-incluidos.png\" alt=\"Un vestido blanco de H&amp;M.\"><\/noscript><i class=\"voc-icons zoom voc-multimedia-box voc-ico-l\"><\/i><\/div><figcaption class=\"figure-caption\">Un vestido blanco de H&amp;M.<\/figcaption><\/picture><\/div>\n<div id=\"photoZoomModal-637\" class=\"voc-lightbox modal fade voc-lightbox--photo-zoom\" role=\"dialog\" data-voc-photozoom-lightbox>\n<div class=\"voc-lightbox__dialog\" role=\"document\">\n<div class=\"voc-lightbox__content\"><!-- Modal header --><!-- Modal content --><\/p>\n<div class=\"voc-lightbox__photo-container\"><picture class><img loading=\"lazy\" data-original=\"\/\/static3.mujerhoy.com\/www\/multimedia\/202212\/30\/media\/cortadas\/vestido-blanco-hym-kpmD--460x637@MujerHoy.png\" alt=\"Un vestido blanco de H&amp;M.\" class=\"lazy\"><noscript><img src=\"http:\/\/hoycordobaweb.com\/wp-content\/uploads\/2022\/12\/el-look-de-novia-de-emily-in-paris-perfecto-para-una-boda-civil-que-tenemos-en-version-low-cost-zapatos-incluidos.png\" alt=\"Un vestido blanco de H&amp;M.\"><\/noscript><\/picture><\/div>\n<\/div>\n<\/div>\n<\/div>\n<p class=\"voc-paragraph\">Un look que podr\u00eda ser perfectamente de novia y que es una idea perfecta para casarte por lo civil. Y s\u00ed, tenemos una copia low cost y muy f\u00e1cil de conseguir para que puedas lucir una versi\u00f3n de este <strong>look mucho m\u00e1s barata<\/strong>, pero igual de estilosa.\n<\/p>\n<p class=\"voc-paragraph\">En <strong>H&amp;M<\/strong>, hemos dado con un vestido muy similar. Tiene un corte parecido, ajustado y de largo mini, que lleva tambi\u00e9n la manga larga y esta especia de escote barco. \u00bfLa diferencia? Que este es de punto, ligeramente m\u00e1s cuasl, y que lo puedes comprar por 39,99 euros.\n<\/p>\n<div class=\"voc-detail__cmp\">\n<div class=\"voc-article-container\">\n<article class=\"voc-article voc-article--cmp-photo-text\" readability=\"26\">\n<div class=\"voc-img-container\" readability=\"7\"><picture>\n<div class=\"voc-horizontal voc-img-icon-link\"><img class=\"lazy\" loading=\"lazy\" data-original=\"\/\/static.mujerhoy.com\/www\/multimedia\/202212\/30\/media\/cortadas\/mary-jane-puntera-negra-kpmD--624x624@MujerHoy.jpg\" alt=\"Los zapatos de Pol\u00edn et moi.\"><\/div>\n<\/picture>\n<p class=\"figure-caption \"> Los zapatos de Pol\u00edn et moi. <span class=\"voc-photo-author\"><\/span><\/p>\n<\/div>\n<\/article>\n<\/div>\n<\/div>\n<p class=\"voc-paragraph\">Por \u00faltimo, tambi\u00e9n hemos encontrado una versi\u00f3n muy similar de los zapatos de Miu Miu. Se encuentran en la firma espa\u00f1ola <strong>Pol\u00edn et moi<\/strong>, tiene un dise\u00f1o de tac\u00f3n c\u00f3modo y tambi\u00e9n llevan la puntera a contraste. Se diferencian en que son en color biege y en que cuestan 89,95 euros. \u00a1Ideales!\n<\/p>\n<p><!-- TOPICS --><\/p>\n","protected":false},"excerpt":{"rendered":"<p>Emily in Paris es una serie que no ha triunfado por su argumento, sino que han sido su guion repleto de clich\u00e9s, su est\u00e9tica estravagante y, sobre todo, los looks de los protagonistas lo que han fraguado su \u00e9xito. Estos \u00faltimos han tenido tantas malas cr\u00edsticas como buenas y no han pasado nada desapercibidos. Y [&hellip;]<\/p>\n","protected":false},"author":1,"featured_media":53387,"comment_status":"closed","ping_status":"closed","sticky":false,"template":"","format":"standard","meta":[],"categories":[1],"tags":[],"_links":{"self":[{"href":"http:\/\/hoycordobaweb.com\/index.php\/wp-json\/wp\/v2\/posts\/53386"}],"collection":[{"href":"http:\/\/hoycordobaweb.com\/index.php\/wp-json\/wp\/v2\/posts"}],"about":[{"href":"http:\/\/hoycordobaweb.com\/index.php\/wp-json\/wp\/v2\/types\/post"}],"author":[{"embeddable":true,"href":"http:\/\/hoycordobaweb.com\/index.php\/wp-json\/wp\/v2\/users\/1"}],"replies":[{"embeddable":true,"href":"http:\/\/hoycordobaweb.com\/index.php\/wp-json\/wp\/v2\/comments?post=53386"}],"version-history":[{"count":0,"href":"http:\/\/hoycordobaweb.com\/index.php\/wp-json\/wp\/v2\/posts\/53386\/revisions"}],"wp:featuredmedia":[{"embeddable":true,"href":"http:\/\/hoycordobaweb.com\/index.php\/wp-json\/wp\/v2\/media\/53387"}],"wp:attachment":[{"href":"http:\/\/hoycordobaweb.com\/index.php\/wp-json\/wp\/v2\/media?parent=53386"}],"wp:term":[{"taxonomy":"category","embeddable":true,"href":"http:\/\/hoycordobaweb.com\/index.php\/wp-json\/wp\/v2\/categories?post=53386"},{"taxonomy":"post_tag","embeddable":true,"href":"http:\/\/hoycordobaweb.com\/index.php\/wp-json\/wp\/v2\/tags?post=53386"}],"curies":[{"name":"wp","href":"https:\/\/api.w.org\/{rel}","templated":true}]}}