{"id":53376,"date":"2022-12-30T01:13:29","date_gmt":"2022-12-30T01:13:29","guid":{"rendered":"https:\/\/www.ole.com.ar\/ecuador\/internacional\/gonzalo-plata-a-disposicion-partido-real-madrid-enfrentamiento-valladolid_0_1hKfFfo4xU.html"},"modified":"2022-12-30T01:13:29","modified_gmt":"2022-12-30T01:13:29","slug":"plata-recuperado-y-ante-la-gran-oportunidad-frente-al-madrid","status":"publish","type":"post","link":"http:\/\/hoycordobaweb.com\/index.php\/2022\/12\/30\/plata-recuperado-y-ante-la-gran-oportunidad-frente-al-madrid\/","title":{"rendered":"Plata recuperado y ante la gran oportunidad frente al Madrid"},"content":{"rendered":"<p><img src=\"http:\/\/hoycordobaweb.com\/wp-content\/uploads\/2022\/12\/plata-recuperado-y-ante-la-gran-oportunidad-frente-al-madrid.jpg\"><\/p>\n<div class=\"custom-text \" readability=\"36.625310173697\">\n<p>Tras los retornos de los campeonatos de Inglaterra, Italia y Francia, este jueves le toc\u00f3 a Espa\u00f1a la reanudaci\u00f3n de La Liga. Atl\u00e9tico Madrid venci\u00f3 al Elche, mientras que tanto el Athletic Bilbao y Betis (0-0), como Girona y Rayo Vallecano (2-2) repartieron puntos. <strong>Y este viernes le tocar\u00e1 al <\/strong><a href=\"https:\/\/www.ole.com.ar\/tema\/real-valladolid.html\" title=\"Real Valladolid\" alt=\"Real Valladolid\" class=\"slug\"><strong>Valladolid<\/strong><\/a><strong> de <\/strong><a href=\"https:\/\/www.ole.com.ar\/tema\/gonzalo-plata.html\" title=\"Gonzalo Plata\" alt=\"Gonzalo Plata\" class=\"slug\"><strong>Gonzalo Plata<\/strong><\/a><strong>, que tendr\u00e1 un partido m\u00e1s que complicado frente al escolta <\/strong><a href=\"https:\/\/www.ole.com.ar\/tema\/real-madrid.html\" title=\"Real Madrid\" alt=\"Real Madrid\" class=\"slug\"><strong>Real Madrid<\/strong><\/a><strong>.<\/strong><\/p>\n<\/div>\n<div class=\"sc-489cef11-0 jHGTKj\" readability=\"6.5\">\n<section readability=\"3\"><picture><img class=\"img\" src=\"http:\/\/hoycordobaweb.com\/wp-content\/uploads\/2022\/12\/plata-recuperado-y-ante-la-gran-oportunidad-frente-al-madrid-2.jpg\" alt=\"El funeral de Pel\u00e9: c\u00f3mo, cu\u00e1ndo y d\u00f3nde ser\u00e1 su despedida\" height=\"290\" width=\"290\" loading=\"lazy\"><\/picture>\n<p><span>Mir\u00e1 tambi\u00e9n<\/span><\/p>\n<hr>\n<h3>El funeral de Pel\u00e9: c\u00f3mo, cu\u00e1ndo y d\u00f3nde ser\u00e1 su despedida<\/h3>\n<\/p>\n<\/section>\n<\/div>\n<div class=\"sc-489cef11-0 jHGTKj\" readability=\"6\">\n<section readability=\"2\"><picture><img class=\"img\" src=\"http:\/\/hoycordobaweb.com\/wp-content\/uploads\/2022\/12\/plata-recuperado-y-ante-la-gran-oportunidad-frente-al-madrid-3.jpg\" alt=\"La vez que Pel\u00e9 detuvo una guerra en \u00c1frica con su f\u00fatbol\" height=\"290\" width=\"290\" loading=\"lazy\"><\/picture>\n<p><span>Mir\u00e1 tambi\u00e9n<\/span><\/p>\n<hr>\n<h3>La vez que Pel\u00e9 detuvo una guerra en \u00c1frica con su f\u00fatbol<\/h3>\n<\/p>\n<\/section>\n<\/div>\n<div class=\"custom-text \" readability=\"38.289617486339\">\n<p>Tras su corta participaci\u00f3n en <a href=\"https:\/\/www.ole.com.ar\/tema\/qatar-2022.html\" title=\"Qatar 2022\" alt=\"Qatar 2022\" class=\"slug\">Qatar 2022<\/a>, el extremo ecuatoriano hab\u00eda regresado a la actividad oficial el pasado mi\u00e9rcoles 21 de diciembre, con el triunfo del Pucela 5-1 frente al Arenas del ascenso por la segunda ronda en la Copa del Rey (el nacido en Guayaquil ingres\u00f3 desde el banco y disput\u00f3 los \u00faltimos 24 minutos de partido). Ahora, tras ausentarse a un par de entrenamientos en la semana,<strong> lleva dos sesiones a la par del grupo y est\u00e1 a disposici\u00f3n de Jos\u00e9 Rojo Mart\u00edn si el estratega espa\u00f1ol decide incluirlo entre los titulares.<\/strong><\/p>\n<\/div>\n<div class=\"sc-996041c8-0 kvfKM\"><img alt=\"Plata complet\u00f3 los tres partidos de Ecuador en el Mundial.\" src=\"http:\/\/hoycordobaweb.com\/wp-content\/uploads\/2022\/12\/plata-recuperado-y-ante-la-gran-oportunidad-frente-al-madrid-4.jpg\" width=\"720\" height=\"0\" decoding=\"async\" data-nimg=\"future\" loading=\"lazy\"><span>Plata complet\u00f3 los tres partidos de Ecuador en el Mundial.<\/span><\/div>\n<div class=\"sc-489cef11-0 jHGTKj\" readability=\"6\">\n<section readability=\"2\"><picture><img class=\"img\" src=\"http:\/\/hoycordobaweb.com\/wp-content\/uploads\/2022\/12\/plata-recuperado-y-ante-la-gran-oportunidad-frente-al-madrid-5.jpg\" alt=\"Atl\u00e9tico Madrid: triunfo y homenaje a Pel\u00e9\" height=\"290\" width=\"290\" loading=\"lazy\"><\/picture>\n<p><span>Mir\u00e1 tambi\u00e9n<\/span><\/p>\n<hr>\n<h3>Atl\u00e9tico Madrid: triunfo y homenaje a Pel\u00e9<\/h3>\n<\/p>\n<\/section>\n<\/div>\n<div class=\"sc-489cef11-0 jHGTKj\" readability=\"6\">\n<section readability=\"2\"><picture><img class=\"img\" src=\"http:\/\/hoycordobaweb.com\/wp-content\/uploads\/2022\/12\/plata-recuperado-y-ante-la-gran-oportunidad-frente-al-madrid-6.jpg\" alt=\"Video: el emotivo llanto de un crack franc\u00e9s por el deceso de Pel\u00e9\" height=\"290\" width=\"290\" loading=\"lazy\"><\/picture>\n<p><span>Mir\u00e1 tambi\u00e9n<\/span><\/p>\n<hr>\n<h3>Video: el emotivo llanto de un crack franc\u00e9s por el deceso de Pel\u00e9<\/h3>\n<\/p>\n<\/section>\n<\/div>\n<div class=\"sc-996041c8-0 kvfKM\"><img alt=\"Gonzalo Plata, en su regreso a Valladolid.\" src=\"http:\/\/hoycordobaweb.com\/wp-content\/uploads\/2022\/12\/plata-recuperado-y-ante-la-gran-oportunidad-frente-al-madrid-7.jpg\" width=\"720\" height=\"0\" decoding=\"async\" data-nimg=\"future\" loading=\"lazy\"><span>Gonzalo Plata, en su regreso a Valladolid.<\/span><\/div>\n<div class=\"custom-text \" readability=\"36.087527352298\">\n<p>\u00bfQu\u00e9 le hab\u00eda pasado al ex <a href=\"https:\/\/www.ole.com.ar\/tema\/independiente-del-valle.html\" title=\"Independiente del Valle\" alt=\"Independiente del Valle\" class=\"slug\">Independiente del Valle<\/a>? Debido a los \u00faltimos cambios clim\u00e1ticos en la ciudad de Castilla y Le\u00f3n, el representante de La Tri inici\u00f3 la semana con un cuadro de faringoamigdalitis (la infecci\u00f3n aguda de la faringe o las am\u00edgdalas palatinas). Debido a los s\u00edntomas que present\u00f3 (suelen incluir angina, odinofagia, linfadenopat\u00eda cervical y fiebre) <strong>reci\u00e9n el mi\u00e9rcoles pudo reincorporarse a las pr\u00e1cticas con el equipo. <\/strong><\/p>\n<\/div>\n<div class=\"custom-text \" readability=\"36\">\n<p>Y el atacante de 22 a\u00f1os no quiere perderse por nada del mundo lo que ser\u00e1 su primer enfrentamiento ante el conjunto blanco en lo que va de su carrera profesional. En el elenco violeta, desde su arribo en agosto del 2021, lleva convertidos seis goles y siete asistencias en 42 cotejos.<\/p>\n<\/div>\n<div class=\"sc-489cef11-0 jHGTKj\" readability=\"6\">\n<section readability=\"2\"><picture><img class=\"img\" src=\"http:\/\/hoycordobaweb.com\/wp-content\/uploads\/2022\/12\/plata-recuperado-y-ante-la-gran-oportunidad-frente-al-madrid-8.jpg\" alt=\"Pel\u00e9-Maradona: la historia de una relaci\u00f3n de leyendas\" height=\"290\" width=\"290\" loading=\"lazy\"><\/picture>\n<p><span>Mir\u00e1 tambi\u00e9n<\/span><\/p>\n<hr>\n<h3>Pel\u00e9-Maradona: la historia de una relaci\u00f3n de leyendas<\/h3>\n<\/p>\n<\/section>\n<\/div>\n<div class=\"sc-489cef11-0 jHGTKj\" readability=\"6\">\n<section readability=\"2\"><picture><img class=\"img\" src=\"http:\/\/hoycordobaweb.com\/wp-content\/uploads\/2022\/12\/plata-recuperado-y-ante-la-gran-oportunidad-frente-al-madrid-9.jpg\" alt=\"Video: 10 mejores goles de Pel\u00e9 entre miles\" height=\"290\" width=\"290\" loading=\"lazy\"><\/picture>\n<p><span>Mir\u00e1 tambi\u00e9n<\/span><\/p>\n<hr>\n<h3>Video: 10 mejores goles de Pel\u00e9 entre miles<\/h3>\n<\/p>\n<\/section>\n<\/div>\n<p><h2>Qu\u00e9 dijo el entrenador de Valladolid sobre el estado de Plata<\/h2>\n<\/p>\n<div class=\"custom-text \" readability=\"37\">\n<p>Valladolid prepara las naves para un regreso complicado, frente al vigente campe\u00f3n del torneo y actual escolta del Barcelona (el Real Madrid tiene dos puntos menos que el cuadro catal\u00e1n). Mientras el Pucela deambula en la mitad de tabla, en la precia al cruce contra los madrile\u00f1os Rojo Mart\u00edn habl\u00f3 sobre la actualidad de sus dirigidos y puntualiz\u00f3 en Plata.<\/p>\n<\/div>\n<div class=\"sc-489cef11-0 jHGTKj\" readability=\"6\">\n<section readability=\"2\"><picture><img class=\"img\" src=\"http:\/\/hoycordobaweb.com\/wp-content\/uploads\/2022\/12\/plata-recuperado-y-ante-la-gran-oportunidad-frente-al-madrid-10.jpg\" alt=\"Conmoci\u00f3n total: el mundo reaccion\u00f3 a la muerte de Pel\u00e9\" height=\"290\" width=\"290\" loading=\"lazy\"><\/picture>\n<p><span>Mir\u00e1 tambi\u00e9n<\/span><\/p>\n<hr>\n<h3>Conmoci\u00f3n total: el mundo reaccion\u00f3 a la muerte de Pel\u00e9<\/h3>\n<\/p>\n<\/section>\n<\/div>\n<div class=\"custom-text \" readability=\"46\">\n<p><strong>\u00abGonzalo estuvo todo el d\u00eda de ayer (martes) en cama, con fiebre, hoy estaba mejor y ma\u00f1ana, mejor. Ser\u00e1 de la partida para competir\u00bb<\/strong>, asegur\u00f3 Pacheta, aunque prefiri\u00f3 no dar por confirmada su titularidad. Con el ecuatoriano disponible, el DT espa\u00f1ol cuenta con las bajas seguras de Anuar, Olaza, Feddal y El Yamiq. S\u00ed estar\u00e1, en principio, Robert Kenedy, que no entra en una convocatoria desde el pasado mes de septiembre.<\/p>\n<\/div>\n<div class=\"sc-996041c8-0 kvfKM\"><img alt=\"Plata se prepara para continuar la temporada.\" src=\"http:\/\/hoycordobaweb.com\/wp-content\/uploads\/2022\/12\/plata-recuperado-y-ante-la-gran-oportunidad-frente-al-madrid-11.jpg\" width=\"720\" height=\"0\" decoding=\"async\" data-nimg=\"future\" loading=\"lazy\"><span>Plata se prepara para continuar la temporada.<\/span><\/div>\n<div class=\"custom-text \" readability=\"35\">\n<p>\u00abEstoy ilusionado y con mucha confianza de cara a este partido. Por aqu\u00ed ya han pasado equipos que nos han puesto en muchos problemas y nuestra obligaci\u00f3n es que tengan que dar su mejor versi\u00f3n para ganarnos\u00bb, afirm\u00f3 el DT del Pucela respecto al juego del viernes.<\/p>\n<\/div>\n<div class=\"sc-489cef11-0 jHGTKj\" readability=\"6\">\n<section readability=\"2\"><picture><img class=\"img\" src=\"http:\/\/hoycordobaweb.com\/wp-content\/uploads\/2022\/12\/plata-recuperado-y-ante-la-gran-oportunidad-frente-al-madrid-12.jpg\" alt=\"El f\u00fatbol ecuatoriano tambi\u00e9n despidi\u00f3 a Pel\u00e9 por su muerte\" height=\"290\" width=\"290\" loading=\"lazy\"><\/picture>\n<p><span>Mir\u00e1 tambi\u00e9n<\/span><\/p>\n<hr>\n<h3>El f\u00fatbol ecuatoriano tambi\u00e9n despidi\u00f3 a Pel\u00e9 por su muerte<\/h3>\n<\/p>\n<\/section>\n<\/div>\n<div class=\"sc-489cef11-0 jHGTKj\" readability=\"6\">\n<section readability=\"2\"><picture><img class=\"img\" src=\"http:\/\/hoycordobaweb.com\/wp-content\/uploads\/2022\/12\/plata-recuperado-y-ante-la-gran-oportunidad-frente-al-madrid-13.jpg\" alt=\"Gran pol\u00e9mica: \u00bfPel\u00e9 convirti\u00f3 m\u00e1s de 1.000 goles?\" height=\"290\" width=\"290\" loading=\"lazy\"><\/picture>\n<p><span>Mir\u00e1 tambi\u00e9n<\/span><\/p>\n<hr>\n<h3>Gran pol\u00e9mica: \u00bfPel\u00e9 convirti\u00f3 m\u00e1s de 1.000 goles?<\/h3>\n<\/p>\n<\/section>\n<\/div>\n<p><h2>Posibles alineaciones<\/h2>\n<\/p>\n<div class=\"custom-text \" readability=\"39\">\n<p><strong>Valladolid:<\/strong> Masip; Fresneda, Joaqu\u00edn, Javi S\u00e1nchez, Escudero; Mesa, Kike, Aguado; Iv\u00e1n S\u00e1nchez o <strong>Plata<\/strong>, Plano y Sergio Le\u00f3n.<\/p>\n<\/div>\n<div class=\"custom-text \" readability=\"39\">\n<p><strong>Real Madrid: <\/strong>Courtois; Carvajal, Militao o R\u00fcdiger, Alaba, Mendy; Kroos, Valverde, Ceballos; Asensio, Vinicius y Benzema.<\/p>\n<\/div>\n","protected":false},"excerpt":{"rendered":"<p>Tras los retornos de los campeonatos de Inglaterra, Italia y Francia, este jueves le toc\u00f3 a Espa\u00f1a la reanudaci\u00f3n de La Liga. Atl\u00e9tico Madrid venci\u00f3 al Elche, mientras que tanto el Athletic Bilbao y Betis (0-0), como Girona y Rayo Vallecano (2-2) repartieron puntos. Y este viernes le tocar\u00e1 al Valladolid de Gonzalo Plata, que [&hellip;]<\/p>\n","protected":false},"author":1,"featured_media":53377,"comment_status":"open","ping_status":"closed","sticky":false,"template":"","format":"standard","meta":[],"categories":[16],"tags":[],"_links":{"self":[{"href":"http:\/\/hoycordobaweb.com\/index.php\/wp-json\/wp\/v2\/posts\/53376"}],"collection":[{"href":"http:\/\/hoycordobaweb.com\/index.php\/wp-json\/wp\/v2\/posts"}],"about":[{"href":"http:\/\/hoycordobaweb.com\/index.php\/wp-json\/wp\/v2\/types\/post"}],"author":[{"embeddable":true,"href":"http:\/\/hoycordobaweb.com\/index.php\/wp-json\/wp\/v2\/users\/1"}],"replies":[{"embeddable":true,"href":"http:\/\/hoycordobaweb.com\/index.php\/wp-json\/wp\/v2\/comments?post=53376"}],"version-history":[{"count":0,"href":"http:\/\/hoycordobaweb.com\/index.php\/wp-json\/wp\/v2\/posts\/53376\/revisions"}],"wp:featuredmedia":[{"embeddable":true,"href":"http:\/\/hoycordobaweb.com\/index.php\/wp-json\/wp\/v2\/media\/53377"}],"wp:attachment":[{"href":"http:\/\/hoycordobaweb.com\/index.php\/wp-json\/wp\/v2\/media?parent=53376"}],"wp:term":[{"taxonomy":"category","embeddable":true,"href":"http:\/\/hoycordobaweb.com\/index.php\/wp-json\/wp\/v2\/categories?post=53376"},{"taxonomy":"post_tag","embeddable":true,"href":"http:\/\/hoycordobaweb.com\/index.php\/wp-json\/wp\/v2\/tags?post=53376"}],"curies":[{"name":"wp","href":"https:\/\/api.w.org\/{rel}","templated":true}]}}