{"id":53366,"date":"2022-12-29T17:36:28","date_gmt":"2022-12-29T17:36:28","guid":{"rendered":"https:\/\/ladecimaweb.com\/?p=15577"},"modified":"2022-12-29T17:36:28","modified_gmt":"2022-12-29T17:36:28","slug":"postergan-la-orden-de-desalojo-de-viviendas-en-villa-el-libertador","status":"publish","type":"post","link":"http:\/\/hoycordobaweb.com\/index.php\/2022\/12\/29\/postergan-la-orden-de-desalojo-de-viviendas-en-villa-el-libertador\/","title":{"rendered":"Postergan la orden de desalojo de viviendas en Villa El Libertador"},"content":{"rendered":"<div class=\"boldgrid-section\">\n<div class=\"container\">\n<div class=\"row\">\n<div class=\"col-md-12 col-xs-12 col-sm-12\">\n<p class=\"\"><span>&nbsp;El Juzgado de Primera Nominaci\u00f3n Civil y Comercial N\u00ba 30 de la Provincia de C\u00f3rdoba resolvi\u00f3 diferir el lanzamiento (orden de desalojo) de viviendas en el marco de la problem\u00e1tica ambiental y sanitaria en Villa El Libertador<\/span><\/p>\n<p class=\"\">Estaba previsto ejecutar la orden el 27 del corriente mes, pero por decisi\u00f3n de la jueza Ilse Ellerman se resolvi\u00f3 postergarla para que las familias lleguen a un acuerdo con el gobierno de C\u00f3rdoba.<\/p>\n<p class=\"\">Seg\u00fan apuntaron desde el juzgado, la orden de desalojo alcanza a cuatro viviendas donde viven cinco familias de Villa El Libertador.&nbsp;<\/p>\n<p class=\"\">Son viviendas declaradas &#8220;inhabitables&#8221; por Defensa Civil por temor a un derrumbe.&nbsp;<\/p>\n<p class=\"\">Una decena de vecinos acept\u00f3 la propuesta de alquilar otro inmueble con garant\u00edas por parte de la Provincia, pero hay cuatro familias que a\u00fan siguen viviendo bajo el riesgo de derrumbe.&nbsp;<\/p>\n<p class=\"\">Las familias temen que el Estado provincial pague un par de meses y luego se desentienda del alquiler. Y el otro temor es el riesgo de usurpaci\u00f3n al deshabitar la vivienda. Ya le pas\u00f3 a una de las afectadas: que se fue y le entraron a su casa.<\/p>\n<p class=\"\">Para dar garant\u00edas de pago, desde el Ministerio de Desarrollo Social de la Provincia depositaron 500 mil pesos en una cuenta del juzgado para que cada familia cuente con un adelanto de 100 mil pesos para acceder a un nuevo inmueble.&nbsp;<\/p>\n<p class=\"\">&#8220;Si la familia est\u00e1 de acuerdo inmediatamente se hace la transferencia a su CBU&#8221;, indic\u00f3 la fuente judicial.&nbsp;<\/p>\n<p class=\"\">Lo que no har\u00e1 la justicia es dar marcha atr\u00e1s con la orden de desalojo. &#8220;El fallo del lanzamiento no va a ser revocado por la justicia&#8221;, afirm\u00f3 la fuente de informaci\u00f3n.&nbsp;<\/p>\n<p><strong>Deriva<\/strong><\/p>\n<p class=\"\">Carina Posadas, una de las vecinas afectadas, est\u00e1 en desacuerdo con dejar su casa de Piedra Pintada 610.<\/p>\n<p class=\"\">&#8220;No hay nada concreto en la propuesta del gobierno, hace cuatro a\u00f1os que vienen proponiendo y no pasa nada&#8221;, sostuvo. &#8220;Ellos quieren que nos vayamos a vivir a un hotel y dejemos nuestras cosas en alg\u00fan lugar&#8221;, agreg\u00f3, cr\u00edtica.<\/p>\n<p class=\"\">Posadas acus\u00f3 al gobierno de insensibilidad. &#8220;Nos dejan a la deriva, en la calle y que nos arreglemos como podamos&#8221;.<\/p>\n<p>Sostuvo que su casa podr\u00eda ser arreglada porque &#8220;es una habitaci\u00f3n que solo tengo apuntalada&#8221;, el resto est\u00e1 bien.&nbsp;<\/p>\n<p>&#8220;Yo tengo mi vida en el barrio, un trabajo, mis hijos van al colegio ac\u00e1&#8221;, dijo.&nbsp;<\/p>\n<p class=\"\">Por \u00faltimo, indic\u00f3 que sobre los cien mil pesos otorgados por el gobierno para buscar un nuevo hogar &#8220;sacando cuentas, solo alcanza para siete d\u00edas&#8221;.&nbsp;<\/p>\n<p>&nbsp;<\/p>\n<div class=\"ubm_banner\"><a href=\"https:\/\/www.cba.gov.ar\" target=\"_blank\" rel=\"dofollow noopener noreferrer\"><img src=\"http:\/\/hoycordobaweb.com\/wp-content\/uploads\/2022\/12\/postergan-la-orden-de-desalojo-de-viviendas-en-villa-el-libertador.gif\" alt=\"\"><\/a><\/div>\n<\/div>\n<\/div>\n<\/div>\n<\/div>\n<p>La entrada <a rel=\"nofollow\" href=\"https:\/\/ladecimaweb.com\/postergan-la-orden-de-desalojo-de-viviendas-en-villa-el-libertador\/\">Postergan la orden de desalojo de viviendas en Villa El Libertador<\/a> se public\u00f3 primero en <a rel=\"nofollow\" href=\"https:\/\/ladecimaweb.com\">LaDecima<\/a>.<\/p>\n","protected":false},"excerpt":{"rendered":"<p>&nbsp;El Juzgado de Primera Nominaci\u00f3n Civil y Comercial N\u00ba 30 de la Provincia de C\u00f3rdoba resolvi\u00f3 diferir el lanzamiento (orden de desalojo) de viviendas en el marco de la problem\u00e1tica ambiental y sanitaria en Villa El Libertador Estaba previsto ejecutar la orden el 27 del corriente mes, pero por decisi\u00f3n de la jueza Ilse Ellerman [&hellip;]<\/p>\n","protected":false},"author":1,"featured_media":53367,"comment_status":"closed","ping_status":"closed","sticky":false,"template":"","format":"standard","meta":[],"categories":[19],"tags":[],"_links":{"self":[{"href":"http:\/\/hoycordobaweb.com\/index.php\/wp-json\/wp\/v2\/posts\/53366"}],"collection":[{"href":"http:\/\/hoycordobaweb.com\/index.php\/wp-json\/wp\/v2\/posts"}],"about":[{"href":"http:\/\/hoycordobaweb.com\/index.php\/wp-json\/wp\/v2\/types\/post"}],"author":[{"embeddable":true,"href":"http:\/\/hoycordobaweb.com\/index.php\/wp-json\/wp\/v2\/users\/1"}],"replies":[{"embeddable":true,"href":"http:\/\/hoycordobaweb.com\/index.php\/wp-json\/wp\/v2\/comments?post=53366"}],"version-history":[{"count":0,"href":"http:\/\/hoycordobaweb.com\/index.php\/wp-json\/wp\/v2\/posts\/53366\/revisions"}],"wp:featuredmedia":[{"embeddable":true,"href":"http:\/\/hoycordobaweb.com\/index.php\/wp-json\/wp\/v2\/media\/53367"}],"wp:attachment":[{"href":"http:\/\/hoycordobaweb.com\/index.php\/wp-json\/wp\/v2\/media?parent=53366"}],"wp:term":[{"taxonomy":"category","embeddable":true,"href":"http:\/\/hoycordobaweb.com\/index.php\/wp-json\/wp\/v2\/categories?post=53366"},{"taxonomy":"post_tag","embeddable":true,"href":"http:\/\/hoycordobaweb.com\/index.php\/wp-json\/wp\/v2\/tags?post=53366"}],"curies":[{"name":"wp","href":"https:\/\/api.w.org\/{rel}","templated":true}]}}