{"id":53335,"date":"2022-12-29T06:49:53","date_gmt":"2022-12-29T06:49:53","guid":{"rendered":"https:\/\/www.mujerhoy.com\/moda\/no-te-pierdas\/mejores-looks-isabel-preysler-2022-20221229072610-nt.html"},"modified":"2022-12-29T06:49:53","modified_gmt":"2022-12-29T06:49:53","slug":"los-mejores-looks-de-isabel-preysler-en-2022-desde-la-boda-de-su-sobrino-hasta-su-ultima-aparicion-publica-con-mario-vargas-llosa","status":"publish","type":"post","link":"http:\/\/hoycordobaweb.com\/index.php\/2022\/12\/29\/los-mejores-looks-de-isabel-preysler-en-2022-desde-la-boda-de-su-sobrino-hasta-su-ultima-aparicion-publica-con-mario-vargas-llosa\/","title":{"rendered":"Los mejores looks de Isabel Preysler en 2022: desde la boda de su sobrino hasta su \u00faltima aparici\u00f3n p\u00fablica con Mario Vargas Llosa"},"content":{"rendered":"<p><!-- AUTHOR --><\/p>\n<div class=\"voc-author-timesocial \"><!-- AUTHOR --><\/p>\n<div class=\"voc-author-timesocial__signature\"><!-- IMAGE AUTHOR --><picture class=\"voc-image-signature\"><img class=\"voc-image-signature__img\" src=\"http:\/\/hoycordobaweb.com\/wp-content\/uploads\/2022\/12\/los-mejores-looks-de-isabel-preysler-en-2022-desde-la-boda-de-su-sobrino-hasta-su-ultima-aparicion-publica-con-mario-vargas-llosa.jpg\" alt=\"Carla Dom\u00ednguez\"><\/picture><!-- INFO AUTHOR --><\/div>\n<\/div>\n<p><!-- COMPONENTS --><\/p>\n<p class=\"voc-paragraph\">Isabel Preysler es una de las mujeres m\u00e1s buscadas en nuestro pa\u00eds. Su estilo, clase y buen gusto la han convertido en una de las m\u00e1s influyentes. Tambi\u00e9n sus parejas, desde <a data-voc-vtm-id=\"in-text-traffic\" href=\"https:\/\/www.mujerhoy.com\/celebrities\/isabel-preysler-julio-iglesias-boda-divorcio-familia-tragedia-infidelidad-declaracion-amor-comunicado-prensa-20221005134518-nt.html\">el cantante Julio Iglesias<\/a> con quien comenz\u00f3 una relaci\u00f3n all\u00e1 por 1978 hasta el escritor <a data-voc-vtm-id=\"in-text-traffic\" href=\"https:\/\/www.mujerhoy.com\/celebrities\/realeza\/isabel-preysler-ruptura-mario-vargas-llosa-vivian-separados-relacion-ocho-anos-celos-desamor-20221228095714-nt.html\">Mario Vargas Llosa con quien acaba de romper<\/a> tras ocho a\u00f1os de noviazgo.\n<\/p>\n<p class=\"voc-paragraph\">\u00abMario y yo hemos decidido poner fin a nuestra relaci\u00f3n definitivamente. No quiero dar ninguna declaraci\u00f3n m\u00e1s y agradezco a los medios de comunicaci\u00f3n que nos ayuden en esta decisi\u00f3n\u00bb, anunciaba Isabel Preysler a una revista espa\u00f1ola.\n<\/p>\n<p class=\"voc-paragraph\">A pesar de haber tenido alguna crisis este 2022, Mario e Isabel se han mantenido unidos en algunos photocall y as\u00ed lo hemos podido ver. A pesar de este momento agridulce para Isabel y tambi\u00e9n su hija Tamara Falc\u00f3 despu\u00e9s de terminar con I\u00f1igo Onivea, lo que no hay duda es el buen gusto de la socialit\u00e9 a sus 71 a\u00f1os.\n<\/p>\n<p class=\"voc-paragraph\">Coincidiendo con los \u00faltimos d\u00edas del a\u00f1o, hacemos un repaso al estilo de Isabel Preysler y algunos de los looks tan elegantes que nos ha dejado en la alfombra roja y fuera de ella. Vestidos con estampado de flores para el d\u00eda a d\u00eda, u opciones algo m\u00e1s cl\u00e1sicas en azul beb\u00e9 para la boda de <a data-voc-vtm-id=\"in-text-traffic\" href=\"https:\/\/www.mujerhoy.com\/celebrities\/familia-preysler-sotogrande-millonarios-hermanos-isabel-desconocidos-primos-tamara-boda-alvaro-castillejo-20220706231121-nt.html\">su sobrino \u00c1lvaro Castillejo<\/a>, o el abrigo en lavanda para la boda m\u00e1s esperada de <a data-voc-vtm-id=\"in-text-traffic\" href=\"https:\/\/www.mujerhoy.com\/celebrities\/boda-cristina-reyes-estilista-isabel-preysler-ana-boyer-viste-famosas-invitados-royal-20221214135606-nt.html\">su estilista Cristina Reyes<\/a>. <\/p>\n<p><h3 class=\"voc-detail__title\"> En la boda de la estilista Cristina Reyes<br \/>\n<\/h3>\n<\/p>\n<div class=\"voc-detail-photo-zoom\"><picture data-toggle=\"modal\" data-target=\"#photoZoomModal-251\" target=\"modal\">\n<div class=\"voc-img-icon-link\"><img loading=\"lazy\" data-original=\"\/\/static.mujerhoy.com\/www\/multimedia\/202212\/28\/media\/cortadas\/isabel-preysler-boda-cristina-reyes-kBy--460x637@MujerHoy.jpeg\" class=\"lazy\" alt=\"Isabel Preysler junto a Ana Boyer y Tamara Falc\u00f3. Foto: @anaboyer.\"><noscript><img src=\"http:\/\/hoycordobaweb.com\/wp-content\/uploads\/2022\/12\/los-mejores-looks-de-isabel-preysler-en-2022-desde-la-boda-de-su-sobrino-hasta-su-ultima-aparicion-publica-con-mario-vargas-llosa-1.jpg\" alt=\"Isabel Preysler junto a Ana Boyer y Tamara Falc\u00f3. Foto: @anaboyer.\"><\/noscript><i class=\"voc-icons zoom voc-multimedia-box voc-ico-l\"><\/i><\/div><figcaption class=\"figure-caption\">Isabel Preysler junto a Ana Boyer y Tamara Falc\u00f3. Foto: @anaboyer.<\/figcaption><\/picture><\/div>\n<div id=\"photoZoomModal-251\" class=\"voc-lightbox modal fade voc-lightbox--photo-zoom\" role=\"dialog\" data-voc-photozoom-lightbox>\n<div class=\"voc-lightbox__dialog\" role=\"document\">\n<div class=\"voc-lightbox__content\"><!-- Modal header --><!-- Modal content --><\/p>\n<div class=\"voc-lightbox__photo-container\"><picture class><img loading=\"lazy\" data-original=\"\/\/static.mujerhoy.com\/www\/multimedia\/202212\/28\/media\/cortadas\/isabel-preysler-boda-cristina-reyes-kBy--460x637@MujerHoy.jpeg\" alt=\"Isabel Preysler junto a Ana Boyer y Tamara Falc\u00f3. Foto: @anaboyer.\" class=\"lazy\"><noscript><img src=\"http:\/\/hoycordobaweb.com\/wp-content\/uploads\/2022\/12\/los-mejores-looks-de-isabel-preysler-en-2022-desde-la-boda-de-su-sobrino-hasta-su-ultima-aparicion-publica-con-mario-vargas-llosa-1.jpg\" alt=\"Isabel Preysler junto a Ana Boyer y Tamara Falc\u00f3. Foto: @anaboyer.\"><\/noscript><\/picture><\/div>\n<\/div>\n<\/div>\n<\/div>\n<p class=\"voc-paragraph\">En la boda de su estilista Cristina Reyes, la socialit\u00e9 quiso apostar por un elegante vestido midi en tono azulado y corte estilo abrigo. Una elecci\u00f3n cl\u00e1sica y muy elegida por algunas royals como Kate Middleton para sus apariciones p\u00fablicas en invierno. Para dar un toque de contraste a\u00f1adi\u00f3 unos salones en color beige.\n<\/p>\n<p><h3 class=\"voc-detail__title\"> Con encaje y falda con volumen en negro<br \/>\n<\/h3>\n<\/p>\n<div class=\"voc-detail-photo-zoom\"><picture data-toggle=\"modal\" data-target=\"#photoZoomModal-79\" target=\"modal\">\n<div class=\"voc-img-icon-link\"><img loading=\"lazy\" data-original=\"\/\/static2.mujerhoy.com\/www\/multimedia\/202212\/28\/media\/cortadas\/isabel-preysler-look-negro-encaje-kBy--460x637@MujerHoy.jpg\" class=\"lazy\" alt=\"Isabel Preysler con top de encaje y falda negra. Foto: Gtres.\"><noscript><img src=\"http:\/\/hoycordobaweb.com\/wp-content\/uploads\/2022\/12\/los-mejores-looks-de-isabel-preysler-en-2022-desde-la-boda-de-su-sobrino-hasta-su-ultima-aparicion-publica-con-mario-vargas-llosa-2.jpg\" alt=\"Isabel Preysler con top de encaje y falda negra. Foto: Gtres.\"><\/noscript><i class=\"voc-icons zoom voc-multimedia-box voc-ico-l\"><\/i><\/div><figcaption class=\"figure-caption\">Isabel Preysler con top de encaje y falda negra. Foto: Gtres.<\/figcaption><\/picture><\/div>\n<div id=\"photoZoomModal-79\" class=\"voc-lightbox modal fade voc-lightbox--photo-zoom\" role=\"dialog\" data-voc-photozoom-lightbox>\n<div class=\"voc-lightbox__dialog\" role=\"document\">\n<div class=\"voc-lightbox__content\"><!-- Modal header --><!-- Modal content --><\/p>\n<div class=\"voc-lightbox__photo-container\"><picture class><img loading=\"lazy\" data-original=\"\/\/static2.mujerhoy.com\/www\/multimedia\/202212\/28\/media\/cortadas\/isabel-preysler-look-negro-encaje-kBy--460x637@MujerHoy.jpg\" alt=\"Isabel Preysler con top de encaje y falda negra. Foto: Gtres.\" class=\"lazy\"><noscript><img src=\"http:\/\/hoycordobaweb.com\/wp-content\/uploads\/2022\/12\/los-mejores-looks-de-isabel-preysler-en-2022-desde-la-boda-de-su-sobrino-hasta-su-ultima-aparicion-publica-con-mario-vargas-llosa-2.jpg\" alt=\"Isabel Preysler con top de encaje y falda negra. Foto: Gtres.\"><\/noscript><\/picture><\/div>\n<\/div>\n<\/div>\n<\/div>\n<p class=\"voc-paragraph\">Ha sido uno de los looks m\u00e1s recientes de Isabel Preysler en un photocall con un espectacular encaje de lo m\u00e1s rejuvenecedor. As\u00ed de impresionante y a sus 71 a\u00f1os, la socialit\u00e9 sorprend\u00eda a todos en <a data-voc-vtm-id=\"in-text-traffic\" href=\"https:\/\/www.mujerhoy.com\/moda\/no-te-pierdas\/isabel-preysler-vestido-negro-encaje-transparencias-look-rejuvenecedor-20221202073112-nt.html\">la fiesta de Mo\u00ebt &amp; Chandon<\/a> con un vestido negro de lo m\u00e1s original y con transparencias.\n<\/p>\n<p><h3 class=\"voc-detail__title\"> Acompa\u00f1ada de Mario Vargas Llosa con traje verde<br \/>\n<\/h3>\n<\/p>\n<div class=\"voc-detail-photo-zoom\"><picture data-toggle=\"modal\" data-target=\"#photoZoomModal-7\" target=\"modal\">\n<div class=\"voc-img-icon-link\"><img loading=\"lazy\" data-original=\"\/\/static2.mujerhoy.com\/www\/multimedia\/202212\/28\/media\/cortadas\/isabel-preysler-mario-vargas-llosa-traje-verde-kBy--460x637@MujerHoy.jpg\" class=\"lazy\" alt=\"Isabel Preysler y Mario Vargas Llosa. Foto: Gtres.\"><noscript><img src=\"http:\/\/hoycordobaweb.com\/wp-content\/uploads\/2022\/12\/los-mejores-looks-de-isabel-preysler-en-2022-desde-la-boda-de-su-sobrino-hasta-su-ultima-aparicion-publica-con-mario-vargas-llosa-3.jpg\" alt=\"Isabel Preysler y Mario Vargas Llosa. Foto: Gtres.\"><\/noscript><i class=\"voc-icons zoom voc-multimedia-box voc-ico-l\"><\/i><\/div><figcaption class=\"figure-caption\">Isabel Preysler y Mario Vargas Llosa. Foto: Gtres.<\/figcaption><\/picture><\/div>\n<div id=\"photoZoomModal-7\" class=\"voc-lightbox modal fade voc-lightbox--photo-zoom\" role=\"dialog\" data-voc-photozoom-lightbox>\n<div class=\"voc-lightbox__dialog\" role=\"document\">\n<div class=\"voc-lightbox__content\"><!-- Modal header --><!-- Modal content --><\/p>\n<div class=\"voc-lightbox__photo-container\"><picture class><img loading=\"lazy\" data-original=\"\/\/static2.mujerhoy.com\/www\/multimedia\/202212\/28\/media\/cortadas\/isabel-preysler-mario-vargas-llosa-traje-verde-kBy--460x637@MujerHoy.jpg\" alt=\"Isabel Preysler y Mario Vargas Llosa. Foto: Gtres.\" class=\"lazy\"><noscript><img src=\"http:\/\/hoycordobaweb.com\/wp-content\/uploads\/2022\/12\/los-mejores-looks-de-isabel-preysler-en-2022-desde-la-boda-de-su-sobrino-hasta-su-ultima-aparicion-publica-con-mario-vargas-llosa-3.jpg\" alt=\"Isabel Preysler y Mario Vargas Llosa. Foto: Gtres.\"><\/noscript><\/picture><\/div>\n<\/div>\n<\/div>\n<\/div>\n<p class=\"voc-paragraph\">Un perfecto traje en verde pistacho acompa\u00f1ado de un abrigo de color blanco. As\u00ed fue uno de los estilismos m\u00e1s deslumbrantes de Isabel Preysler donde posaba junto a su ya ex pareja Mario Vargas Llosa en la gala que otorgaba el Premio Madrile\u00f1o del A\u00f1o.\n<\/p>\n<p><h3 class=\"voc-detail__title\"> Con un total look en rojo<br \/>\n<\/h3>\n<\/p>\n<div class=\"voc-detail-photo-zoom\"><picture data-toggle=\"modal\" data-target=\"#photoZoomModal-110\" target=\"modal\">\n<div class=\"voc-img-icon-link\"><img loading=\"lazy\" data-original=\"\/\/static3.mujerhoy.com\/www\/multimedia\/202212\/28\/media\/cortadas\/isabel-preysler-total-look-rojo-kBy--460x637@MujerHoy.jpg\" class=\"lazy\" alt=\"Isabel Preysler con total look en rojo. Foto: Gtres.\"><noscript><img src=\"http:\/\/hoycordobaweb.com\/wp-content\/uploads\/2022\/12\/los-mejores-looks-de-isabel-preysler-en-2022-desde-la-boda-de-su-sobrino-hasta-su-ultima-aparicion-publica-con-mario-vargas-llosa-4.jpg\" alt=\"Isabel Preysler con total look en rojo. Foto: Gtres.\"><\/noscript><i class=\"voc-icons zoom voc-multimedia-box voc-ico-l\"><\/i><\/div><figcaption class=\"figure-caption\">Isabel Preysler con total look en rojo. Foto: Gtres.<\/figcaption><\/picture><\/div>\n<div id=\"photoZoomModal-110\" class=\"voc-lightbox modal fade voc-lightbox--photo-zoom\" role=\"dialog\" data-voc-photozoom-lightbox>\n<div class=\"voc-lightbox__dialog\" role=\"document\">\n<div class=\"voc-lightbox__content\"><!-- Modal header --><!-- Modal content --><\/p>\n<div class=\"voc-lightbox__photo-container\"><picture class><img loading=\"lazy\" data-original=\"\/\/static3.mujerhoy.com\/www\/multimedia\/202212\/28\/media\/cortadas\/isabel-preysler-total-look-rojo-kBy--460x637@MujerHoy.jpg\" alt=\"Isabel Preysler con total look en rojo. Foto: Gtres.\" class=\"lazy\"><noscript><img src=\"http:\/\/hoycordobaweb.com\/wp-content\/uploads\/2022\/12\/los-mejores-looks-de-isabel-preysler-en-2022-desde-la-boda-de-su-sobrino-hasta-su-ultima-aparicion-publica-con-mario-vargas-llosa-4.jpg\" alt=\"Isabel Preysler con total look en rojo. Foto: Gtres.\"><\/noscript><\/picture><\/div>\n<\/div>\n<\/div>\n<\/div>\n<p class=\"voc-paragraph\">La inauguraci\u00f3n del Teatro Real dio para mucho. All\u00ed acudi\u00f3 la reina Letizia y tambi\u00e9n Isabel Preysler junto a Mario Vargas Llosa. Para la ocasi\u00f3n, la socialit\u00e9 y madre de Tamara Falc\u00f3, eligi\u00f3 un mono satinado superfavorecedor de la firma de Silvia Tcherassi.\n<\/p>\n<p><h3 class=\"voc-detail__title\"> De azul, en la boda de su sobrino \u00c1lvaro Castillejo<br \/>\n<\/h3>\n<\/p>\n<div class=\"voc-detail-photo-zoom\"><picture data-toggle=\"modal\" data-target=\"#photoZoomModal-725\" target=\"modal\">\n<div class=\"voc-img-icon-link\"><img loading=\"lazy\" data-original=\"\/\/static2.mujerhoy.com\/www\/multimedia\/202212\/28\/media\/cortadas\/isabel-preysler-vestido-azul-boda-alvaro-castillejo-kBy--460x637@MujerHoy.jpg\" class=\"lazy\" alt=\"Isabel Preysler junto a su sobrino \u00c1lvaro Castillejo. Foto: Gtres.\"><noscript><img src=\"http:\/\/hoycordobaweb.com\/wp-content\/uploads\/2022\/12\/los-mejores-looks-de-isabel-preysler-en-2022-desde-la-boda-de-su-sobrino-hasta-su-ultima-aparicion-publica-con-mario-vargas-llosa-5.jpg\" alt=\"Isabel Preysler junto a su sobrino \u00c1lvaro Castillejo. Foto: Gtres.\"><\/noscript><i class=\"voc-icons zoom voc-multimedia-box voc-ico-l\"><\/i><\/div><figcaption class=\"figure-caption\">Isabel Preysler junto a su sobrino \u00c1lvaro Castillejo. Foto: Gtres.<\/figcaption><\/picture><\/div>\n<div id=\"photoZoomModal-725\" class=\"voc-lightbox modal fade voc-lightbox--photo-zoom\" role=\"dialog\" data-voc-photozoom-lightbox>\n<div class=\"voc-lightbox__dialog\" role=\"document\">\n<div class=\"voc-lightbox__content\"><!-- Modal header --><!-- Modal content --><\/p>\n<div class=\"voc-lightbox__photo-container\"><picture class><img loading=\"lazy\" data-original=\"\/\/static2.mujerhoy.com\/www\/multimedia\/202212\/28\/media\/cortadas\/isabel-preysler-vestido-azul-boda-alvaro-castillejo-kBy--460x637@MujerHoy.jpg\" alt=\"Isabel Preysler junto a su sobrino \u00c1lvaro Castillejo. Foto: Gtres.\" class=\"lazy\"><noscript><img src=\"http:\/\/hoycordobaweb.com\/wp-content\/uploads\/2022\/12\/los-mejores-looks-de-isabel-preysler-en-2022-desde-la-boda-de-su-sobrino-hasta-su-ultima-aparicion-publica-con-mario-vargas-llosa-5.jpg\" alt=\"Isabel Preysler junto a su sobrino \u00c1lvaro Castillejo. Foto: Gtres.\"><\/noscript><\/picture><\/div>\n<\/div>\n<\/div>\n<\/div>\n<p class=\"voc-paragraph\">Una de las bodas m\u00e1s esperadas del a\u00f1o para Isabel Preysler era la de su sobrino, \u00c1lvaro Castillejo. Al evento nupcial la socialit\u00e9 acudi\u00f3 de una forma elegante con un vestido midi en color azul beb\u00e9, escote en los hombros y manga larga. Acompa\u00f1\u00f3 el vestido con accesorios tambi\u00e9n en azul, tanto las sansalias como el bolso.\n<\/p>\n<p><!-- TOPICS --><\/p>\n","protected":false},"excerpt":{"rendered":"<p>Isabel Preysler es una de las mujeres m\u00e1s buscadas en nuestro pa\u00eds. Su estilo, clase y buen gusto la han convertido en una de las m\u00e1s influyentes. Tambi\u00e9n sus parejas, desde el cantante Julio Iglesias con quien comenz\u00f3 una relaci\u00f3n all\u00e1 por 1978 hasta el escritor Mario Vargas Llosa con quien acaba de romper tras [&hellip;]<\/p>\n","protected":false},"author":1,"featured_media":53336,"comment_status":"closed","ping_status":"closed","sticky":false,"template":"","format":"standard","meta":[],"categories":[1],"tags":[],"_links":{"self":[{"href":"http:\/\/hoycordobaweb.com\/index.php\/wp-json\/wp\/v2\/posts\/53335"}],"collection":[{"href":"http:\/\/hoycordobaweb.com\/index.php\/wp-json\/wp\/v2\/posts"}],"about":[{"href":"http:\/\/hoycordobaweb.com\/index.php\/wp-json\/wp\/v2\/types\/post"}],"author":[{"embeddable":true,"href":"http:\/\/hoycordobaweb.com\/index.php\/wp-json\/wp\/v2\/users\/1"}],"replies":[{"embeddable":true,"href":"http:\/\/hoycordobaweb.com\/index.php\/wp-json\/wp\/v2\/comments?post=53335"}],"version-history":[{"count":0,"href":"http:\/\/hoycordobaweb.com\/index.php\/wp-json\/wp\/v2\/posts\/53335\/revisions"}],"wp:featuredmedia":[{"embeddable":true,"href":"http:\/\/hoycordobaweb.com\/index.php\/wp-json\/wp\/v2\/media\/53336"}],"wp:attachment":[{"href":"http:\/\/hoycordobaweb.com\/index.php\/wp-json\/wp\/v2\/media?parent=53335"}],"wp:term":[{"taxonomy":"category","embeddable":true,"href":"http:\/\/hoycordobaweb.com\/index.php\/wp-json\/wp\/v2\/categories?post=53335"},{"taxonomy":"post_tag","embeddable":true,"href":"http:\/\/hoycordobaweb.com\/index.php\/wp-json\/wp\/v2\/tags?post=53335"}],"curies":[{"name":"wp","href":"https:\/\/api.w.org\/{rel}","templated":true}]}}