{"id":53325,"date":"2022-12-29T01:03:26","date_gmt":"2022-12-29T01:03:26","guid":{"rendered":"https:\/\/www.ole.com.ar\/ecuador\/internacional\/tyler-adams-revela-que-estados-unidos-jugara-la-copa-america_0_OjZxDxl4ma.html"},"modified":"2022-12-29T01:03:26","modified_gmt":"2022-12-29T01:03:26","slug":"estados-unidos-estara-en-la-copa-america-2024","status":"publish","type":"post","link":"http:\/\/hoycordobaweb.com\/index.php\/2022\/12\/29\/estados-unidos-estara-en-la-copa-america-2024\/","title":{"rendered":"\u00bfEstados Unidos estar\u00e1 en la Copa Am\u00e9rica 2024?"},"content":{"rendered":"<p><img src=\"http:\/\/hoycordobaweb.com\/wp-content\/uploads\/2022\/12\/estados-unidos-estara-en-la-copa-america-2024.jpg\"><\/p>\n<div class=\"custom-text \" readability=\"23.712574850299\">\n<p><strong>Tyler Adams<\/strong> acaba lanzar una primicia inesperada. Mientras el futbolista participaba del debate en la previa del partido entre su equipo <a href=\"https:\/\/www.ole.com.ar\/tema\/leeds-united.html\" title=\"Leeds United\" alt=\"Leeds United\" class=\"slug\"><strong>Leeds United<\/strong><\/a> contra <a href=\"https:\/\/www.ole.com.ar\/tema\/manchester-city.html\" title=\"Manchester City\" alt=\"Manchester City\" class=\"slug\"><strong>Manchester City<\/strong><\/a> (<a href=\"https:\/\/www.ole.com.ar\/futbol-internacional\/inglaterra\/city-leeds-partido-premier_0_Ef8xm2C7pF.html\"><strong>termin\u00f3 3 a 1 para los Citizens<\/strong><\/a> con doblete de <a href=\"https:\/\/www.ole.com.ar\/tema\/erling-haaland.html\" title=\"Erling Haaland\" alt=\"Erling Haaland\" class=\"slug\"><strong>Erling Haaland<\/strong><\/a>), <strong>asegur\u00f3 que la <\/strong><a href=\"https:\/\/www.ole.com.ar\/tema\/seleccion-de-estados-unidos.html\" title=\"Selecci\u00f3n de Estados Unidos\" alt=\"Selecci\u00f3n de Estados Unidos\" class=\"slug\"><strong>Selecci\u00f3n de Estados Unidos<\/strong><\/a><strong> participar\u00e1 de la pr\u00f3xima <\/strong><a href=\"https:\/\/www.ole.com.ar\/tema\/copa-america.html\" target=\"_blank\" title=\"Copa America\" alt=\"Copa America\" class=\"slug\" rel=\"noopener noreferrer\"><strong>Copa Am\u00e9rica<\/strong><\/a><strong> en 2024<\/strong>.<\/p>\n<\/div>\n<div class=\"sc-489cef11-0 jHGTKj\" readability=\"6\">\n<section readability=\"2\"><picture><img class=\"img\" src=\"http:\/\/hoycordobaweb.com\/wp-content\/uploads\/2022\/12\/estados-unidos-estara-en-la-copa-america-2024-2.jpg\" alt=\"El Liverpool present\u00f3 a su nueva joya y Klopp lo recibi\u00f3 con un abrazo\" height=\"290\" width=\"290\" loading=\"lazy\"><\/picture>\n<p><span>Mir\u00e1 tambi\u00e9n<\/span><\/p>\n<hr>\n<h3>El Liverpool present\u00f3 a su nueva joya y Klopp lo recibi\u00f3 con un abrazo<\/h3>\n<\/p>\n<\/section>\n<\/div>\n<div class=\"sc-996041c8-0 kvfKM\"><img alt=\"Tyler Adams, jugador del Leeds y Estados Unidos.\" src=\"http:\/\/hoycordobaweb.com\/wp-content\/uploads\/2022\/12\/estados-unidos-estara-en-la-copa-america-2024-3.jpg\" width=\"720\" height=\"0\" decoding=\"async\" data-nimg=\"future\" loading=\"lazy\"><span>Tyler Adams, jugador del Leeds y Estados Unidos.<\/span><\/div>\n<div class=\"custom-text \" readability=\"37\">\n<p>\u00abPienso que es importante que el equipo tome los pr\u00f3ximos torneos que se vienen como preparaci\u00f3n y para seguir construyendo la qu\u00edmica en la cancha. Una de las cosas que nos cost\u00f3 en esta Copa del Mundo fue nuestros mejores jugadores no llegaron en las mejores condiciones. De cara al pr\u00f3ximo Mundial tenemos grandes competencias como la Liga de Naciones y <strong>tendremos la oportunidad de jugar la Copa Am\u00e9rica, donde podremos ganar experiencia<\/strong>\u00ab, sostuvo el mediocampista.<\/p>\n<\/div>\n<div class=\"sc-996041c8-0 kvfKM\"><img alt=\"Tyler Adams durante el \u00faltimo Mundial.\" src=\"http:\/\/hoycordobaweb.com\/wp-content\/uploads\/2022\/12\/estados-unidos-estara-en-la-copa-america-2024-4.jpg\" width=\"720\" height=\"0\" decoding=\"async\" data-nimg=\"future\" loading=\"lazy\"><span>Tyler Adams durante el \u00faltimo Mundial.<\/span><\/div>\n<div class=\"custom-text \" readability=\"38\">\n<p>Las declaraciones del jugador de 23 a\u00f1os no tardaron en volverse virales, dado que, <strong>hasta el momento, no hab\u00eda ninguna confirmaci\u00f3n oficial de que selecciones de la Confederaci\u00f3n de Norteam\u00e9rica, Centroam\u00e9rica y el Caribe de F\u00fatbol (CONCACAF) fueran a participar en el certamen<\/strong>.<\/p>\n<\/div>\n<div class=\"custom-text \" readability=\"36\">\n<p>Adem\u00e1s, esto <strong>aumenta los rumores sobre la posibilidad de que la Copa se juegue en territorio estadounidense como antesala del Mundial 2026<\/strong>, que tiene a Estados Unidos como uno de los anfitriones junto a M\u00e9xico y Canad\u00e1.<\/p>\n<\/div>\n<div class=\"sc-996041c8-0 kvfKM\"><img alt=\"Argentina, campe\u00f3n defensor de la Copa Am\u00e9rica.\" src=\"http:\/\/hoycordobaweb.com\/wp-content\/uploads\/2022\/12\/estados-unidos-estara-en-la-copa-america-2024-5.jpg\" width=\"720\" height=\"0\" decoding=\"async\" data-nimg=\"future\" loading=\"lazy\"><span>Argentina, campe\u00f3n defensor de la Copa Am\u00e9rica.<\/span><\/div>\n<div class=\"custom-text \" readability=\"39\">\n<p><strong>El seleccionado norteamericano particip\u00f3 en cuatro Copas Am\u00e9ricas en el pasado, siendo la primera en Ecuador 1993 y la \u00faltima en 2016, en la edici\u00f3n Centenario donde adem\u00e1s fue el pa\u00eds organizador<\/strong>. Su mejor resultado fue un cuarto puesto, obtenido en las ediciones de 1995 y 2016, donde perdi\u00f3 con Argentina 4 a 0 en semifinales.<\/p>\n<\/div>\n<div class=\"sc-489cef11-0 jHGTKj\" readability=\"6\">\n<section readability=\"2\"><picture><img class=\"img\" src=\"http:\/\/hoycordobaweb.com\/wp-content\/uploads\/2022\/12\/estados-unidos-estara-en-la-copa-america-2024-6.jpg\" alt=\"El halago de Guardiola a un jugador del City: &quot;Es tan sexy&quot;\" height=\"290\" width=\"290\" loading=\"lazy\"><\/picture>\n<p><span>Mir\u00e1 tambi\u00e9n<\/span><\/p>\n<hr>\n<h3>El halago de Guardiola a un jugador del City: \u00abEs tan sexy\u00bb<\/h3>\n<\/p>\n<\/section>\n<\/div>\n<div class=\"sc-489cef11-0 jHGTKj\" readability=\"6\">\n<section readability=\"2\"><picture><img class=\"img\" src=\"http:\/\/hoycordobaweb.com\/wp-content\/uploads\/2022\/12\/estados-unidos-estara-en-la-copa-america-2024-7.jpg\" alt=\"Registro incre\u00edble: Haaland cierra el a\u00f1o con m\u00e1s goles que partidos\" height=\"290\" width=\"290\" loading=\"lazy\"><\/picture>\n<p><span>Mir\u00e1 tambi\u00e9n<\/span><\/p>\n<hr>\n<h3>Registro incre\u00edble: Haaland cierra el a\u00f1o con m\u00e1s goles que partidos<\/h3>\n<\/p>\n<\/section>\n<\/div>\n","protected":false},"excerpt":{"rendered":"<p>Tyler Adams acaba lanzar una primicia inesperada. Mientras el futbolista participaba del debate en la previa del partido entre su equipo Leeds United contra Manchester City (termin\u00f3 3 a 1 para los Citizens con doblete de Erling Haaland), asegur\u00f3 que la Selecci\u00f3n de Estados Unidos participar\u00e1 de la pr\u00f3xima Copa Am\u00e9rica en 2024. Mir\u00e1 tambi\u00e9n [&hellip;]<\/p>\n","protected":false},"author":1,"featured_media":53326,"comment_status":"open","ping_status":"closed","sticky":false,"template":"","format":"standard","meta":[],"categories":[16],"tags":[],"_links":{"self":[{"href":"http:\/\/hoycordobaweb.com\/index.php\/wp-json\/wp\/v2\/posts\/53325"}],"collection":[{"href":"http:\/\/hoycordobaweb.com\/index.php\/wp-json\/wp\/v2\/posts"}],"about":[{"href":"http:\/\/hoycordobaweb.com\/index.php\/wp-json\/wp\/v2\/types\/post"}],"author":[{"embeddable":true,"href":"http:\/\/hoycordobaweb.com\/index.php\/wp-json\/wp\/v2\/users\/1"}],"replies":[{"embeddable":true,"href":"http:\/\/hoycordobaweb.com\/index.php\/wp-json\/wp\/v2\/comments?post=53325"}],"version-history":[{"count":0,"href":"http:\/\/hoycordobaweb.com\/index.php\/wp-json\/wp\/v2\/posts\/53325\/revisions"}],"wp:featuredmedia":[{"embeddable":true,"href":"http:\/\/hoycordobaweb.com\/index.php\/wp-json\/wp\/v2\/media\/53326"}],"wp:attachment":[{"href":"http:\/\/hoycordobaweb.com\/index.php\/wp-json\/wp\/v2\/media?parent=53325"}],"wp:term":[{"taxonomy":"category","embeddable":true,"href":"http:\/\/hoycordobaweb.com\/index.php\/wp-json\/wp\/v2\/categories?post=53325"},{"taxonomy":"post_tag","embeddable":true,"href":"http:\/\/hoycordobaweb.com\/index.php\/wp-json\/wp\/v2\/tags?post=53325"}],"curies":[{"name":"wp","href":"https:\/\/api.w.org\/{rel}","templated":true}]}}