{"id":53298,"date":"2022-12-28T10:58:00","date_gmt":"2022-12-28T10:58:00","guid":{"rendered":"http:\/\/hoycordobaweb.com\/index.php\/2022\/12\/28\/el-congreso-de-peru-demora-el-debate-sobre-reemplazo-temporal-de-boluarte\/"},"modified":"2022-12-28T10:58:00","modified_gmt":"2022-12-28T10:58:00","slug":"el-congreso-de-peru-demora-el-debate-sobre-reemplazo-temporal-de-boluarte","status":"publish","type":"post","link":"http:\/\/hoycordobaweb.com\/index.php\/2022\/12\/28\/el-congreso-de-peru-demora-el-debate-sobre-reemplazo-temporal-de-boluarte\/","title":{"rendered":"El Congreso de Per\u00fa demora el debate sobre reemplazo temporal de Boluarte"},"content":{"rendered":"<p><img src=\"http:\/\/hoycordobaweb.com\/wp-content\/uploads\/2022\/12\/el-congreso-de-peru-demora-el-debate-sobre-reemplazo-temporal-de-boluarte.jpg\"><\/p>\n<figure class=\"mb-3\"><img loading=\"lazy\" src=\"http:\/\/hoycordobaweb.com\/wp-content\/uploads\/2022\/12\/el-congreso-de-peru-demora-el-debate-sobre-reemplazo-temporal-de-boluarte-2.jpg\" width=\"100%\" height=\"100%\" alt=\"La urgencia de la iniciativa se debe a la intencin de la mandataria de asistir a la asuncin Luiz Incio Lula da Silva en Brasil Foto AFP\"><figcaption> La urgencia de la iniciativa se debe a la intenci\u00f3n de la mandataria de asistir a la asunci\u00f3n Luiz In\u00e1cio Lula da Silva en Brasil. Foto AFP <\/figcaption><\/figure>\n<p>Una <strong>comisi\u00f3n del Congreso de Per\u00fa<\/strong> suspendi\u00f3 una sesi\u00f3n destinada a <strong>debatir un proyecto<\/strong> de ley del Gobierno para que la presidenta del pa\u00eds, <strong>Dina Boluarte, puede ser reemplazada de manera interina<\/strong> por el titular del Parlamento <strong>si ella debe viajar al exterior<\/strong>.<\/p>\n<p>El presidente de la Comisi\u00f3n de Constituci\u00f3n y Reglamento, Hernando Guerra Garc\u00eda, dijo este martes por la noche que suspend\u00eda el debate luego de haber escuchado opiniones a favor y en contra de la medida por parte del resto de miembros del cuerpo.<\/p>\n<p>En las casi dos horas de debate hasta entonces, diversos parlamentarios se\u00f1alaron que lo recomendable era <strong>dejar el asunto a expertos constitucionales<\/strong> que pudieran objetar sobre la legalidad de la propuesta del Ejecutivo, inform\u00f3 la emisora RPP.<\/p>\n<p>Se espera que, tras el veredicto de los expertos, la comisi\u00f3n trate la medida, que debe ser aprobada por dictamen del cuerpo para permitir su debate en el pleno del Parlamento unicameral.<\/p>\n<p>Boluarte <strong>present\u00f3 la iniciativa el lunes \u201ccon car\u00e1cter urgente\u201d<\/strong>, y el diputado fujimorista Guerra manifest\u00f3 su disposici\u00f3n a que el grupo se reuniera de inmediato.<\/p>\n<p>La urgencia de la iniciativa se debe a la intenci\u00f3n de la mandataria de <strong>asistir a la asunci\u00f3n del presidente electo de Brasil, Luiz In\u00e1cio Lula da Silva<\/strong>, el domingo pr\u00f3ximo, y el proyecto propone que el presidente del Congreso, Jos\u00e9 Williams, asuma la Presidencia hasta su regreso.<\/p>\n<p>Ese viaje \u201ces una ocasi\u00f3n sumamente importante para que la se\u00f1ora presidenta pueda llevar personalmente <strong>el mensaje de la normalidad democr\u00e1tica<\/strong> y constitucional que se vive en el Per\u00fa y ejercer la diplomacia presidencial que es importante\u201d, afirm\u00f3 la canciller, Ana Gervasi, seg\u00fan la agencia de noticias Andina.<\/p>\n<p>La propuesta de Boluarte se basa en <strong>un vac\u00edo de la Constituci\u00f3n<\/strong> y en el hecho de que <strong>las dos vicepresidencias<\/strong> que contempla el r\u00e9gimen legal peruano <strong>est\u00e1n vacantes<\/strong>.<\/p>\n<figure class=\"mb-3\"><img loading=\"lazy\" src=\"http:\/\/hoycordobaweb.com\/wp-content\/uploads\/2022\/12\/el-congreso-de-peru-demora-el-debate-sobre-reemplazo-temporal-de-boluarte-3.jpg\" width=\"100%\" height=\"100%\" alt=\"El Congreso no le permiti al expresidente Gustavo Petro salir del pas en cuatro oportunidades \"><figcaption> El Congreso no le permiti\u00f3 al expresidente Gustavo Petro salir del pa\u00eds en cuatro oportunidades. <\/figcaption><\/figure>\n<p>El art\u00edculo 115 de la carta magna establece que en caso de \u201cimpedimento temporal o permanente\u201d del presidente de la rep\u00fablica, la l\u00ednea de sucesi\u00f3n est\u00e1 compuesta por el primer vicepresidente, el segundo vicepresidente y el presidente del Congreso, en ese orden.<\/p>\n<p>Pero el \u00faltimo p\u00e1rrafo de ese art\u00edculo se\u00f1ala que \u201ccuando el presidente de la rep\u00fablica sale del territorio nacional, el primer vicepresidente se encarga del despacho\u201d y \u201cen su defecto, lo hace el segundo vicepresidente\u201d, sin mencionar taxativamente qu\u00e9 debe ocurrir si no hay vicepresidentes.<\/p>\n<h2 class>El contexto pol\u00edtico<\/h2>\n<p>Boluarte asumi\u00f3 la Presidencia de Per\u00fa el 7 de este mes en su car\u00e1cter de vicepresidenta, luego de la destituci\u00f3n del mandatario Pedro Castillo votada por el Parlamento.<\/p>\n<p>Castillo asumi\u00f3 el gobierno el 28 de julio de 2021 solo con Boluarte como vicepresidenta, luego de que la justicia electoral inhabilitara al postulante a segundo vice, Vladimir Cerr\u00f3n, condenado por corrupci\u00f3n, cuando ya hab\u00eda vencido el plazo legal para introducir cambios en las f\u00f3rmulas de candidatos para los comicios de abril de ese a\u00f1o.<\/p>\n<p>De aprobarse el proyecto de Boluarte -que postula una reforma del art\u00edculo 32 del Reglamento del Congreso y no una modificaci\u00f3n constitucional-, el presidente del parlamento podr\u00e1 realizar las funciones representativas y administrativas que permitan el normal desarrollo de la Presidencia, pero no podr\u00e1 llevar a cabo actos de gobierno.<\/p>\n<p>Esta propuesta tiene lugar despu\u00e9s de los enfrentamientos entre el Congreso y el anterior Ejecutivo, presidido por Castillo, a quien -por ejemplo- <strong>en cuatro ocasiones el Legislativo le neg\u00f3 el permiso para que acudiera a compromisos en el exterior<\/strong>, alegando que estaba siendo investigado por la Fiscal\u00eda General y que exist\u00eda riesgo de fuga.<\/p>\n<p>El Congreso no le permiti\u00f3 al expresidente acudir a la investidura de Gustavo Petro en Colombia, ni encontrarse en Bruselas con la presidenta de la Comisi\u00f3n Europea, Ursula von der Leyen, o con el papa Francisco en El Vaticano.&nbsp;Tampoco le permiti\u00f3 acudir a M\u00e9xico para participar de una cumbre de la Alianza del Pac\u00edfico.<\/p>\n<p>Seg\u00fan el art\u00edculo 102 de la Constituci\u00f3n -heredada de la dictadura de Alberto Fujimori-, el Congreso tiene entre sus atribuciones \u201cautorizar al presidente de la rep\u00fablica para salir del pa\u00eds\u201d. <\/p>\n","protected":false},"excerpt":{"rendered":"<p>La urgencia de la iniciativa se debe a la intenci\u00f3n de la mandataria de asistir a la asunci\u00f3n Luiz In\u00e1cio Lula da Silva en Brasil. Foto AFP Una comisi\u00f3n del Congreso de Per\u00fa suspendi\u00f3 una sesi\u00f3n destinada a debatir un proyecto de ley del Gobierno para que la presidenta del pa\u00eds, Dina Boluarte, puede ser [&hellip;]<\/p>\n","protected":false},"author":1,"featured_media":53299,"comment_status":"open","ping_status":"closed","sticky":false,"template":"","format":"standard","meta":[],"categories":[19],"tags":[],"_links":{"self":[{"href":"http:\/\/hoycordobaweb.com\/index.php\/wp-json\/wp\/v2\/posts\/53298"}],"collection":[{"href":"http:\/\/hoycordobaweb.com\/index.php\/wp-json\/wp\/v2\/posts"}],"about":[{"href":"http:\/\/hoycordobaweb.com\/index.php\/wp-json\/wp\/v2\/types\/post"}],"author":[{"embeddable":true,"href":"http:\/\/hoycordobaweb.com\/index.php\/wp-json\/wp\/v2\/users\/1"}],"replies":[{"embeddable":true,"href":"http:\/\/hoycordobaweb.com\/index.php\/wp-json\/wp\/v2\/comments?post=53298"}],"version-history":[{"count":0,"href":"http:\/\/hoycordobaweb.com\/index.php\/wp-json\/wp\/v2\/posts\/53298\/revisions"}],"wp:featuredmedia":[{"embeddable":true,"href":"http:\/\/hoycordobaweb.com\/index.php\/wp-json\/wp\/v2\/media\/53299"}],"wp:attachment":[{"href":"http:\/\/hoycordobaweb.com\/index.php\/wp-json\/wp\/v2\/media?parent=53298"}],"wp:term":[{"taxonomy":"category","embeddable":true,"href":"http:\/\/hoycordobaweb.com\/index.php\/wp-json\/wp\/v2\/categories?post=53298"},{"taxonomy":"post_tag","embeddable":true,"href":"http:\/\/hoycordobaweb.com\/index.php\/wp-json\/wp\/v2\/tags?post=53298"}],"curies":[{"name":"wp","href":"https:\/\/api.w.org\/{rel}","templated":true}]}}