{"id":53288,"date":"2022-12-28T06:53:59","date_gmt":"2022-12-28T06:53:59","guid":{"rendered":"https:\/\/www.mujerhoy.com\/moda\/no-te-pierdas\/reina-letizia-mejores-looks-2022-vestidos-polemicos-rejuvenecen-20221228075358-nt.html"},"modified":"2022-12-28T06:53:59","modified_gmt":"2022-12-28T06:53:59","slug":"los-mejores-looks-de-la-reina-letizia-de-2022-los-vestidos-que-mas-han-dado-de-que-hablar-y-que-rejuvenecen-a-los-50","status":"publish","type":"post","link":"http:\/\/hoycordobaweb.com\/index.php\/2022\/12\/28\/los-mejores-looks-de-la-reina-letizia-de-2022-los-vestidos-que-mas-han-dado-de-que-hablar-y-que-rejuvenecen-a-los-50\/","title":{"rendered":"Los mejores looks de la reina Letizia de 2022: los vestidos que m\u00e1s han dado de qu\u00e9 hablar y que rejuvenecen a los 50"},"content":{"rendered":"<p><!-- AUTHOR --><\/p>\n<div class=\"voc-author-timesocial \"><!-- AUTHOR --><\/p>\n<div class=\"voc-author-timesocial__signature\"><!-- IMAGE AUTHOR --><picture class=\"voc-image-signature\"><img class=\"voc-image-signature__img\" src=\"http:\/\/hoycordobaweb.com\/wp-content\/uploads\/2022\/12\/los-mejores-looks-de-la-reina-letizia-de-2022-los-vestidos-que-mas-han-dado-de-que-hablar-y-que-rejuvenecen-a-los-50.jpg\" alt=\"Raquel Rodr\u00edguez\"><\/picture><!-- INFO AUTHOR --><\/div>\n<\/div>\n<p><!-- COMPONENTS --><\/p>\n<p class=\"voc-paragraph\">A pocos d\u00edas de que termine el 2022, repasamos <strong>los mejores looks<\/strong> de la que es una de las mujeres m\u00e1s elegantes de nuestro pa\u00eds:<br \/>\n<a data-voc-vtm-id=\"in-text-traffic\" href=\"https:\/\/www.mujerhoy.com\/temas\/personajes\/reina-dona-letizia.html\"> la reina Letizia<\/a>. La monarca es nuestra mejor embajadora en cuanto a estilo se refiere y sus outfits que combinan ese estilo cl\u00e1sico con prendas tendencia mucho m\u00e1s sofisticadas la colocan siempre entre las mejor vestidas. \u00a1Ficha cu\u00e1l es tu favorito!\n<\/p>\n<p><h3 class=\"voc-detail__title\"> El vestido de los Premios Princesa de Asturias<br \/>\n<\/h3>\n<\/p>\n<div class=\"voc-detail-photo-zoom\"><picture data-toggle=\"modal\" data-target=\"#photoZoomModal-177\" target=\"modal\">\n<div class=\"voc-img-icon-link\"><img loading=\"lazy\" data-original=\"\/\/static.mujerhoy.com\/www\/multimedia\/202212\/27\/media\/cortadas\/letizia-vestido-negro-kogF--460x637@MujerHoy.jpg\" class=\"lazy\" alt=\"La reina Letizia con un vestido de Caolina Herrera en los Premios Princesa de Asturias. \/ GTRES\"><noscript><img src=\"http:\/\/hoycordobaweb.com\/wp-content\/uploads\/2022\/12\/los-mejores-looks-de-la-reina-letizia-de-2022-los-vestidos-que-mas-han-dado-de-que-hablar-y-que-rejuvenecen-a-los-50-1.jpg\" alt=\"La reina Letizia con un vestido de Caolina Herrera en los Premios Princesa de Asturias. \/ GTRES\"><\/noscript><i class=\"voc-icons zoom voc-multimedia-box voc-ico-l\"><\/i><\/div><figcaption class=\"figure-caption\">La reina Letizia con un vestido de Caolina Herrera en los Premios Princesa de Asturias. \/ GTRES<\/figcaption><\/picture><\/div>\n<div id=\"photoZoomModal-177\" class=\"voc-lightbox modal fade voc-lightbox--photo-zoom\" role=\"dialog\" data-voc-photozoom-lightbox>\n<div class=\"voc-lightbox__dialog\" role=\"document\">\n<div class=\"voc-lightbox__content\"><!-- Modal header --><!-- Modal content --><\/p>\n<div class=\"voc-lightbox__photo-container\"><picture class><img loading=\"lazy\" data-original=\"\/\/static.mujerhoy.com\/www\/multimedia\/202212\/27\/media\/cortadas\/letizia-vestido-negro-kogF--460x637@MujerHoy.jpg\" alt=\"La reina Letizia con un vestido de Caolina Herrera en los Premios Princesa de Asturias. \/ GTRES\" class=\"lazy\"><noscript><img src=\"http:\/\/hoycordobaweb.com\/wp-content\/uploads\/2022\/12\/los-mejores-looks-de-la-reina-letizia-de-2022-los-vestidos-que-mas-han-dado-de-que-hablar-y-que-rejuvenecen-a-los-50-1.jpg\" alt=\"La reina Letizia con un vestido de Caolina Herrera en los Premios Princesa de Asturias. \/ GTRES\"><\/noscript><\/picture><\/div>\n<\/div>\n<\/div>\n<\/div>\n<p class=\"voc-paragraph\">Es los Premios Princesa de Asturias, la reina Letizia escogi\u00f3 un precioso vestido en color blanco y negro de Carolina Herrera. Un dise\u00f1o protagonizado por una parte superior elaborada con apliques 3D de flores en color blanco y plateado y que iba en perfecta sinton\u00eda con el maquillaje con <a data-voc-vtm-id=\"in-text-traffic\" href=\"https:\/\/www.mujerhoy.com\/belleza\/maquillaje\/reina-letizia-eyeliner-rejuvenece-mirada-levanta-parpado-caido-maquillaje-antiedad-facil-20221029222322-nt.html\">un eyeliner blanco<\/a>.\n<\/p>\n<p><h3 class=\"voc-detail__title\"> La pol\u00e9mica falda de H&amp;M de Letizia<br \/>\n<\/h3>\n<\/p>\n<div class=\"voc-detail-photo-zoom\"><picture data-toggle=\"modal\" data-target=\"#photoZoomModal-614\" target=\"modal\">\n<div class=\"voc-img-icon-link\"><img loading=\"lazy\" data-original=\"\/\/static2.mujerhoy.com\/www\/multimedia\/202212\/27\/media\/cortadas\/reina-letizia-falda-hym-kogF--460x637@MujerHoy.jpg\" class=\"lazy\" alt=\"La reina Letizia con una falda de H&amp;M. \/ GTRES\"><noscript><img src=\"http:\/\/hoycordobaweb.com\/wp-content\/uploads\/2022\/12\/los-mejores-looks-de-la-reina-letizia-de-2022-los-vestidos-que-mas-han-dado-de-que-hablar-y-que-rejuvenecen-a-los-50-2.jpg\" alt=\"La reina Letizia con una falda de H&amp;M. \/ GTRES\"><\/noscript><i class=\"voc-icons zoom voc-multimedia-box voc-ico-l\"><\/i><\/div><figcaption class=\"figure-caption\">La reina Letizia con una falda de H&amp;M. \/ GTRES<\/figcaption><\/picture><\/div>\n<div id=\"photoZoomModal-614\" class=\"voc-lightbox modal fade voc-lightbox--photo-zoom\" role=\"dialog\" data-voc-photozoom-lightbox>\n<div class=\"voc-lightbox__dialog\" role=\"document\">\n<div class=\"voc-lightbox__content\"><!-- Modal header --><!-- Modal content --><\/p>\n<div class=\"voc-lightbox__photo-container\"><picture class><img loading=\"lazy\" data-original=\"\/\/static2.mujerhoy.com\/www\/multimedia\/202212\/27\/media\/cortadas\/reina-letizia-falda-hym-kogF--460x637@MujerHoy.jpg\" alt=\"La reina Letizia con una falda de H&amp;M. \/ GTRES\" class=\"lazy\"><noscript><img src=\"http:\/\/hoycordobaweb.com\/wp-content\/uploads\/2022\/12\/los-mejores-looks-de-la-reina-letizia-de-2022-los-vestidos-que-mas-han-dado-de-que-hablar-y-que-rejuvenecen-a-los-50-2.jpg\" alt=\"La reina Letizia con una falda de H&amp;M. \/ GTRES\"><\/noscript><\/picture><\/div>\n<\/div>\n<\/div>\n<\/div>\n<p class=\"voc-paragraph\">Boquiabiertos nos dej\u00f3 la reina cuando apareci\u00f3 en el \u00abFestival de Cine &#8216;\u00d3pera Prima&#8217; Ciudad de Tudela\u00bb a finales de a\u00f1o con esta original falda de H&amp;M. Un modelo de cuadros vichy que ten\u00eda una abertura en forma redonda a la altura de la rodilla y que combin\u00f3 con complementos en color negro.\n<\/p>\n<p><h3 class=\"voc-detail__title\"> El vestido azul de Alemania<br \/>\n<\/h3>\n<\/p>\n<div class=\"voc-detail-photo-zoom\"><picture data-toggle=\"modal\" data-target=\"#photoZoomModal-57\" target=\"modal\">\n<div class=\"voc-img-icon-link\"><img loading=\"lazy\" data-original=\"\/\/static2.mujerhoy.com\/www\/multimedia\/202212\/27\/media\/cortadas\/reina-letizia-vestido-azul-kogF--460x637@MujerHoy.jpg\" class=\"lazy\" alt=\"La reina Letizia en Alemania. \/ GTRES\"><noscript><img src=\"http:\/\/hoycordobaweb.com\/wp-content\/uploads\/2022\/12\/los-mejores-looks-de-la-reina-letizia-de-2022-los-vestidos-que-mas-han-dado-de-que-hablar-y-que-rejuvenecen-a-los-50-3.jpg\" alt=\"La reina Letizia en Alemania. \/ GTRES\"><\/noscript><i class=\"voc-icons zoom voc-multimedia-box voc-ico-l\"><\/i><\/div><figcaption class=\"figure-caption\">La reina Letizia en Alemania. \/ GTRES<\/figcaption><\/picture><\/div>\n<div id=\"photoZoomModal-57\" class=\"voc-lightbox modal fade voc-lightbox--photo-zoom\" role=\"dialog\" data-voc-photozoom-lightbox>\n<div class=\"voc-lightbox__dialog\" role=\"document\">\n<div class=\"voc-lightbox__content\"><!-- Modal header --><!-- Modal content --><\/p>\n<div class=\"voc-lightbox__photo-container\"><picture class><img loading=\"lazy\" data-original=\"\/\/static2.mujerhoy.com\/www\/multimedia\/202212\/27\/media\/cortadas\/reina-letizia-vestido-azul-kogF--460x637@MujerHoy.jpg\" alt=\"La reina Letizia en Alemania. \/ GTRES\" class=\"lazy\"><noscript><img src=\"http:\/\/hoycordobaweb.com\/wp-content\/uploads\/2022\/12\/los-mejores-looks-de-la-reina-letizia-de-2022-los-vestidos-que-mas-han-dado-de-que-hablar-y-que-rejuvenecen-a-los-50-3.jpg\" alt=\"La reina Letizia en Alemania. \/ GTRES\"><\/noscript><\/picture><\/div>\n<\/div>\n<\/div>\n<\/div>\n<p class=\"voc-paragraph\">Durante el viaje de Estado de Alemania la reina Letizia estren\u00f3 un vestido de Carolina Herrera. Un dise\u00f1o midi con falda ajustada y bajo acabado en l\u00ednea evas\u00e9, que lleva una especie de faj\u00edn fruncido que ajusta la prenda a la figura y que est\u00e1 protagonizado por un cuerpo con manga por encima del codo fruncida en el hombro y escote de tipo oriental.\n<\/p>\n<p><h3 class=\"voc-detail__title\"> El vestido de Zara<br \/>\n<\/h3>\n<\/p>\n<div class=\"voc-detail-photo-zoom\"><picture data-toggle=\"modal\" data-target=\"#photoZoomModal-935\" target=\"modal\">\n<div class=\"voc-img-icon-link\"><img loading=\"lazy\" data-original=\"\/\/static3.mujerhoy.com\/www\/multimedia\/202212\/27\/media\/cortadas\/letizia-vestido-zara-nueva-york-kb1C--460x637@MujerHoy.jpg\" class=\"lazy\" alt=\"La reina Letizia con un vestido de Zara. \/ GTRES\"><noscript><img src=\"http:\/\/hoycordobaweb.com\/wp-content\/uploads\/2022\/12\/los-mejores-looks-de-la-reina-letizia-de-2022-los-vestidos-que-mas-han-dado-de-que-hablar-y-que-rejuvenecen-a-los-50-4.jpg\" alt=\"La reina Letizia con un vestido de Zara. \/ GTRES\"><\/noscript><i class=\"voc-icons zoom voc-multimedia-box voc-ico-l\"><\/i><\/div><figcaption class=\"figure-caption\">La reina Letizia con un vestido de Zara. \/ GTRES<\/figcaption><\/picture><\/div>\n<div id=\"photoZoomModal-935\" class=\"voc-lightbox modal fade voc-lightbox--photo-zoom\" role=\"dialog\" data-voc-photozoom-lightbox>\n<div class=\"voc-lightbox__dialog\" role=\"document\">\n<div class=\"voc-lightbox__content\"><!-- Modal header --><!-- Modal content --><\/p>\n<div class=\"voc-lightbox__photo-container\"><picture class><img loading=\"lazy\" data-original=\"\/\/static3.mujerhoy.com\/www\/multimedia\/202212\/27\/media\/cortadas\/letizia-vestido-zara-nueva-york-kb1C--460x637@MujerHoy.jpg\" alt=\"La reina Letizia con un vestido de Zara. \/ GTRES\" class=\"lazy\"><noscript><img src=\"http:\/\/hoycordobaweb.com\/wp-content\/uploads\/2022\/12\/los-mejores-looks-de-la-reina-letizia-de-2022-los-vestidos-que-mas-han-dado-de-que-hablar-y-que-rejuvenecen-a-los-50-4.jpg\" alt=\"La reina Letizia con un vestido de Zara. \/ GTRES\"><\/noscript><\/picture><\/div>\n<\/div>\n<\/div>\n<\/div>\n<p class=\"voc-paragraph\">El vestido que eligi\u00f3 la reina Letizia para una reuni\u00f3n en Nueva York, donde asiste a varias sesiones convocadas por UNICEF, es un dise\u00f1o en color naranja de Zara, ajustado al cuerpo y sin mangas, que llevaba como \u00fanico adorno una abertura lateral, unos frunces que salen de la cintura y de un hombro y un peque\u00f1o cuello.\n<\/p>\n<p><h3 class=\"voc-detail__title\"> El look del funeral de Isabel II<br \/>\n<\/h3>\n<\/p>\n<div class=\"voc-detail-photo-zoom\"><picture data-toggle=\"modal\" data-target=\"#photoZoomModal-923\" target=\"modal\">\n<div class=\"voc-img-icon-link\"><img loading=\"lazy\" data-original=\"\/\/static1.mujerhoy.com\/www\/multimedia\/202212\/27\/media\/cortadas\/letiza-vestido-funeral-isabel-ii-kb1C--460x637@MujerHoy.jpg\" class=\"lazy\" alt=\"Los reyes en el funeral de Isabel II: \/ GTRES\"><noscript><img src=\"http:\/\/hoycordobaweb.com\/wp-content\/uploads\/2022\/12\/los-mejores-looks-de-la-reina-letizia-de-2022-los-vestidos-que-mas-han-dado-de-que-hablar-y-que-rejuvenecen-a-los-50-5.jpg\" alt=\"Los reyes en el funeral de Isabel II: \/ GTRES\"><\/noscript><i class=\"voc-icons zoom voc-multimedia-box voc-ico-l\"><\/i><\/div><figcaption class=\"figure-caption\">Los reyes en el funeral de Isabel II: \/ GTRES<\/figcaption><\/picture><\/div>\n<div id=\"photoZoomModal-923\" class=\"voc-lightbox modal fade voc-lightbox--photo-zoom\" role=\"dialog\" data-voc-photozoom-lightbox>\n<div class=\"voc-lightbox__dialog\" role=\"document\">\n<div class=\"voc-lightbox__content\"><!-- Modal header --><!-- Modal content --><\/p>\n<div class=\"voc-lightbox__photo-container\"><picture class><img loading=\"lazy\" data-original=\"\/\/static1.mujerhoy.com\/www\/multimedia\/202212\/27\/media\/cortadas\/letiza-vestido-funeral-isabel-ii-kb1C--460x637@MujerHoy.jpg\" alt=\"Los reyes en el funeral de Isabel II: \/ GTRES\" class=\"lazy\"><noscript><img src=\"http:\/\/hoycordobaweb.com\/wp-content\/uploads\/2022\/12\/los-mejores-looks-de-la-reina-letizia-de-2022-los-vestidos-que-mas-han-dado-de-que-hablar-y-que-rejuvenecen-a-los-50-5.jpg\" alt=\"Los reyes en el funeral de Isabel II: \/ GTRES\"><\/noscript><\/picture><\/div>\n<\/div>\n<\/div>\n<\/div>\n<p class=\"voc-paragraph\">A pesar de que era un look protagonizado por el luto, las prendas escogidas para el funeral de Isabel II tambi\u00e9n fueron un \u00e9xito. La reina Letizia deslumbr\u00f3 con un vestido midi, de manga larga, corte ligeramente ajustado y cuello redondo de Carolina Herrera que combin\u00f3 con un tocado de Cherubina.\n<\/p>\n<p><h3 class=\"voc-detail__title\"> El vestido de lentejuelas m\u00e1s sorprendente<br \/>\n<\/h3>\n<\/p>\n<div class=\"voc-detail-photo-zoom\"><picture data-toggle=\"modal\" data-target=\"#photoZoomModal-41\" target=\"modal\">\n<div class=\"voc-img-icon-link\"><img loading=\"lazy\" data-original=\"\/\/static1.mujerhoy.com\/www\/multimedia\/202212\/27\/media\/cortadas\/letizia-vestido-lentejuelas-kb1C--460x637@MujerHoy.jpg\" class=\"lazy\" alt=\"La reina Letizia con un vestido de lentejuelas. \/ GTRES\"><noscript><img src=\"http:\/\/hoycordobaweb.com\/wp-content\/uploads\/2022\/12\/los-mejores-looks-de-la-reina-letizia-de-2022-los-vestidos-que-mas-han-dado-de-que-hablar-y-que-rejuvenecen-a-los-50-6.jpg\" alt=\"La reina Letizia con un vestido de lentejuelas. \/ GTRES\"><\/noscript><i class=\"voc-icons zoom voc-multimedia-box voc-ico-l\"><\/i><\/div><figcaption class=\"figure-caption\">La reina Letizia con un vestido de lentejuelas. \/ GTRES<\/figcaption><\/picture><\/div>\n<div id=\"photoZoomModal-41\" class=\"voc-lightbox modal fade voc-lightbox--photo-zoom\" role=\"dialog\" data-voc-photozoom-lightbox>\n<div class=\"voc-lightbox__dialog\" role=\"document\">\n<div class=\"voc-lightbox__content\"><!-- Modal header --><!-- Modal content --><\/p>\n<div class=\"voc-lightbox__photo-container\"><picture class><img loading=\"lazy\" data-original=\"\/\/static1.mujerhoy.com\/www\/multimedia\/202212\/27\/media\/cortadas\/letizia-vestido-lentejuelas-kb1C--460x637@MujerHoy.jpg\" alt=\"La reina Letizia con un vestido de lentejuelas. \/ GTRES\" class=\"lazy\"><noscript><img src=\"http:\/\/hoycordobaweb.com\/wp-content\/uploads\/2022\/12\/los-mejores-looks-de-la-reina-letizia-de-2022-los-vestidos-que-mas-han-dado-de-que-hablar-y-que-rejuvenecen-a-los-50-6.jpg\" alt=\"La reina Letizia con un vestido de lentejuelas. \/ GTRES\"><\/noscript><\/picture><\/div>\n<\/div>\n<\/div>\n<\/div>\n<p class=\"voc-paragraph\">Nadie se esperaba que para celebrar el 50\u00ba aniversario de investigaci\u00f3n en c\u00e1ncer de la Asociaci\u00f3n Espa\u00f1ola Contra el C\u00e1ncer (AECC) la reina Letizia fuera a lucir este vestido azul noche lleno de lentejuelas tan llamativo y brillante. \u00a1Estaba espectacular!\n<\/p>\n<p><h3 class=\"voc-detail__title\"> El vestido mini de Zara<br \/>\n<\/h3>\n<\/p>\n<div class=\"voc-detail-photo-zoom\"><picture data-toggle=\"modal\" data-target=\"#photoZoomModal-322\" target=\"modal\">\n<div class=\"voc-img-icon-link\"><img loading=\"lazy\" data-original=\"\/\/static.mujerhoy.com\/www\/multimedia\/202212\/27\/media\/cortadas\/leonor-letizia-vestido-zara-kb1C--460x637@MujerHoy.jpg\" class=\"lazy\" alt=\"La princesa Leonor y la reina Letizia con vestidos de ZAra. \/ GTRES\"><noscript><img src=\"http:\/\/hoycordobaweb.com\/wp-content\/uploads\/2022\/12\/los-mejores-looks-de-la-reina-letizia-de-2022-los-vestidos-que-mas-han-dado-de-que-hablar-y-que-rejuvenecen-a-los-50-7.jpg\" alt=\"La princesa Leonor y la reina Letizia con vestidos de ZAra. \/ GTRES\"><\/noscript><i class=\"voc-icons zoom voc-multimedia-box voc-ico-l\"><\/i><\/div><figcaption class=\"figure-caption\">La princesa Leonor y la reina Letizia con vestidos de ZAra. \/ GTRES<\/figcaption><\/picture><\/div>\n<div id=\"photoZoomModal-322\" class=\"voc-lightbox modal fade voc-lightbox--photo-zoom\" role=\"dialog\" data-voc-photozoom-lightbox>\n<div class=\"voc-lightbox__dialog\" role=\"document\">\n<div class=\"voc-lightbox__content\"><!-- Modal header --><!-- Modal content --><\/p>\n<div class=\"voc-lightbox__photo-container\"><picture class><img loading=\"lazy\" data-original=\"\/\/static.mujerhoy.com\/www\/multimedia\/202212\/27\/media\/cortadas\/leonor-letizia-vestido-zara-kb1C--460x637@MujerHoy.jpg\" alt=\"La princesa Leonor y la reina Letizia con vestidos de ZAra. \/ GTRES\" class=\"lazy\"><noscript><img src=\"http:\/\/hoycordobaweb.com\/wp-content\/uploads\/2022\/12\/los-mejores-looks-de-la-reina-letizia-de-2022-los-vestidos-que-mas-han-dado-de-que-hablar-y-que-rejuvenecen-a-los-50-7.jpg\" alt=\"La princesa Leonor y la reina Letizia con vestidos de ZAra. \/ GTRES\"><\/noscript><\/picture><\/div>\n<\/div>\n<\/div>\n<\/div>\n<p class=\"voc-paragraph\">Cuando la reina Letizia recurre al low cost, hay una firma que suele ser protagonista. Y esa es Zara. Y este look que llev\u00f3 durante el verano gener\u00f3 todo tipo de comentarios. Se trataba de un vestido estampado que llev\u00f3 a juego con la princesa Leonor y que sembr\u00f3 la pol\u00e9mica por ser muy corto.\n<\/p>\n<p><h3 class=\"voc-detail__title\"> Su mejor vestido de invitada<br \/>\n<\/h3>\n<\/p>\n<div class=\"voc-detail-photo-zoom\"><picture data-toggle=\"modal\" data-target=\"#photoZoomModal-120\" target=\"modal\">\n<div class=\"voc-img-icon-link\"><img loading=\"lazy\" data-original=\"\/\/static1.mujerhoy.com\/www\/multimedia\/202212\/27\/media\/cortadas\/reina-letizia-vestido-azul-marino-kb1C--460x637@MujerHoy.jpg\" class=\"lazy\" alt=\"La reina Letizia con un vestido azul de invitada. \/ GTRES\"><noscript><img src=\"http:\/\/hoycordobaweb.com\/wp-content\/uploads\/2022\/12\/los-mejores-looks-de-la-reina-letizia-de-2022-los-vestidos-que-mas-han-dado-de-que-hablar-y-que-rejuvenecen-a-los-50-8.jpg\" alt=\"La reina Letizia con un vestido azul de invitada. \/ GTRES\"><\/noscript><i class=\"voc-icons zoom voc-multimedia-box voc-ico-l\"><\/i><\/div><figcaption class=\"figure-caption\">La reina Letizia con un vestido azul de invitada. \/ GTRES<\/figcaption><\/picture><\/div>\n<div id=\"photoZoomModal-120\" class=\"voc-lightbox modal fade voc-lightbox--photo-zoom\" role=\"dialog\" data-voc-photozoom-lightbox>\n<div class=\"voc-lightbox__dialog\" role=\"document\">\n<div class=\"voc-lightbox__content\"><!-- Modal header --><!-- Modal content --><\/p>\n<div class=\"voc-lightbox__photo-container\"><picture class><img loading=\"lazy\" data-original=\"\/\/static1.mujerhoy.com\/www\/multimedia\/202212\/27\/media\/cortadas\/reina-letizia-vestido-azul-marino-kb1C--460x637@MujerHoy.jpg\" alt=\"La reina Letizia con un vestido azul de invitada. \/ GTRES\" class=\"lazy\"><noscript><img src=\"http:\/\/hoycordobaweb.com\/wp-content\/uploads\/2022\/12\/los-mejores-looks-de-la-reina-letizia-de-2022-los-vestidos-que-mas-han-dado-de-que-hablar-y-que-rejuvenecen-a-los-50-8.jpg\" alt=\"La reina Letizia con un vestido azul de invitada. \/ GTRES\"><\/noscript><\/picture><\/div>\n<\/div>\n<\/div>\n<\/div>\n<p class=\"voc-paragraph\">La reina Letizia deslumbr\u00f3 en el acto previo a la entrega de los Premios Princesa de Girona gracias a un vestido midi en color azul marino con la falda midi cruzada y con un escote asim\u00e9trico con hombro al aire adornado con el detalle de un cord\u00f3n de strass. Y era de una firma espa\u00f1ola, en concreto gallega, Bo\u00fcret.\n<\/p>\n<p><h3 class=\"voc-detail__title\"> El vestido blanco de Sfera<br \/>\n<\/h3>\n<\/p>\n<div class=\"voc-detail-photo-zoom\"><picture data-toggle=\"modal\" data-target=\"#photoZoomModal-198\" target=\"modal\">\n<div class=\"voc-img-icon-link\"><img loading=\"lazy\" data-original=\"\/\/static1.mujerhoy.com\/www\/multimedia\/202212\/27\/media\/cortadas\/letizia-vestido-blanco-zapatos-azules-kb1C--460x637@MujerHoy.jpg\" class=\"lazy\" alt=\"Letizia con un vestido de Sfera.\"><noscript><img src=\"http:\/\/hoycordobaweb.com\/wp-content\/uploads\/2022\/12\/los-mejores-looks-de-la-reina-letizia-de-2022-los-vestidos-que-mas-han-dado-de-que-hablar-y-que-rejuvenecen-a-los-50-9.jpg\" alt=\"Letizia con un vestido de Sfera.\"><\/noscript><i class=\"voc-icons zoom voc-multimedia-box voc-ico-l\"><\/i><\/div><figcaption class=\"figure-caption\">Letizia con un vestido de Sfera.<\/figcaption><\/picture><\/div>\n<div id=\"photoZoomModal-198\" class=\"voc-lightbox modal fade voc-lightbox--photo-zoom\" role=\"dialog\" data-voc-photozoom-lightbox>\n<div class=\"voc-lightbox__dialog\" role=\"document\">\n<div class=\"voc-lightbox__content\"><!-- Modal header --><!-- Modal content --><\/p>\n<div class=\"voc-lightbox__photo-container\"><picture class><img loading=\"lazy\" data-original=\"\/\/static1.mujerhoy.com\/www\/multimedia\/202212\/27\/media\/cortadas\/letizia-vestido-blanco-zapatos-azules-kb1C--460x637@MujerHoy.jpg\" alt=\"Letizia con un vestido de Sfera.\" class=\"lazy\"><noscript><img src=\"http:\/\/hoycordobaweb.com\/wp-content\/uploads\/2022\/12\/los-mejores-looks-de-la-reina-letizia-de-2022-los-vestidos-que-mas-han-dado-de-que-hablar-y-que-rejuvenecen-a-los-50-9.jpg\" alt=\"Letizia con un vestido de Sfera.\"><\/noscript><\/picture><\/div>\n<\/div>\n<\/div>\n<\/div>\n<p class=\"voc-paragraph\">La reina Letizia viaj\u00f3 a Cartagena para amadrinar y presidir el acto en el que se ha entregado la Bandera Nacional a la \u00abFuerza de Guerra Naval Especial\u00bb. All\u00ed estren\u00f3 un vestido blanco de encaje de Sfera que le sentaba como un guante, que resaltaba su moreno y que ha combinado con complementos azules.\n<\/p>\n<p><h3 class=\"voc-detail__title\"> El d\u00eda que la reina presumi\u00f3 de abdominales<br \/>\n<\/h3>\n<\/p>\n<div class=\"voc-detail-photo-zoom\"><picture data-toggle=\"modal\" data-target=\"#photoZoomModal-502\" target=\"modal\">\n<div class=\"voc-img-icon-link\"><img loading=\"lazy\" data-original=\"\/\/static.mujerhoy.com\/www\/multimedia\/202212\/27\/media\/cortadas\/reina-letizia-vestido-cut-out-abdominales-kb1C--460x637@MujerHoy.jpg\" class=\"lazy\" alt=\"La reina con un vestido rosa cut-out. \/ GTRES\"><noscript><img src=\"http:\/\/hoycordobaweb.com\/wp-content\/uploads\/2022\/12\/los-mejores-looks-de-la-reina-letizia-de-2022-los-vestidos-que-mas-han-dado-de-que-hablar-y-que-rejuvenecen-a-los-50-10.jpg\" alt=\"La reina con un vestido rosa cut-out. \/ GTRES\"><\/noscript><i class=\"voc-icons zoom voc-multimedia-box voc-ico-l\"><\/i><\/div><figcaption class=\"figure-caption\">La reina con un vestido rosa cut-out. \/ GTRES<\/figcaption><\/picture><\/div>\n<div id=\"photoZoomModal-502\" class=\"voc-lightbox modal fade voc-lightbox--photo-zoom\" role=\"dialog\" data-voc-photozoom-lightbox>\n<div class=\"voc-lightbox__dialog\" role=\"document\">\n<div class=\"voc-lightbox__content\"><!-- Modal header --><!-- Modal content --><\/p>\n<div class=\"voc-lightbox__photo-container\"><picture class><img loading=\"lazy\" data-original=\"\/\/static.mujerhoy.com\/www\/multimedia\/202212\/27\/media\/cortadas\/reina-letizia-vestido-cut-out-abdominales-kb1C--460x637@MujerHoy.jpg\" alt=\"La reina con un vestido rosa cut-out. \/ GTRES\" class=\"lazy\"><noscript><img src=\"http:\/\/hoycordobaweb.com\/wp-content\/uploads\/2022\/12\/los-mejores-looks-de-la-reina-letizia-de-2022-los-vestidos-que-mas-han-dado-de-que-hablar-y-que-rejuvenecen-a-los-50-10.jpg\" alt=\"La reina con un vestido rosa cut-out. \/ GTRES\"><\/noscript><\/picture><\/div>\n<\/div>\n<\/div>\n<\/div>\n<p class=\"voc-paragraph\">Que la reina tiene una figura escultural es algo que ha demostrado en varias ocasiones. Sin embargo, para un acto de de la Cruz Roja, la monarca fue un paso m\u00e1s all\u00e1 y se uni\u00f3 a la tendencia cut-out con este vestido rosa de Serendipia con aberturas en el vientre.\n<\/p>\n<p><h3 class=\"voc-detail__title\"> El vestido de Mango repetido<br \/>\n<\/h3>\n<\/p>\n<div class=\"voc-detail-photo-zoom\"><picture data-toggle=\"modal\" data-target=\"#photoZoomModal-524\" target=\"modal\">\n<div class=\"voc-img-icon-link\"><img loading=\"lazy\" data-original=\"\/\/static2.mujerhoy.com\/www\/multimedia\/202212\/27\/media\/cortadas\/letizia-vestido-mango-midi-kb1C--460x637@MujerHoy.jpg\" class=\"lazy\" alt=\"La reina Letizia coincidi\u00f3 con un vestido de Mango. \/ GTRES\"><noscript><img src=\"http:\/\/hoycordobaweb.com\/wp-content\/uploads\/2022\/12\/los-mejores-looks-de-la-reina-letizia-de-2022-los-vestidos-que-mas-han-dado-de-que-hablar-y-que-rejuvenecen-a-los-50-11.jpg\" alt=\"La reina Letizia coincidi\u00f3 con un vestido de Mango. \/ GTRES\"><\/noscript><i class=\"voc-icons zoom voc-multimedia-box voc-ico-l\"><\/i><\/div><figcaption class=\"figure-caption\">La reina Letizia coincidi\u00f3 con un vestido de Mango. \/ GTRES<\/figcaption><\/picture><\/div>\n<div id=\"photoZoomModal-524\" class=\"voc-lightbox modal fade voc-lightbox--photo-zoom\" role=\"dialog\" data-voc-photozoom-lightbox>\n<div class=\"voc-lightbox__dialog\" role=\"document\">\n<div class=\"voc-lightbox__content\"><!-- Modal header --><!-- Modal content --><\/p>\n<div class=\"voc-lightbox__photo-container\"><picture class><img loading=\"lazy\" data-original=\"\/\/static2.mujerhoy.com\/www\/multimedia\/202212\/27\/media\/cortadas\/letizia-vestido-mango-midi-kb1C--460x637@MujerHoy.jpg\" alt=\"La reina Letizia coincidi\u00f3 con un vestido de Mango. \/ GTRES\" class=\"lazy\"><noscript><img src=\"http:\/\/hoycordobaweb.com\/wp-content\/uploads\/2022\/12\/los-mejores-looks-de-la-reina-letizia-de-2022-los-vestidos-que-mas-han-dado-de-que-hablar-y-que-rejuvenecen-a-los-50-11.jpg\" alt=\"La reina Letizia coincidi\u00f3 con un vestido de Mango. \/ GTRES\"><\/noscript><\/picture><\/div>\n<\/div>\n<\/div>\n<\/div>\n<p class=\"voc-paragraph\">El momento m\u00e1s divertido de la reina Letizia en 2022 fue cuando asisti\u00f3 a una entrega de premios y coincidi\u00f3 con el mismo look con una de las premiadas. Se trataba de un vestido bicolor de Mango que no tard\u00f3 en hacerse viral y que protagoniz\u00f3 este encontronazo que ambas se tomaron con humor.\n<\/p>\n<p><h3 class=\"voc-detail__title\"> La m\u00e1s elegante en funeral del duque de Edimburgo<br \/>\n<\/h3>\n<\/p>\n<div class=\"voc-detail-photo-zoom\"><picture data-toggle=\"modal\" data-target=\"#photoZoomModal-506\" target=\"modal\">\n<div class=\"voc-img-icon-link\"><img loading=\"lazy\" data-original=\"\/\/static3.mujerhoy.com\/www\/multimedia\/202212\/27\/media\/cortadas\/letizia-look-londres-misa-funeral-duque-edimburgo-kb1C--460x637@MujerHoy.jpg\" class=\"lazy\" alt=\"La reina Letizia con un vestido verde. \/ GTRES\"><noscript><img src=\"http:\/\/hoycordobaweb.com\/wp-content\/uploads\/2022\/12\/los-mejores-looks-de-la-reina-letizia-de-2022-los-vestidos-que-mas-han-dado-de-que-hablar-y-que-rejuvenecen-a-los-50-12.jpg\" alt=\"La reina Letizia con un vestido verde. \/ GTRES\"><\/noscript><i class=\"voc-icons zoom voc-multimedia-box voc-ico-l\"><\/i><\/div><figcaption class=\"figure-caption\">La reina Letizia con un vestido verde. \/ GTRES<\/figcaption><\/picture><\/div>\n<div id=\"photoZoomModal-506\" class=\"voc-lightbox modal fade voc-lightbox--photo-zoom\" role=\"dialog\" data-voc-photozoom-lightbox>\n<div class=\"voc-lightbox__dialog\" role=\"document\">\n<div class=\"voc-lightbox__content\"><!-- Modal header --><!-- Modal content --><\/p>\n<div class=\"voc-lightbox__photo-container\"><picture class><img loading=\"lazy\" data-original=\"\/\/static3.mujerhoy.com\/www\/multimedia\/202212\/27\/media\/cortadas\/letizia-look-londres-misa-funeral-duque-edimburgo-kb1C--460x637@MujerHoy.jpg\" alt=\"La reina Letizia con un vestido verde. \/ GTRES\" class=\"lazy\"><noscript><img src=\"http:\/\/hoycordobaweb.com\/wp-content\/uploads\/2022\/12\/los-mejores-looks-de-la-reina-letizia-de-2022-los-vestidos-que-mas-han-dado-de-que-hablar-y-que-rejuvenecen-a-los-50-12.jpg\" alt=\"La reina Letizia con un vestido verde. \/ GTRES\"><\/noscript><\/picture><\/div>\n<\/div>\n<\/div>\n<\/div>\n<p class=\"voc-paragraph\">Los looks internacionales de la reina Letizia suelen ser los mejores y m\u00e1s cuando se trata de hacerle la competencia a la realeza brit\u00e1nica. As\u00ed lo demostr\u00f3 en la misa de acci\u00f3n de gracias por el primer aniversario del fallecimiento del duque de Edimburgo. Luci\u00f3 un vestido tipo abrigo con dise\u00f1o cruzado y cuello con solapas en color verde botella que acompa\u00f1\u00f3 de un tocado.\n<\/p>\n<p><h3 class=\"voc-detail__title\"> El vestido que ha heredado de la reina Sof\u00eda<br \/>\n<\/h3>\n<\/p>\n<div class=\"voc-detail-photo-zoom\"><picture data-toggle=\"modal\" data-target=\"#photoZoomModal-481\" target=\"modal\">\n<div class=\"voc-img-icon-link\"><img loading=\"lazy\" data-original=\"\/\/static.mujerhoy.com\/www\/multimedia\/202212\/27\/media\/cortadas\/reina-letizia-espana-vestido-impresionante-recepcion-cuerpo-diplomatico-polemica-criticas-kb1C--460x637@MujerHoy.jpg\" class=\"lazy\" alt=\"La reina Letizia con un vestido de do\u00f1a Sof\u00eda. \/ GTRES\"><noscript><img src=\"http:\/\/hoycordobaweb.com\/wp-content\/uploads\/2022\/12\/los-mejores-looks-de-la-reina-letizia-de-2022-los-vestidos-que-mas-han-dado-de-que-hablar-y-que-rejuvenecen-a-los-50-13.jpg\" alt=\"La reina Letizia con un vestido de do\u00f1a Sof\u00eda. \/ GTRES\"><\/noscript><i class=\"voc-icons zoom voc-multimedia-box voc-ico-l\"><\/i><\/div><figcaption class=\"figure-caption\">La reina Letizia con un vestido de do\u00f1a Sof\u00eda. \/ GTRES<\/figcaption><\/picture><\/div>\n<div id=\"photoZoomModal-481\" class=\"voc-lightbox modal fade voc-lightbox--photo-zoom\" role=\"dialog\" data-voc-photozoom-lightbox>\n<div class=\"voc-lightbox__dialog\" role=\"document\">\n<div class=\"voc-lightbox__content\"><!-- Modal header --><!-- Modal content --><\/p>\n<div class=\"voc-lightbox__photo-container\"><picture class><img loading=\"lazy\" data-original=\"\/\/static.mujerhoy.com\/www\/multimedia\/202212\/27\/media\/cortadas\/reina-letizia-espana-vestido-impresionante-recepcion-cuerpo-diplomatico-polemica-criticas-kb1C--460x637@MujerHoy.jpg\" alt=\"La reina Letizia con un vestido de do\u00f1a Sof\u00eda. \/ GTRES\" class=\"lazy\"><noscript><img src=\"http:\/\/hoycordobaweb.com\/wp-content\/uploads\/2022\/12\/los-mejores-looks-de-la-reina-letizia-de-2022-los-vestidos-que-mas-han-dado-de-que-hablar-y-que-rejuvenecen-a-los-50-13.jpg\" alt=\"La reina Letizia con un vestido de do\u00f1a Sof\u00eda. \/ GTRES\"><\/noscript><\/picture><\/div>\n<\/div>\n<\/div>\n<\/div>\n<p class=\"voc-paragraph\">En 2022 la reina Letizia ha lucido varias piezas de la reina em\u00e9rita. Nuestra favorita es la que llev\u00f3 en la recepci\u00f3n anual al Cuerpo Diplom\u00e1tico acreditado en Espa\u00f1a. Se trata de un dise\u00f1o de blusa de organza bordada con flores en tonos rosas y maxi falda de seda verde hierba. En concreto, es un antiguo vestido de Valentino que la Reina Sof\u00eda estren\u00f3 en 1977.\n<\/p>\n<p><!-- TOPICS --><\/p>\n","protected":false},"excerpt":{"rendered":"<p>A pocos d\u00edas de que termine el 2022, repasamos los mejores looks de la que es una de las mujeres m\u00e1s elegantes de nuestro pa\u00eds: la reina Letizia. La monarca es nuestra mejor embajadora en cuanto a estilo se refiere y sus outfits que combinan ese estilo cl\u00e1sico con prendas tendencia mucho m\u00e1s sofisticadas la [&hellip;]<\/p>\n","protected":false},"author":1,"featured_media":53289,"comment_status":"closed","ping_status":"closed","sticky":false,"template":"","format":"standard","meta":[],"categories":[1],"tags":[],"_links":{"self":[{"href":"http:\/\/hoycordobaweb.com\/index.php\/wp-json\/wp\/v2\/posts\/53288"}],"collection":[{"href":"http:\/\/hoycordobaweb.com\/index.php\/wp-json\/wp\/v2\/posts"}],"about":[{"href":"http:\/\/hoycordobaweb.com\/index.php\/wp-json\/wp\/v2\/types\/post"}],"author":[{"embeddable":true,"href":"http:\/\/hoycordobaweb.com\/index.php\/wp-json\/wp\/v2\/users\/1"}],"replies":[{"embeddable":true,"href":"http:\/\/hoycordobaweb.com\/index.php\/wp-json\/wp\/v2\/comments?post=53288"}],"version-history":[{"count":0,"href":"http:\/\/hoycordobaweb.com\/index.php\/wp-json\/wp\/v2\/posts\/53288\/revisions"}],"wp:featuredmedia":[{"embeddable":true,"href":"http:\/\/hoycordobaweb.com\/index.php\/wp-json\/wp\/v2\/media\/53289"}],"wp:attachment":[{"href":"http:\/\/hoycordobaweb.com\/index.php\/wp-json\/wp\/v2\/media?parent=53288"}],"wp:term":[{"taxonomy":"category","embeddable":true,"href":"http:\/\/hoycordobaweb.com\/index.php\/wp-json\/wp\/v2\/categories?post=53288"},{"taxonomy":"post_tag","embeddable":true,"href":"http:\/\/hoycordobaweb.com\/index.php\/wp-json\/wp\/v2\/tags?post=53288"}],"curies":[{"name":"wp","href":"https:\/\/api.w.org\/{rel}","templated":true}]}}